{"id":369699,"date":"2025-09-06T03:35:10","date_gmt":"2025-09-06T03:35:10","guid":{"rendered":"https:\/\/www.europesays.com\/fr\/369699\/"},"modified":"2025-09-06T03:35:10","modified_gmt":"2025-09-06T03:35:10","slug":"lancement-de-la-5e-promotion-des-cadets-de-la-gendarmerie-dille-et-vilaine","status":"publish","type":"post","link":"https:\/\/www.europesays.com\/fr\/369699\/","title":{"rendered":"Lancement de la 5e\u00a0promotion des cadets\u00a0de la gendarmerie d\u2019Ille-et-Vilaine"},"content":{"rendered":"<p>Fin ao\u00fbt\u00a02025 \u00e0 Rennes, boulevard Clemenceau, 22\u00a0jeunes bretilliens ayant choisi de compl\u00e9ter leur cycle de Service national universel (SNU). Ils se sont retrouv\u00e9s \u00e0 la caserne Guillaudot pour int\u00e9grer la cinqui\u00e8me promotion annuelle de l\u2019association des Cadets du Groupement de gendarmerie d\u00e9partementale d\u2019Ille-et-Vilaine.<\/p>\n<p>Des m\u00e9tiers multiples et vari\u00e9s<\/p>\n<p>\u00a0Durant toute la semaine, ils ont pu b\u00e9n\u00e9ficier d\u2019un premier regard sur l\u2019institution. Ils ont visit\u00e9 des unit\u00e9s de s\u00e9curit\u00e9 routi\u00e8re, de gendarmerie mobile, de renseignement judiciaire, de recrutement, de protection des familles, d\u2019intervention, territoriale (brigade de Betton), des transports a\u00e9riens et enfin, d\u2019investigations cynophiles\u00a0 d\u00e9taille le colonel (R) Xavier Prioul, pr\u00e9sident de l\u2019association.<\/p>\n<p>Parmi les stagiaires, Alexandra Marmoiton, 18\u00a0ans, \u00e9tudiante et cessonnaise. \u00a0J\u2019ai choisi de postuler apr\u00e8s mon SNU, pour avoir une exp\u00e9rience suppl\u00e9mentaire. Sans parent ou ami militaire, j\u2019avais n\u00e9anmoins un int\u00e9r\u00eat pour ce milieu. Int\u00e9grer les cadets m\u2019a sembl\u00e9 une bonne id\u00e9e. J\u2019ai trouv\u00e9 cette semaine g\u00e9niale, avec des rencontres formidables et la d\u00e9couverte de multiples m\u00e9tiers\u00a0.<\/p>\n<p><strong>Contact\u00a0:<\/strong> Groupement de gendarmerie d\u00e9partementale d\u2019Ille-et-Vilaine, 85, boulevard Clemenceau \u00e0 Rennes, t\u00e9l.\u00a002\u00a099\u00a032\u00a053\u00a043, contact@cadetsgendarmerie35.fr<\/p>\n<p>\u00a0<\/p>\n","protected":false},"excerpt":{"rendered":"Fin ao\u00fbt\u00a02025 \u00e0 Rennes, boulevard Clemenceau, 22\u00a0jeunes bretilliens ayant choisi de compl\u00e9ter leur cycle de Service national universel&hellip;\n","protected":false},"author":2,"featured_media":369700,"comment_status":"","ping_status":"","sticky":false,"template":"","format":"standard","meta":{"footnotes":""},"categories":[2821],"tags":[26517,1111,11,829,20149,1777,674,1011,27,3381,848,32722,12,704,3086,584,25],"class_list":{"0":"post-369699","1":"post","2":"type-post","3":"status-publish","4":"format-standard","5":"has-post-thumbnail","7":"category-rennes","8":"tag-5e","9":"tag-actu","10":"tag-actualites","11":"tag-bretagne","12":"tag-cadets","13":"tag-eu","14":"tag-europe","15":"tag-fr","16":"tag-france","17":"tag-gendarmerie","18":"tag-ille-et-vilaine","19":"tag-lancement","20":"tag-news","21":"tag-promotion","22":"tag-redon","23":"tag-rennes","24":"tag-republique-francaise"},"share_on_mastodon":{"url":"https:\/\/pubeurope.com\/@fr\/115155260091805996","error":""},"_links":{"self":[{"href":"https:\/\/www.europesays.com\/fr\/wp-json\/wp\/v2\/posts\/369699","targetHints":{"allow":["GET"]}}],"collection":[{"href":"https:\/\/www.europesays.com\/fr\/wp-json\/wp\/v2\/posts"}],"about":[{"href":"https:\/\/www.europesays.com\/fr\/wp-json\/wp\/v2\/types\/post"}],"author":[{"embeddable":true,"href":"https:\/\/www.europesays.com\/fr\/wp-json\/wp\/v2\/users\/2"}],"replies":[{"embeddable":true,"href":"https:\/\/www.europesays.com\/fr\/wp-json\/wp\/v2\/comments?post=369699"}],"version-history":[{"count":0,"href":"https:\/\/www.europesays.com\/fr\/wp-json\/wp\/v2\/posts\/369699\/revisions"}],"wp:featuredmedia":[{"embeddable":true,"href":"https:\/\/www.europesays.com\/fr\/wp-json\/wp\/v2\/media\/369700"}],"wp:attachment":[{"href":"https:\/\/www.europesays.com\/fr\/wp-json\/wp\/v2\/media?parent=369699"}],"wp:term":[{"taxonomy":"category","embeddable":true,"href":"https:\/\/www.europesays.com\/fr\/wp-json\/wp\/v2\/categories?post=369699"},{"taxonomy":"post_tag","embeddable":true,"href":"https:\/\/www.europesays.com\/fr\/wp-json\/wp\/v2\/tags?post=369699"}],"curies":[{"name":"wp","href":"https:\/\/api.w.org\/{rel}","templated":true}]}}