{"id":369710,"date":"2025-09-06T03:43:43","date_gmt":"2025-09-06T03:43:43","guid":{"rendered":"https:\/\/www.europesays.com\/fr\/369710\/"},"modified":"2025-09-06T03:43:43","modified_gmt":"2025-09-06T03:43:43","slug":"lms-nantes-accroche-nimes-simpose-toulouse-chute","status":"publish","type":"post","link":"https:\/\/www.europesays.com\/fr\/369710\/","title":{"rendered":"LMS | Nantes accroch\u00e9, N\u00eemes s\u2019impose, Toulouse chute"},"content":{"rendered":"<p>                <img loading=\"lazy\" decoding=\"async\" class=\"size-full wp-image-327469\" src=\"https:\/\/www.europesays.com\/fr\/wp-content\/uploads\/2025\/09\/J01_Chambery-Nantes@teamchambe_LaurentTheophile-8.jpg\" alt=\"\" width=\"1000\" height=\"667\"\/>IVAN PESIC (HBC Nantes)<\/p>\n<p style=\"text-align: justify;\" data-start=\"170\" data-end=\"401\"><strong>La premi\u00e8re journ\u00e9e de championnat a r\u00e9serv\u00e9 son lot de surprises. Chamb\u00e9ry a tenu t\u00eate \u00e0 Nantes dans un match fou, N\u00eemes a r\u00e9sist\u00e9 \u00e0 Istres dans une bataille serr\u00e9e et Tremblay a sign\u00e9 la belle op\u00e9ration du soir face \u00e0 Toulouse.<\/strong><\/p>\n<p style=\"text-align: justify;\" data-start=\"403\" data-end=\"1472\">Un d\u00e9but de saison plein de rebondissements. Du c\u00f4t\u00e9 du Phare de <strong>Chamb\u00e9ry<\/strong>, <strong>Nantes<\/strong> se d\u00e9pla\u00e7ait avec un objectif clair et affich\u00e9 pour la derni\u00e8re danse de son capitaine <strong>Valero Rivera<\/strong> qui \u00e0 \u00e9t\u00e9 mis \u00e0 l&rsquo;honneur avant le d\u00e9but du match : d\u00e9crocher le titre de champion de France. Et cet objectif devait d\u00e9marrer d\u00e8s cette premi\u00e8re journ\u00e9e par une victoire, mais la machine lig\u00e9rienne s\u2019est enray\u00e9e.<\/p>\n<p><img loading=\"lazy\" decoding=\"async\" class=\"size-full wp-image-327491\" src=\"https:\/\/www.europesays.com\/fr\/wp-content\/uploads\/2025\/09\/J01_Chambery-Nantes@teamchambe_LaurentTheophile.jpg\" alt=\"\" width=\"1000\" height=\"667\"\/>VALERO RIVERA FOLCH (HBC Nantes)<\/p>\n<p style=\"text-align: justify;\" data-start=\"403\" data-end=\"1472\"><br data-start=\"748\" data-end=\"751\"\/>Absents en d\u00e9but de match, les Nantais regardent impuissants les vagues chamb\u00e9riennes se succ\u00e9der (3-0, 4\u2019). Sans paniquer, Nantes parvient \u00e0 revenir dans la partie et \u00e0 faire jeu \u00e9gal avec Chamb\u00e9ry jusqu\u2019\u00e0 la 15e minute. Profitant d\u2019une disette offensive nantaise, <strong>Elio Zammit<\/strong> a brill\u00e9 pour sa premi\u00e8re (12\/14), bien \u00e9paul\u00e9 par <strong>\u00c9milien Peyronnet<\/strong> (5\/6), permettant \u00e0 Chamb\u00e9ry de consolider un \u00e9cart de +2 dans un Phare en fusion.<\/p>\n<p style=\"text-align: justify;\" data-start=\"403\" data-end=\"1472\"><br data-start=\"1180\" data-end=\"1183\"\/>En manque d\u2019inspiration sur la base arri\u00e8re, Nantes tente de faire tourner, en vain. En fin de premi\u00e8re mi-temps, les Lig\u00e9riens recollent (14-14, 26\u2019), avant de perdre des ballons pr\u00e9cieux et de subir un \u00e9clat, laissant les locaux filer avec quatre buts d\u2019avance \u00e0 la pause (18-14, 30\u2019).<\/p>\n<p>Des absences qui p\u00e8sent lourd<\/p>\n<p style=\"text-align: justify;\" data-start=\"1510\" data-end=\"2772\">Nantes a souffert de l\u2019absence de <strong>Romain Lagarde<\/strong> et du MVP de la saison derni\u00e8re, <strong>Thibaud Briet<\/strong>. Importants en attaque mais surtout essentiels en d\u00e9fense, leurs manques se sont fait sentir. Les Chamb\u00e9riens, eux, se sont relay\u00e9s pour faire plier la d\u00e9fense nantaise, avec en t\u00eate de file<strong> Lucas Van\u00e8gue<\/strong>, auteur d&rsquo;un grand match (7\/9).<\/p>\n<p style=\"text-align: justify;\" data-start=\"1510\" data-end=\"2772\"><br data-start=\"1889\" data-end=\"1892\"\/>L\u2019issue du match semblait se dessiner (31-26, 52\u2019), mais \u00e0 bout de souffle, Chamb\u00e9ry commence \u00e0 rendre des munitions que les Nantais exploitent. Plus pr\u00e9cis en attaque, solides en d\u00e9fense et port\u00e9s par les quelques rares arr\u00eats de leurs gardiens (7\/41, 17 % d\u2019arr\u00eats), les visiteurs recollent dans le money time (27-27, 57\u2019). Sur leur lanc\u00e9e, et gr\u00e2ce \u00e0 une copie parfaite du jeune <strong>Noam Leopold<\/strong> (9\/9 dont un 7\/7 sur 7 m), ils passent m\u00eame devant (33-34, 59\u2019) et auront la balle pour r\u00e9aliser la bonne op\u00e9ration. Mais, \u00e0 l\u2019image de leur match, confus, ils tombent sur<strong> Valentin Kieffer<\/strong>, grand artisan du r\u00e9sultat chamb\u00e9rien (12\/40, 30 % d&rsquo;arr\u00eats), et laissent finalement les deux \u00e9quipes se quitter dos \u00e0 dos au coup de sifflet final (34-34).<\/p>\n<p style=\"text-align: justify;\" data-start=\"1510\" data-end=\"2772\"><br data-start=\"2644\" data-end=\"2647\"\/>Un point perdu d\u00e8s la premi\u00e8re journ\u00e9e pour <strong>le \u201cH\u201d<\/strong>, qui pourrait bien peser lourd dans cette course \u00e0 trois qui se dessine\u2026<\/p>\n<p><img loading=\"lazy\" decoding=\"async\" class=\"size-large wp-image-319054\" src=\"https:\/\/www.europesays.com\/fr\/wp-content\/uploads\/2025\/09\/IMG_7562-1024x681.jpeg\" alt=\"\" width=\"1024\" height=\"681\"\/>Wesley Pardin (USAM) &#8211; Cr\u00e9dit photo : Manon Combaluzier<br \/>\nN\u00eemes s\u2019arrache face \u00e0 Istres<\/p>\n<p style=\"text-align: justify;\" data-start=\"2810\" data-end=\"3431\">\u00c0 300 km de l\u00e0, au Parnasse, le suspense \u00e9tait \u00e9galement de mise. <strong>N\u00eemes<\/strong> et <strong>Istres<\/strong> se sont livr\u00e9s une rude bataille (29-28). La premi\u00e8re mi-temps laisse place \u00e0 un mano a mano o\u00f9 aucune des deux \u00e9quipes ne prend l\u2019avantage (15-15, 30\u2019).<\/p>\n<p style=\"text-align: justify;\" data-start=\"2810\" data-end=\"3431\"><br data-start=\"3045\" data-end=\"3048\"\/>La seconde p\u00e9riode repart sur les m\u00eames bases, et ce n\u2019est qu\u2019au milieu du deuxi\u00e8me acte que N\u00eemes parvient \u00e0 creuser un \u00e9cart, comptant jusqu&rsquo;\u00e0 trois buts de handball (29-26, 56\u2019), notamment gr\u00e2ce \u00e0 un <strong>Wesley Pardin<\/strong> qui avait ferm\u00e9 la maison (17\/43, 38 % d&rsquo;arr\u00eats). Malgr\u00e9 un dernier temps mort demand\u00e9 par<strong> Bastien Cismondo<\/strong>, Istres n\u2019a jamais r\u00e9ussi \u00e0 recoller, jetant ses derni\u00e8res forces dans la bataille, en vain\u2026<\/p>\n<p><img loading=\"lazy\" decoding=\"async\" class=\"size-full wp-image-327494\" src=\"https:\/\/www.europesays.com\/fr\/wp-content\/uploads\/2025\/09\/Tremblay-Toulouse-LMS-J1-05.09.2025-8619.jpg\" alt=\"\" width=\"900\" height=\"600\"\/>Tremblay HB<br \/>\nTremblay signe la belle op\u00e9ration<\/p>\n<p style=\"text-align: justify;\" data-start=\"3473\" data-end=\"4314\">La tr\u00e8s belle op\u00e9ration de la soir\u00e9e est pour <strong>Tremblay<\/strong>. Apr\u00e8s un premier match officiel <a href=\"https:\/\/handnews.fr\/2025\/cdf-m-saran-cournon-et-frontingnan-creent-la-surprise\/\" target=\"_blank\" rel=\"noopener\">compliqu\u00e9 en Coupe de France<\/a>, les Tremblaysiens ont montr\u00e9 un tout autre visage.<br data-start=\"3636\" data-end=\"3639\"\/>Bien que le d\u00e9but de match ait \u00e9t\u00e9 accroch\u00e9 (8-5, 17\u2019, 10-9, 25\u2019), les Franciliens ont progressivement creus\u00e9 l\u2019\u00e9cart et ne laisseront plus jamais <strong>Toulouse<\/strong> revenir (13-10, 30\u2019). En seconde p\u00e9riode, le collectif tremblaysien brille : <strong>Rubens Pierre<\/strong> se montre infranchissable (15\/31, 47 % d&rsquo;arr\u00eats), tandis que les joueurs de champ se r\u00e9partissent de mani\u00e8re homog\u00e8ne les buts.<\/p>\n<p style=\"text-align: justify;\" data-start=\"3473\" data-end=\"4314\"><br data-start=\"3984\" data-end=\"3987\"\/>Jamais inqui\u00e9t\u00e9s, les locaux compteront jusqu\u2019\u00e0 10 longueurs d\u2019avance (29-19, 50\u2019). Seul <strong>Simon Moller<\/strong>, valeureux malgr\u00e9 la d\u00e9route (13\/32, 41% d&rsquo;arr\u00eats), \u00e9vite une correction encore plus lourde aux Toulousains. Tremblay s\u2019impose largement, tandis que Toulouse devra tenter de se relancer d\u00e8s la semaine prochaine \u00e0 Nantes&#8230;<\/p>\n<p style=\"text-align: justify;\" data-start=\"3473\" data-end=\"4314\">\u00a0 \u00a0 \u00a0 \u00a0 \u00a0 \u00a0 \u00a0 \u00a0 \u00a0 \u00a0 \u00a0 \u00a0 \u00a0 \u00a0 \u00a0 \u00a0 \u00a0 \u00a0 \u00a0 \u00a0 \u00a0 \u00a0 \u00a0 \u00a0 \u00a0 \u00a0 \u00a0 \u00a0 \u00a0 \u00a0 \u00a0 \u00a0 \u00a0 \u00a0 \u00a0 \u00a0 \u00a0 \u00a0 \u00a0 \u00a0 \u00a0 \u00a0 \u00a0 \u00a0 \u00a0 \u00a0 \u00a0 \u00a0 \u00a0 \u00a0 \u00a0 \u00a0 \u00a0 \u00a0 \u00a0 \u00a0 \u00a0 \u00a0 \u00a0 \u00a0 \u00a0 \u00a0 \u00a0 \u00a0 \u00a0 \u00a0 \u00a0 \u00a0 \u00a0 Ilann Thuel<\/p>\n","protected":false},"excerpt":{"rendered":"IVAN PESIC (HBC Nantes) La premi\u00e8re journ\u00e9e de championnat a r\u00e9serv\u00e9 son lot de surprises. Chamb\u00e9ry a tenu&hellip;\n","protected":false},"author":2,"featured_media":369711,"comment_status":"","ping_status":"","sticky":false,"template":"","format":"standard","meta":{"footnotes":""},"categories":[2818],"tags":[1111,11,50398,50399,50400,1777,674,1011,27,50401,766,12,45965,2636,25,50402,50403,50404,50405,50406,4344,50407],"class_list":{"0":"post-369710","1":"post","2":"type-post","3":"status-publish","4":"format-standard","5":"has-post-thumbnail","7":"category-nantes","8":"tag-actu","9":"tag-actualites","10":"tag-bastien-cismondo","11":"tag-elio-zammit","12":"tag-emilien-peyronnet","13":"tag-eu","14":"tag-europe","15":"tag-fr","16":"tag-france","17":"tag-ivan-pesic","18":"tag-nantes","19":"tag-news","20":"tag-noam-leopold","21":"tag-pays-de-la-loire","22":"tag-republique-francaise","23":"tag-romain-lagarde","24":"tag-rubens-pierre","25":"tag-simon-moller","26":"tag-thibaud-briet","27":"tag-valentin-kieffer","28":"tag-valero-rivera","29":"tag-wesley-pardin"},"share_on_mastodon":{"url":"https:\/\/pubeurope.com\/@fr\/115155292331997741","error":""},"_links":{"self":[{"href":"https:\/\/www.europesays.com\/fr\/wp-json\/wp\/v2\/posts\/369710","targetHints":{"allow":["GET"]}}],"collection":[{"href":"https:\/\/www.europesays.com\/fr\/wp-json\/wp\/v2\/posts"}],"about":[{"href":"https:\/\/www.europesays.com\/fr\/wp-json\/wp\/v2\/types\/post"}],"author":[{"embeddable":true,"href":"https:\/\/www.europesays.com\/fr\/wp-json\/wp\/v2\/users\/2"}],"replies":[{"embeddable":true,"href":"https:\/\/www.europesays.com\/fr\/wp-json\/wp\/v2\/comments?post=369710"}],"version-history":[{"count":0,"href":"https:\/\/www.europesays.com\/fr\/wp-json\/wp\/v2\/posts\/369710\/revisions"}],"wp:featuredmedia":[{"embeddable":true,"href":"https:\/\/www.europesays.com\/fr\/wp-json\/wp\/v2\/media\/369711"}],"wp:attachment":[{"href":"https:\/\/www.europesays.com\/fr\/wp-json\/wp\/v2\/media?parent=369710"}],"wp:term":[{"taxonomy":"category","embeddable":true,"href":"https:\/\/www.europesays.com\/fr\/wp-json\/wp\/v2\/categories?post=369710"},{"taxonomy":"post_tag","embeddable":true,"href":"https:\/\/www.europesays.com\/fr\/wp-json\/wp\/v2\/tags?post=369710"}],"curies":[{"name":"wp","href":"https:\/\/api.w.org\/{rel}","templated":true}]}}