{"id":369712,"date":"2025-09-06T03:44:10","date_gmt":"2025-09-06T03:44:10","guid":{"rendered":"https:\/\/www.europesays.com\/fr\/369712\/"},"modified":"2025-09-06T03:44:10","modified_gmt":"2025-09-06T03:44:10","slug":"grande-collecte-de-sang-ladepeche-fr","status":"publish","type":"post","link":"https:\/\/www.europesays.com\/fr\/369712\/","title":{"rendered":"Grande collecte de sang &#8211; ladepeche.fr"},"content":{"rendered":"<p>Ce samedi, le th\u00e9\u00e2tre des Cordeliers accueille la grande collecte de sang \u00ab\u00a0Mon Sang Pour Les Autres\u00a0\u00bb, organis\u00e9e par l\u2019\u00c9tablissement fran\u00e7ais du sang (EFS) et le Rotary Albi Lap\u00e9rouse. Apr\u00e8s un \u00e9t\u00e9 marqu\u00e9 par une baisse des r\u00e9serves, l\u2019appel \u00e0 la solidarit\u00e9 est urgent : les organisateurs visent au moins 150 donneurs en une seule journ\u00e9e.<\/p>\n<p>Le don s\u2019accompagnera d\u2019animations vari\u00e9es : initiation au basket 3&#215;3, formation aux gestes de premiers secours avec la Protection civile, exposition de voitures anciennes par le Tarn R\u00e9tro Auto Club, ou encore des shows de danse assur\u00e9s par l\u2019AJDR. Les majorettes des Street Ladies arpenteront aussi le centre-ville pour inviter les volontaires \u00e0 franchir le pas.<\/p>\n<p>Le geste est simple mais pr\u00e9cieux et pour participer, il faut \u00eatre \u00e2g\u00e9 de 18 \u00e0 70 ans, peser plus de 50 kg, se pr\u00e9senter avec une pi\u00e8ce d\u2019identit\u00e9, arriver bien hydrat\u00e9 et ne pas \u00eatre \u00e0 jeun.<\/p>\n","protected":false},"excerpt":{"rendered":"Ce samedi, le th\u00e9\u00e2tre des Cordeliers accueille la grande collecte de sang \u00ab\u00a0Mon Sang Pour Les Autres\u00a0\u00bb, organis\u00e9e&hellip;\n","protected":false},"author":2,"featured_media":369713,"comment_status":"","ping_status":"","sticky":false,"template":"","format":"standard","meta":{"footnotes":""},"categories":[2817],"tags":[1111,11,1997,1777,674,1011,27,12,2219,25],"class_list":{"0":"post-369712","1":"post","2":"type-post","3":"status-publish","4":"format-standard","5":"has-post-thumbnail","7":"category-bordeaux","8":"tag-actu","9":"tag-actualites","10":"tag-bordeaux","11":"tag-eu","12":"tag-europe","13":"tag-fr","14":"tag-france","15":"tag-news","16":"tag-nouvelle-aquitaine","17":"tag-republique-francaise"},"share_on_mastodon":{"url":"https:\/\/pubeurope.com\/@fr\/115155295546247895","error":""},"_links":{"self":[{"href":"https:\/\/www.europesays.com\/fr\/wp-json\/wp\/v2\/posts\/369712","targetHints":{"allow":["GET"]}}],"collection":[{"href":"https:\/\/www.europesays.com\/fr\/wp-json\/wp\/v2\/posts"}],"about":[{"href":"https:\/\/www.europesays.com\/fr\/wp-json\/wp\/v2\/types\/post"}],"author":[{"embeddable":true,"href":"https:\/\/www.europesays.com\/fr\/wp-json\/wp\/v2\/users\/2"}],"replies":[{"embeddable":true,"href":"https:\/\/www.europesays.com\/fr\/wp-json\/wp\/v2\/comments?post=369712"}],"version-history":[{"count":0,"href":"https:\/\/www.europesays.com\/fr\/wp-json\/wp\/v2\/posts\/369712\/revisions"}],"wp:featuredmedia":[{"embeddable":true,"href":"https:\/\/www.europesays.com\/fr\/wp-json\/wp\/v2\/media\/369713"}],"wp:attachment":[{"href":"https:\/\/www.europesays.com\/fr\/wp-json\/wp\/v2\/media?parent=369712"}],"wp:term":[{"taxonomy":"category","embeddable":true,"href":"https:\/\/www.europesays.com\/fr\/wp-json\/wp\/v2\/categories?post=369712"},{"taxonomy":"post_tag","embeddable":true,"href":"https:\/\/www.europesays.com\/fr\/wp-json\/wp\/v2\/tags?post=369712"}],"curies":[{"name":"wp","href":"https:\/\/api.w.org\/{rel}","templated":true}]}}