{"id":369714,"date":"2025-09-06T03:45:33","date_gmt":"2025-09-06T03:45:33","guid":{"rendered":"https:\/\/www.europesays.com\/fr\/369714\/"},"modified":"2025-09-06T03:45:33","modified_gmt":"2025-09-06T03:45:33","slug":"sil-nest-pas-encore-candidat-le-maire-ecologiste-de-bordeaux-pierre-hurmic-a-pris-sa-decision","status":"publish","type":"post","link":"https:\/\/www.europesays.com\/fr\/369714\/","title":{"rendered":"s\u2019il n\u2019est pas encore candidat, le maire \u00e9cologiste de Bordeaux Pierre Hurmic a \u00abpris sa d\u00e9cision\u00bb"},"content":{"rendered":"<p>Lors de sa rentr\u00e9e politique, jeudi, Pierre Hurmic, a d\u00e9clar\u00e9 vouloir tenir Bordeaux \u00abhors du chaos politique\u00bb national et international.<\/p>\n<p class=\"fig-paragraph\">Le maire \u00e9cologiste de Bordeaux, Pierre Hurmic, a fait sa rentr\u00e9e politique jeudi. L\u2019\u00e9cologiste, qui avait cr\u00e9\u00e9 la surprise en prenant le fief d\u2019Alain Jupp\u00e9 \u00e0 la droite en 2020, n\u2019a toujours pas confirm\u00e9 s\u2019il briguerait un nouveau mandat en mars prochain. Toutefois, il indique \u00abavoir pris sa d\u00e9cision\u00bb et \u00eatre d\u00e9termin\u00e9 \u00e0 se battre pour tenir Bordeaux \u00ab\u00e0 l\u2019\u00e9cart du chaos\u00bb.<\/p>\n<p class=\"fig-paragraph\">C\u2019est ainsi qu\u2019il a commenc\u00e9 son discours par une critique envers les \u00abdirigeants des grandes puissances qui jettent le monde dans la course \u00e0 l\u2019armement\u00bb alors que \u00abla maison br\u00fble\u00bb et que \u00abl\u2019humanit\u00e9 devrait faire front commun pour l\u2019avenir des enfants\u00bb.<\/p>\n<p>                                    <a class=\"fig-a11y-skip a11y-hidden\" href=\"#fig-a11y-skip-main-inarticle\"><br \/>\n        Passer la publicit\u00e9<br \/>\n    <\/a><\/p>\n<p>\u00abAgir \u00e0 Bordeaux plut\u00f4t que discourir \u00e0 Paris\u00bb<\/p>\n<p class=\"fig-paragraph\">Engag\u00e9 dans la lutte contre le d\u00e9r\u00e8glement climatique, \u00ab<a href=\"http:\/\/www.lefigaro.fr\/bordeaux\/je-suis-le-maire-de-bordeaux-et-du-bordeaux-l-ecologiste-pierre-hurmic-s-engage-pour-la-vente-du-vin-au-verre-20250331\" data-fig-type=\"NewsFlash\" data-gtm-custom-categorie=\"navigation\" data-gtm-custom-action=\"crossclick\" data-gtm-custom-label=\"Contextuel\" data-gtm-event=\"customEventSPE\" data-fig-domain=\"LEFIGARO\" target=\"_blank\" rel=\"noopener\">le maire de Bordeaux et du bordeaux<\/a> \u00bb a rappel\u00e9 la primaut\u00e9 des collectivit\u00e9s territoriales pour \u00absuppl\u00e9er les carences d\u2019un \u00c9tat d\u00e9faillant\u00bb \u00e0 l\u2019heure o\u00f9 l\u2019instabilit\u00e9 gouvernementale plonge la France dans le \u00abchaos politique\u00bb. \u00abC\u2019est \u00e0 nous qu\u2019il incombe d\u2019agir, au moment m\u00eame o\u00f9 nos moyens d\u2019action sont menac\u00e9s par l\u2019incertitude qui p\u00e8se sur le budget du pays\u00bb, a insist\u00e9 le premier magistrat de la ville. Avant de pr\u00e9ciser\u00a0: \u00abJe crois dur comme fer qu\u2019en changeant nos villes nous pouvons changer le monde.\u202fJ\u2019y crois encore plus au moment o\u00f9 la politique nationale, dont je me tiens volontairement \u00e0 l\u2019\u00e9cart en pr\u00e9f\u00e9rant faire \u00e0 Bordeaux que discourir \u00e0 Paris, est atteint d\u2019un grave et inqui\u00e9tant discr\u00e9dit\u00bb.<\/p>\n<p class=\"fig-paragraph\">De son c\u00f4t\u00e9, l\u2019opposition s\u2019organise pour ravir la ville aux \u00e9cologistes. Quelques heures auparavant, la conseill\u00e8re municipale\u00a0<a href=\"http:\/\/www.lefigaro.fr\/bordeaux\/municipales-2026-a-bordeaux-le-depute-thomas-cazenave-s-allie-avec-alexandra-siarri-pour-renverser-les-ecologistes-20250904\" data-fig-type=\"NewsFlash\" data-gtm-custom-categorie=\"navigation\" data-gtm-custom-action=\"crossclick\" data-gtm-custom-label=\"Contextuel\" data-gtm-event=\"customEventSPE\" data-fig-domain=\"LEFIGARO\" target=\"_blank\" rel=\"noopener\">Alexandra Siarri a annonc\u00e9 renoncer<\/a>\u00a0\u00e0 sa candidature pour soutenir le d\u00e9put\u00e9 Thomas Cazenave, qui souhaite r\u00e9unir derri\u00e8re son nom la droite et le centre.<\/p>\n","protected":false},"excerpt":{"rendered":"Lors de sa rentr\u00e9e politique, jeudi, Pierre Hurmic, a d\u00e9clar\u00e9 vouloir tenir Bordeaux \u00abhors du chaos politique\u00bb national&hellip;\n","protected":false},"author":2,"featured_media":369715,"comment_status":"","ping_status":"","sticky":false,"template":"","format":"standard","meta":{"footnotes":""},"categories":[2817],"tags":[1111,11,1997,4188,1777,674,1011,27,7372,12,2219,25],"class_list":{"0":"post-369714","1":"post","2":"type-post","3":"status-publish","4":"format-standard","5":"has-post-thumbnail","7":"category-bordeaux","8":"tag-actu","9":"tag-actualites","10":"tag-bordeaux","11":"tag-elections-municipales","12":"tag-eu","13":"tag-europe","14":"tag-fr","15":"tag-france","16":"tag-mairie-de-bordeaux","17":"tag-news","18":"tag-nouvelle-aquitaine","19":"tag-republique-francaise"},"share_on_mastodon":{"url":"https:\/\/pubeurope.com\/@fr\/115155299531091188","error":""},"_links":{"self":[{"href":"https:\/\/www.europesays.com\/fr\/wp-json\/wp\/v2\/posts\/369714","targetHints":{"allow":["GET"]}}],"collection":[{"href":"https:\/\/www.europesays.com\/fr\/wp-json\/wp\/v2\/posts"}],"about":[{"href":"https:\/\/www.europesays.com\/fr\/wp-json\/wp\/v2\/types\/post"}],"author":[{"embeddable":true,"href":"https:\/\/www.europesays.com\/fr\/wp-json\/wp\/v2\/users\/2"}],"replies":[{"embeddable":true,"href":"https:\/\/www.europesays.com\/fr\/wp-json\/wp\/v2\/comments?post=369714"}],"version-history":[{"count":0,"href":"https:\/\/www.europesays.com\/fr\/wp-json\/wp\/v2\/posts\/369714\/revisions"}],"wp:featuredmedia":[{"embeddable":true,"href":"https:\/\/www.europesays.com\/fr\/wp-json\/wp\/v2\/media\/369715"}],"wp:attachment":[{"href":"https:\/\/www.europesays.com\/fr\/wp-json\/wp\/v2\/media?parent=369714"}],"wp:term":[{"taxonomy":"category","embeddable":true,"href":"https:\/\/www.europesays.com\/fr\/wp-json\/wp\/v2\/categories?post=369714"},{"taxonomy":"post_tag","embeddable":true,"href":"https:\/\/www.europesays.com\/fr\/wp-json\/wp\/v2\/tags?post=369714"}],"curies":[{"name":"wp","href":"https:\/\/api.w.org\/{rel}","templated":true}]}}