{"id":369716,"date":"2025-09-06T03:46:21","date_gmt":"2025-09-06T03:46:21","guid":{"rendered":"https:\/\/www.europesays.com\/fr\/369716\/"},"modified":"2025-09-06T03:46:21","modified_gmt":"2025-09-06T03:46:21","slug":"le-peripherique-toulousain-ferme-ponctuellement-voici-les-conditions-de-circulation","status":"publish","type":"post","link":"https:\/\/www.europesays.com\/fr\/369716\/","title":{"rendered":"Le p\u00e9riph\u00e9rique toulousain ferm\u00e9 ponctuellement, voici les conditions de circulation"},"content":{"rendered":"<p>Comment \u00e9viter la fausse route ? Dans le cadre du d\u00e9veloppement du r\u00e9seau de transports en commun de <a href=\"https:\/\/lopinion.com\/\" rel=\"noopener noreferrer nofollow\" target=\"_blank\">Toulouse<\/a> M\u00e9tropole, <a href=\"https:\/\/lopinion.com\/articles\/actualite\/30062_ligne-c-toulouse-incident-bonnefoy-tisseo-relogement-travaux\" rel=\"noopener noreferrer nofollow\" target=\"_blank\">Tiss\u00e9o poursuit les travaux de la future ligne C du m\u00e9tro<\/a>, celle qui devrait, d&rsquo;ici 2028, permettre aux Toulousains de rejoindre Colomiers ou Lab\u00e8ge depuis le centre-ville.<\/p>\n<p>De ce fait, au vu de l&rsquo;envergure du chantier, <strong>des op\u00e9rations au niveau de l\u2019ouvrage de franchissement de l\u2019A61<\/strong>, situ\u00e9 entre les \u00e9changeurs du Palays (n\u00b019) et de Montaudran (n\u00b018), n\u00e9cessiteront donc <strong>des fermetures ponctuelles des voies du p\u00e9riph\u00e9rique<\/strong>.<\/p>\n<p>Des itin\u00e9raires de d\u00e9viation mis en place<\/p>\n<p>Afin de limiter la g\u00eane aux conducteurs, les travaux seront r\u00e9alis\u00e9s <strong>au cours des nuits du lundi 8 au jeudi 11 septembre 2025 <\/strong>; et pas de panique, des itin\u00e9raires de d\u00e9viation seront mis en place.<\/p>\n<ul>\n<li><strong>La nuit du lundi 8 septembre 2025<\/strong>, entre 21 heures et 6 heures le lendemain, <strong>le p\u00e9riph\u00e9rique est (A61) sera ferm\u00e9 en direction de Bordeaux entre la barri\u00e8re de Toulouse sud et le Palays (n\u00b019)<\/strong>. La bretelle d\u2019entr\u00e9e de Lab\u00e8ge (RD916) en direction de Bordeaux sera ferm\u00e9e entre 20h30 et 6 heures le lendemain.<\/li>\n<\/ul>\n<p><strong>En cons\u00e9quence<\/strong> : les conducteurs circulant sur l\u2019A61 en direction de Bordeaux devront obligatoirement emprunter le p\u00e9riph\u00e9rique ouest (A620) en direction de Blagnac\/Tarbes. Ensuite, les voitures seront invit\u00e9es \u00e0 sortir au Palays (n\u00b019) et les poids-lourds \u00e0 Lespinet (n\u00b020) pour emprunter le r\u00e9seau secondaire et reprendre le p\u00e9riph\u00e9rique, en direction Bordeaux, \u00e0 Montaudran (n\u00b018).<\/p>\n<ul>\n<li><strong>La nuit du mardi 9 septembre 2025<\/strong>, entre 21 heures et 6 heures le lendemain, le p\u00e9riph\u00e9rique est (A61) sera ferm\u00e9 en direction de Bordeaux, entre la barri\u00e8re de Toulouse sud et Montaudran (n\u00b018). <strong>Le p\u00e9riph\u00e9rique ouest (A620) sera \u00e9galement ferm\u00e9 en direction de Montpellier, entre le Palays (n\u00b019) et la barri\u00e8re de Toulouse sud<\/strong>. L\u2019acc\u00e8s au p\u00e9riph\u00e9rique est (A61) depuis le p\u00e9riph\u00e9rique ouest (A620) et le secteur de Ramonville ne sera pas possible.<\/li>\n<\/ul>\n<p>En <strong>cons\u00e9quence<\/strong> : les conducteurs circulant sur l\u2019A61 en direction de Bordeaux devront obligatoirement emprunter le p\u00e9riph\u00e9rique ouest (A620) en direction de Blagnac\/Tarbes ; en provenance du p\u00e9riph\u00e9rique ouest (A620) et en direction de bordeaux, les conducteurs seront invit\u00e9s \u00e0 sortir au Palays (n\u00b019) et emprunter le r\u00e9seau secondaire jusqu\u2019\u00e0 l\u2019\u00e9changeur de Montaudran (n\u00b018) ; en provenance du p\u00e9riph\u00e9rique ouest (A620) et en direction de Montpellier, les conducteurs seront invit\u00e9s \u00e0 sortir au Palays (n\u00b019) pour reprendre l\u2019autoroute A61 \u00e0 l\u2019\u00e9changeur de Montgiscard (n\u00b019.1), via le r\u00e9seau secondaire.<\/p>\n<ul>\n<li><strong>La nuit du mercredi 10 septembre 2025<\/strong>, entre 20h30 et 6 heures le lendemain, <strong>la bretelle de sortie de l\u2019\u00e9changeur du Palays (n\u00b019) sera ferm\u00e9e en direction de Montpellier ainsi que la bifurcation vers le p\u00e9riph\u00e9rique int\u00e9rieur<\/strong>.<\/li>\n<\/ul>\n<p>En <strong>cons\u00e9quence<\/strong> : les conducteurs seront invit\u00e9s \u00e0 prendre la sortie du Palays (n\u00b019.a) en direction de Lab\u00e8ge.<\/p>\n<ul>\n<li><strong>La nuit du jeudi 11 septembre 2025<\/strong>, entre 21 heures et 6 heures le lendemain, le p\u00e9riph\u00e9rique est (A61) sera ferm\u00e9 en direction de Montpellier entre Montaudran (n\u00b018) et le Palays (n\u00b019). La bretelle d\u2019entr\u00e9e de Montaudran (n\u00b018) ne sera pas accessible entre 20h30 et 6 heures le lendemain.<\/li>\n<\/ul>\n<p>En <strong>cons\u00e9quence<\/strong> : les conducteurs circulant sur le p\u00e9riph\u00e9rique en direction de Montpellier ou de Tarbes seront invit\u00e9s \u00e0 sortir \u00e0 Montaudran (n\u00b018) et emprunter le r\u00e9seau secondaire jusqu\u2019\u00e0 l\u2019\u00e9changeur du Palays (n\u00b019) pour les voitures et Lespinet (n\u00b020) pour les poids-lourd.<\/p>\n<p>&gt;&gt; \u00c0 LIRE AUSSI : <a href=\"https:\/\/lopinion.com\/articles\/actualite\/30092_ete-2025-troisieme-plus-chaud-enregistre-meteo-france-1900\" rel=\"noopener noreferrer nofollow\" target=\"_blank\">L&rsquo;\u00e9t\u00e9 2025 est le troisi\u00e8me plus chaud jamais enregistr\u00e9 par M\u00e9t\u00e9o-France depuis 1900<\/a><\/p>\n","protected":false},"excerpt":{"rendered":"Comment \u00e9viter la fausse route ? Dans le cadre du d\u00e9veloppement du r\u00e9seau de transports en commun de&hellip;\n","protected":false},"author":2,"featured_media":369717,"comment_status":"","ping_status":"","sticky":false,"template":"","format":"standard","meta":{"footnotes":""},"categories":[2816],"tags":[1111,11,1777,674,1011,27,12,2680,25,2312],"class_list":{"0":"post-369716","1":"post","2":"type-post","3":"status-publish","4":"format-standard","5":"has-post-thumbnail","7":"category-toulouse","8":"tag-actu","9":"tag-actualites","10":"tag-eu","11":"tag-europe","12":"tag-fr","13":"tag-france","14":"tag-news","15":"tag-occitanie","16":"tag-republique-francaise","17":"tag-toulouse"},"share_on_mastodon":{"url":"https:\/\/pubeurope.com\/@fr\/115155303359857402","error":""},"_links":{"self":[{"href":"https:\/\/www.europesays.com\/fr\/wp-json\/wp\/v2\/posts\/369716","targetHints":{"allow":["GET"]}}],"collection":[{"href":"https:\/\/www.europesays.com\/fr\/wp-json\/wp\/v2\/posts"}],"about":[{"href":"https:\/\/www.europesays.com\/fr\/wp-json\/wp\/v2\/types\/post"}],"author":[{"embeddable":true,"href":"https:\/\/www.europesays.com\/fr\/wp-json\/wp\/v2\/users\/2"}],"replies":[{"embeddable":true,"href":"https:\/\/www.europesays.com\/fr\/wp-json\/wp\/v2\/comments?post=369716"}],"version-history":[{"count":0,"href":"https:\/\/www.europesays.com\/fr\/wp-json\/wp\/v2\/posts\/369716\/revisions"}],"wp:featuredmedia":[{"embeddable":true,"href":"https:\/\/www.europesays.com\/fr\/wp-json\/wp\/v2\/media\/369717"}],"wp:attachment":[{"href":"https:\/\/www.europesays.com\/fr\/wp-json\/wp\/v2\/media?parent=369716"}],"wp:term":[{"taxonomy":"category","embeddable":true,"href":"https:\/\/www.europesays.com\/fr\/wp-json\/wp\/v2\/categories?post=369716"},{"taxonomy":"post_tag","embeddable":true,"href":"https:\/\/www.europesays.com\/fr\/wp-json\/wp\/v2\/tags?post=369716"}],"curies":[{"name":"wp","href":"https:\/\/api.w.org\/{rel}","templated":true}]}}