{"id":369718,"date":"2025-09-06T03:47:10","date_gmt":"2025-09-06T03:47:10","guid":{"rendered":"https:\/\/www.europesays.com\/fr\/369718\/"},"modified":"2025-09-06T03:47:10","modified_gmt":"2025-09-06T03:47:10","slug":"toulouse-seconde-ligue-feminine-un-nouveau-statut-a-assumer-pour-le-tfc","status":"publish","type":"post","link":"https:\/\/www.europesays.com\/fr\/369718\/","title":{"rendered":"Toulouse. Seconde Ligue f\u00e9minine : un nouveau statut \u00e0 assumer pour le TFC"},"content":{"rendered":"<p>\n                                                                    l&rsquo;essentiel<br \/>\n                                                                Troisi\u00e8mes la saison pass\u00e9e, les Toulousaines esp\u00e8rent au moins faire aussi bien. Mais elles restent humbles.\n                            <\/p>\n<p>\u00ab\u00a0On sort d\u2019une belle saison. Donc on se projette forc\u00e9ment avec beaucoup d\u2019ambitions pour ce nouvel exercice.\u00a0\u00bb Capitaine des Violettes, Lou Jum\u00e8re pr\u00e9sente ainsi le TFC version 2025-2026. \u00ab\u00a0Mais la saison est longue, elle ne se jouera pas que sur deux ou trois matchs. La r\u00e9gularit\u00e9 va bien \u00e9videmment compter\u00a0\u00bb, poursuit-elle. <\/p>\n<p>Concernant l\u2019effectif, Marie Cimatti, Nivine Ali Abdallah, Sonia Roumiga, Marine Genet, Hortense Garcia-Carrette et Krystal Ettien ne font plus partie du groupe. \u00c0 l\u2019inverse, Fiona Bogi (Saint-\u00c9tienne), Sol\u00e8ne Champagnac (Saint-\u00c9tienne) et Laura Riquelme (Villareal, Espagne) sont arriv\u00e9es dans la Ville rose. \u00ab\u00a0Par rapport \u00e0 notre pr\u00e9paration, sur le plan humain, nous sommes dans la continuit\u00e9 de la pr\u00e9c\u00e9dente saison. Tout se passe bien au sein du groupe. Les recrues ont eu une int\u00e9gration rapide. Sur le plan technique, avec nos matchs amicaux, on a affront\u00e9 des \u00e9quipes qui avaient des styles diff\u00e9rents. Je pense que l\u2019on peut encore monter en puissance\u00a0\u00bb, r\u00e9sume la capitaine.<\/p>\n<p>Un d\u00e9placement au Mans demain apr\u00e8s-midi<\/p>\n<p>Pour l\u2019ouverture du championnat, les Toulousaines joueront demain (13 heures) sur la pelouse du Mans. Quant \u00e0 leur premier rendez-vous \u00e0 domicile, elles devront attendre le 21 septembre face aux promues auxerroises. <\/p>\n<p>A noter que les troupes d\u2019Antoine G\u00e9rard joueront aussi cette saison la nouvelle Coupe LFFP (l\u2019\u00e9quivalent de la Coupe de la Ligue) avec pour la phase de groupes une escale \u00e0 Rodez (Second Ligue) le 13 septembre et les r\u00e9ceptions de Montpellier (11 octobre) et de l\u2019OM (15 novembre), pensionnaires de l\u2019\u00e9lite. \u00ab\u00a0Cette nouvelle Coupe est une tr\u00e8s bonne chose\u00a0\u00bb, assure la capitaine.<\/p>\n","protected":false},"excerpt":{"rendered":"l&rsquo;essentiel Troisi\u00e8mes la saison pass\u00e9e, les Toulousaines esp\u00e8rent au moins faire aussi bien. Mais elles restent humbles. \u00ab\u00a0On&hellip;\n","protected":false},"author":2,"featured_media":369719,"comment_status":"","ping_status":"","sticky":false,"template":"","format":"standard","meta":{"footnotes":""},"categories":[2816],"tags":[1111,11,1777,674,1011,27,12,2680,25,2312],"class_list":{"0":"post-369718","1":"post","2":"type-post","3":"status-publish","4":"format-standard","5":"has-post-thumbnail","7":"category-toulouse","8":"tag-actu","9":"tag-actualites","10":"tag-eu","11":"tag-europe","12":"tag-fr","13":"tag-france","14":"tag-news","15":"tag-occitanie","16":"tag-republique-francaise","17":"tag-toulouse"},"share_on_mastodon":{"url":"https:\/\/pubeurope.com\/@fr\/115155307277391133","error":""},"_links":{"self":[{"href":"https:\/\/www.europesays.com\/fr\/wp-json\/wp\/v2\/posts\/369718","targetHints":{"allow":["GET"]}}],"collection":[{"href":"https:\/\/www.europesays.com\/fr\/wp-json\/wp\/v2\/posts"}],"about":[{"href":"https:\/\/www.europesays.com\/fr\/wp-json\/wp\/v2\/types\/post"}],"author":[{"embeddable":true,"href":"https:\/\/www.europesays.com\/fr\/wp-json\/wp\/v2\/users\/2"}],"replies":[{"embeddable":true,"href":"https:\/\/www.europesays.com\/fr\/wp-json\/wp\/v2\/comments?post=369718"}],"version-history":[{"count":0,"href":"https:\/\/www.europesays.com\/fr\/wp-json\/wp\/v2\/posts\/369718\/revisions"}],"wp:featuredmedia":[{"embeddable":true,"href":"https:\/\/www.europesays.com\/fr\/wp-json\/wp\/v2\/media\/369719"}],"wp:attachment":[{"href":"https:\/\/www.europesays.com\/fr\/wp-json\/wp\/v2\/media?parent=369718"}],"wp:term":[{"taxonomy":"category","embeddable":true,"href":"https:\/\/www.europesays.com\/fr\/wp-json\/wp\/v2\/categories?post=369718"},{"taxonomy":"post_tag","embeddable":true,"href":"https:\/\/www.europesays.com\/fr\/wp-json\/wp\/v2\/tags?post=369718"}],"curies":[{"name":"wp","href":"https:\/\/api.w.org\/{rel}","templated":true}]}}