{"id":369720,"date":"2025-09-06T03:49:15","date_gmt":"2025-09-06T03:49:15","guid":{"rendered":"https:\/\/www.europesays.com\/fr\/369720\/"},"modified":"2025-09-06T03:49:15","modified_gmt":"2025-09-06T03:49:15","slug":"vivez-les-premieres-heures-du-plus-grand-vide-grenier-deurope","status":"publish","type":"post","link":"https:\/\/www.europesays.com\/fr\/369720\/","title":{"rendered":"Vivez les premi\u00e8res heures du plus grand vide-grenier d&rsquo;Europe"},"content":{"rendered":"<p class=\"article__intro\">La braderie a commenc\u00e9 ! Nous vous faisons vivre cette journ\u00e9e en direct. Ce samedi 6 septembre 2025, top d\u00e9part pour deux jours de festivit\u00e9s, de bonnes affaires et moules frites \u00e0 gogo. Jusqu&rsquo;\u00e0 19 heures, nous vous faisons vivre le plus grand vide-grenier d&rsquo;Europe.<\/p>\n<p>\n      L\u2019actu des r\u00e9gions\n    <\/p>\n<p>\n      Chaque jour, un tour d\u2019horizon des principales infos de toutes les r\u00e9gions.\n    <\/p>\n<p>    France T\u00e9l\u00e9visions utilise votre adresse e-mail afin de vous envoyer la newsletter \u00ab\u00a0L\u2019actu des r\u00e9gions\u00a0\u00bb. Vous pouvez vous d\u00e9sinscrire \u00e0 tout moment via le lien en bas de cette newsletter. <a target=\"_blank\" href=\"https:\/\/www.francetelevisions.fr\/groupe\/confidentialite\/politique-de-confidentialite\/politique-de-confidentialite-de-france-televisions-6503\" rel=\"nofollow noopener\">Notre politique de confidentialit\u00e9<\/a><\/p>\n<p>\u00c7a y est, vous l&rsquo;attendiez depuis pr\u00e8s d&rsquo;un an, la braderie de Lille est de retour. Samedi 6 et dimanche 7 septembre 2025, la f\u00eate promet d&rsquo;\u00eatre belle. Pour cette premi\u00e8re journ\u00e9e, nos \u00e9quipes vous font vivre cet \u00e9v\u00e8nement en direct. C&rsquo;est parti !<\/p>\n<p>Deux jours de festivit\u00e9s et des kilom\u00e8tres de stands dans la ville. Antiquaires, man\u00e8ges, associations et prix cass\u00e9s. La braderie de Lille, c&rsquo;est 2,5 millions de visiteurs attendus, soit l&rsquo;\u00e9quivalent de 31 stades de France pleins.<\/p>\n<ul>\n<li>Des directs dans diff\u00e9rents lieux embl\u00e9matiques<\/li>\n<li>Des rencontres\u00a0incroyables<\/li>\n<li>Des achats insolites<\/li>\n<li>La plus grande chenille synchronis\u00e9e<\/li>\n<li>Des moments de festivit\u00e9s<\/li>\n<li>Une rentr\u00e9e politique<\/li>\n<li>Des moules frites<\/li>\n<li>Et bien d&rsquo;autres choses&#8230;<\/li>\n<\/ul>\n<p>La braderie de Lille commence, mais comment s&rsquo;y rendre ? Le plus vaste vide-grenier d\u2019Europe se trouve \u00e0 quelques minutes des deux principales gares lilloises (Lille Flandres et Lille Europe). Un dispositif ferroviaire sp\u00e9cial a \u00e9t\u00e9 planifi\u00e9.<\/p>\n<p>Pour ce week-end exceptionnel, Il\u00e9via adapte ses horaires. Par exemple, du samedi 6 septembre 5 h au dimanche 7 septembre 00 h 30, les transports circuleront non-stop.<\/p>\n<p>En voiture, la solution du covoiturage est privil\u00e9gi\u00e9e. Partagez votre trajet pour \u00e9conomiser, \u00e9changer et r\u00e9duire votre empreinte carbone. De nombreux parkings sont accessibles aux alentours de la ville et de la Braderie, il vous suffit de rejoindre l&rsquo;\u00e9v\u00e9nement gr\u00e2ce aux transports en commun.<\/p>\n<p>Vous \u00eates bien arriv\u00e9s ? Que le direct commence !<\/p>\n<p><strong>Suivez notre direct :<\/strong><\/p>\n<p>                    Braderie de Lille 2025<\/p>\n<p>                        Du 6 septembre<br \/>\n                        au 7 septembre 2025<\/p>\n<p>Un \u00e9v\u00e9nement organis\u00e9 le week-end du 6 et 7 septembre 2025 dans la capitale des Flandres, \u00e0 Lille et totalisant pr\u00e8s de 80 km d&rsquo;\u00e9tals, c&rsquo;est tout simplement la plus grande braderie d&rsquo;Europe. Chineurs, brocanteurs et visiteurs du Nord, de Belgique et d&rsquo;ailleurs seront \u00e0 l&rsquo;affut de bonnes affaires dans ce bric-\u00e0-brac grandeur XXL, \u00e0 la rencontre des brocanteurs, sans oublier l&rsquo;immanquable moules frites toujours au rendez-vous. Photo : Sebastien Courdji \/ Xinhua News Agency\/Newscom\/MaxPPP<\/p>\n<p>                voir plus<\/p>\n<p>\n                Lieu de l\u2019\u00e9v\u00e9nement:<br \/>\n                Lille\n            <\/p>\n<p>\t\t\t\t\t\t\t\t\t\t\t\t\t\t\t\t\t\t\t\t\t\t\t\t\t<a class=\"btn btn--primary btn--large event_redirect btn--on-white\" href=\"https:\/\/france3-regions.franceinfo.fr\/sorties-loisirs\/evenements\/fetes-locales\/braderie-lille\" aria-label=\"Braderie de Lille 2025. Voir la page de l\u2019\u00e9v\u00e9nement\" rel=\"nofollow noopener\" target=\"_blank\"><\/p>\n<p>              Voir la page de l\u2019\u00e9v\u00e9nement<\/p>\n<p>\t<\/a><\/p>\n","protected":false},"excerpt":{"rendered":"La braderie a commenc\u00e9 ! Nous vous faisons vivre cette journ\u00e9e en direct. Ce samedi 6 septembre 2025,&hellip;\n","protected":false},"author":2,"featured_media":369721,"comment_status":"","ping_status":"","sticky":false,"template":"","format":"standard","meta":{"footnotes":""},"categories":[2815],"tags":[1111,11,1777,674,1011,27,811,1307,12,25],"class_list":{"0":"post-369720","1":"post","2":"type-post","3":"status-publish","4":"format-standard","5":"has-post-thumbnail","7":"category-lille","8":"tag-actu","9":"tag-actualites","10":"tag-eu","11":"tag-europe","12":"tag-fr","13":"tag-france","14":"tag-hauts-de-france","15":"tag-lille","16":"tag-news","17":"tag-republique-francaise"},"share_on_mastodon":{"url":"https:\/\/pubeurope.com\/@fr\/115155315239281574","error":""},"_links":{"self":[{"href":"https:\/\/www.europesays.com\/fr\/wp-json\/wp\/v2\/posts\/369720","targetHints":{"allow":["GET"]}}],"collection":[{"href":"https:\/\/www.europesays.com\/fr\/wp-json\/wp\/v2\/posts"}],"about":[{"href":"https:\/\/www.europesays.com\/fr\/wp-json\/wp\/v2\/types\/post"}],"author":[{"embeddable":true,"href":"https:\/\/www.europesays.com\/fr\/wp-json\/wp\/v2\/users\/2"}],"replies":[{"embeddable":true,"href":"https:\/\/www.europesays.com\/fr\/wp-json\/wp\/v2\/comments?post=369720"}],"version-history":[{"count":0,"href":"https:\/\/www.europesays.com\/fr\/wp-json\/wp\/v2\/posts\/369720\/revisions"}],"wp:featuredmedia":[{"embeddable":true,"href":"https:\/\/www.europesays.com\/fr\/wp-json\/wp\/v2\/media\/369721"}],"wp:attachment":[{"href":"https:\/\/www.europesays.com\/fr\/wp-json\/wp\/v2\/media?parent=369720"}],"wp:term":[{"taxonomy":"category","embeddable":true,"href":"https:\/\/www.europesays.com\/fr\/wp-json\/wp\/v2\/categories?post=369720"},{"taxonomy":"post_tag","embeddable":true,"href":"https:\/\/www.europesays.com\/fr\/wp-json\/wp\/v2\/tags?post=369720"}],"curies":[{"name":"wp","href":"https:\/\/api.w.org\/{rel}","templated":true}]}}