{"id":369722,"date":"2025-09-06T03:50:15","date_gmt":"2025-09-06T03:50:15","guid":{"rendered":"https:\/\/www.europesays.com\/fr\/369722\/"},"modified":"2025-09-06T03:50:15","modified_gmt":"2025-09-06T03:50:15","slug":"info-la-provence-plus-de-42-kg-de-stupefiants-saisis-dans-les-quartiers-nord-de-marseille","status":"publish","type":"post","link":"https:\/\/www.europesays.com\/fr\/369722\/","title":{"rendered":"Info La Provence. Plus de 42 kg de stup\u00e9fiants saisis dans les quartiers Nord de Marseille"},"content":{"rendered":"<p>\u00c0 Marseille, il ne se passe gu\u00e8re un jour, sans que les policiers ne saisissent des produits stup\u00e9fiants dans une inlassable lutte contre l\u2019\u00e9conomie souterraine g\u00e9n\u00e9r\u00e9e par le trafic de drogue. Mais la derni\u00e8re semaine d\u2019ao\u00fbt a \u00e9t\u00e9 particuli\u00e8rement fructueuse pour les services de la division Nord. Entre le 25 et le 31\u00a0ao\u00fbt, ils ont saisi un peu plus de 42\u00a0kg de produits stup\u00e9fiants. Dans le d\u00e9tail\u00a0: 36,5\u00a0kg de r\u00e9sine de cannabis, 5,1\u00a0kg de coca\u00efne et 800 grammes d\u2019herbe.<\/p>\n<p>La septaine prolifique commence le lundi 25\u00a0ao\u00fbt dernier, au c\u0153ur de la cit\u00e9 Consolat, dans le 15e arrondissement. En maraude et \u00e0 l\u2019aff\u00fbt \u00e0 proximit\u00e9 du <a href=\"https:\/\/www.laprovence.com\/article\/faits-divers-justice\/6170008711946614\/interpelle-sur-un-point-de-deal-a-marseille-il-pretend-etre-venu-chercher-un-job-dans-le-nettoyage\" target=\"_blank\" rel=\"nofollow noopener\">point de deal,<\/a> un \u00e9quipage de la BST (brigade sp\u00e9cialis\u00e9e de terrain) interpelle deux individus dont la nature des activit\u00e9s laisse peu de doutes sur leur caract\u00e8re interlope. Banco\u00a0: les jeunes hommes, tous les deux \u00e2g\u00e9s de 19\u00a0ans, sont promptement d\u00e9lest\u00e9s d\u20191,5\u00a0kg de coca\u00efne et 1,6\u00a0kg de r\u00e9sine de cannabis saisis. Plac\u00e9 en garde \u00e0 vue et d\u00e9f\u00e9r\u00e9 devant un magistrat dans la foul\u00e9e, puis jug\u00e9 en comparution imm\u00e9diate, l\u2019un d\u2019entre eux est condamn\u00e9 \u00e0 12 mois de prison avec sursis.<\/p>\n<p>21\u00a0kg de r\u00e9sine saisis dans la cit\u00e9 du Mail<\/p>\n<p>Le lendemain mardi, toujours dans les quartiers Nord, mais cette fois-ci dans le 14e arrondissement, un autre \u00e9quipage de la BST proc\u00e8de \u00e0 une surveillance discr\u00e8te du point stup&rsquo; de la cit\u00e9 du Mail et rep\u00e8re ce qui ressemble fort \u00e0 une livraison. \u00c0 nouveau, deux individus de 20 et 26\u00a0ans sont interpell\u00e9s et leur domicile respectif est perquisitionn\u00e9. Le r\u00e9sultat des op\u00e9rations est cons\u00e9quent\u00a0: 21\u00a0kg de r\u00e9sine de cannabis et 512 grammes de coca\u00efne sont d\u00e9couverts sommairement entrepos\u00e9s dans des sacs cabas.<\/p>\n<p>Le m\u00eame jour, retour dans le 15e arrondissement, cette fois-ci en compagnie de la BAC (brigade anticriminalit\u00e9) Nord. Les policiers en civil n\u2019ont pas besoin de guetter bien longtemps le point de deal la cit\u00e9 de la Bricarde, pour rep\u00e9rer un charbonneur \u00e0 l\u2019ouvrage. Interpell\u00e9, le jeune de 21\u00a0ans, transportait 4\u00a0kg de r\u00e9sine de cannabis et 216 grammes de coca\u00efne. Plac\u00e9 en garde \u00e0 vue, il a \u00e9t\u00e9\u00a0d\u00e9f\u00e9r\u00e9 au parquet, avant d\u2019\u00eatre jug\u00e9 en comparution imm\u00e9diate \u00e0 l\u2019issue de laquelle il a \u00e9t\u00e9 condamn\u00e9 \u00e0 8 mois d\u2019emprisonnement avec mandat de d\u00e9p\u00f4t.<\/p>\n<p>Le mercredi 27\u00a0ao\u00fbt, on reste dans le 15e, mais plus au nord, direction la <a href=\"https:\/\/www.laprovence.com\/article\/faits-divers-justice\/1765677682775314\/campagne-leveque-3-petites-mains-d-un-point-de-deal-des-quartiers-nord-de-marseille-interpellees\" target=\"_blank\" rel=\"nofollow noopener\">cit\u00e9 de Campagne L\u00e9v\u00eaque<\/a>. En surveillance, la BST, encore elle, observe avec int\u00e9r\u00eat les all\u00e9es et venues d\u2019un probable ravitailleur, avant de d\u00e9cider de l\u2019interpeller. Bonne pioche\u00a0: il transportait 2,2\u00a0kg de r\u00e9sine de cannabis et 500 grammes d\u2019herbe. Plac\u00e9 sous contr\u00f4le judiciaire, ce mineur de 17\u00a0ans a \u00e9t\u00e9 mis en examen.<\/p>\n<p>R\u00e9sine et armes de poing<\/p>\n<p>Le jeudi\u00a028, retour dans le 14e arrondissement. Le GSP nord surveille le point de deal de la <a href=\"https:\/\/www.laprovence.com\/article\/faits-divers-justice\/3940170427008514\/marseille-de-3-a-10-ans-de-prison-pour-les-fournisseurs-du-point-stups-des-flamants\" target=\"_blank\" rel=\"nofollow noopener\">cit\u00e9 des Flamants<\/a> lorsqu\u2019il avise un individu qui proc\u00e8de \u00e0 des transactions et d\u00e9campe dans les \u00e9tages d\u2019un bloc \u00e0 la vue des policiers. Dans sa fuite, les fonctionnaires qui se sont lanc\u00e9s \u00e0 sa poursuite le voient jeter pr\u00e9cipitamment un sac dans un appartement. Il est rattrap\u00e9, l\u2019appartement en question perquisitionn\u00e9\u00a0: les policiers y d\u00e9couvriront 1\u00a0kg de r\u00e9sine, 300 grammes d\u2019herbe et deux armes de poing. Jug\u00e9 en comparution imm\u00e9diate, le jeune homme de 19\u00a0ans a \u00e9t\u00e9 condamn\u00e9 \u00e0 10 mois d\u2019emprisonnement assortis du sursis et gratifi\u00e9 d\u2019une interdiction de s\u00e9jour \u00e0 Marseille pendant 3\u00a0ans.<\/p>\n<p>Le vendredi\u00a029, rien \u00e0 signaler sur les radars de la division Nord, mais d\u00e8s le lendemain samedi\u00a030, les affaires reprennent dans le 16e arrondissement. sur le <a href=\"https:\/\/www.laprovence.com\/actu\/en-direct\/6879755\/reglement-de-comptes.html\" target=\"_blank\" rel=\"nofollow noopener\">chemin du Littoral<\/a>. La BST, toujours elle, surveille, l\u00e0 encore, le point stup&rsquo; jusqu\u2019\u00e0 finir par identifier le lieu de stockage. Non sans avoir interpell\u00e9 au pr\u00e9alable deux protagonistes du trafic, les policiers perquisitionnent ce qu\u2019ils pr\u00e9sument \u00eatre l\u2019appartement nourrice et y d\u00e9couvrent 2,9\u00a0kg de r\u00e9sine de cannabis et 22 grammes de coca\u00efne. \u00c2g\u00e9es de 17 et 18\u00a0ans, ces deux petites mains ont elles aussi \u00e9t\u00e9 jug\u00e9es en comparution imm\u00e9diate. L\u2019une a \u00e9t\u00e9 plac\u00e9e en d\u00e9tention provisoire, l\u2019autre a \u00e9t\u00e9 plac\u00e9e sous contr\u00f4le judiciaire.<\/p>\n<p>2,5\u00a0kg de coca\u00efne d\u00e9couverts dans le v\u00e9hicule abandonn\u00e9<\/p>\n<p>Pas de r\u00e9pit le dimanche 31\u00a0ao\u00fbt, bien au contraire, puisque ce jour-l\u00e0, ce sont deux affaires de stup\u00e9fiants qui occupent la division Nord. Alors que les CRS manifestent leur volont\u00e9 de contr\u00f4ler un automobiliste, ils essuient un refus d\u2019obtemp\u00e9rer, mais retrouvent le v\u00e9hicule un peu plus tard, abandonn\u00e9 sur le chemin du Littoral. Remis\u00e9 au commissariat, il est fouill\u00e9 avec succ\u00e8s\u00a0: il recelait 2,5\u00a0kg de coca\u00efne.<\/p>\n<p>Le m\u00eame jour, la s\u00e9rie se termine l\u00e0 o\u00f9 elle avait commenc\u00e9\u00a0: <a href=\"https:\/\/www.laprovence.com\/article\/faits-divers-justice\/6170008711946614\/interpelle-sur-un-point-de-deal-a-marseille-il-pretend-etre-venu-chercher-un-job-dans-le-nettoyage\" target=\"_blank\" rel=\"nofollow noopener\">cit\u00e9 Consolat<\/a>. La BST interpelle le vendeur du point de deal et saisit 3\u00a0kg de r\u00e9sine de cannabis et 400 grammes de coca\u00efne. Une semaine d\u00e9cid\u00e9ment stup\u00e9fiante.<\/p>\n","protected":false},"excerpt":{"rendered":"\u00c0 Marseille, il ne se passe gu\u00e8re un jour, sans que les policiers ne saisissent des produits stup\u00e9fiants&hellip;\n","protected":false},"author":2,"featured_media":369723,"comment_status":"","ping_status":"","sticky":false,"template":"","format":"standard","meta":{"footnotes":""},"categories":[2814],"tags":[17,1111,11,1102,1446,1777,674,274,1011,27,1922,151,884,12,378,1186,882,25,17491,1098],"class_list":{"0":"post-369722","1":"post","2":"type-post","3":"status-publish","4":"format-standard","5":"has-post-thumbnail","7":"category-marseille","8":"tag-17","9":"tag-actu","10":"tag-actualites","11":"tag-breakingnews","12":"tag-dans","13":"tag-eu","14":"tag-europe","15":"tag-faits-divers-justice","16":"tag-fr","17":"tag-france","18":"tag-info","19":"tag-les","20":"tag-marseille","21":"tag-news","22":"tag-plus","23":"tag-provence","24":"tag-provence-alpes-cote-dazur","25":"tag-republique-francaise","26":"tag-saisis","27":"tag-stupefiants"},"share_on_mastodon":{"url":"https:\/\/pubeurope.com\/@fr\/115155319134351673","error":""},"_links":{"self":[{"href":"https:\/\/www.europesays.com\/fr\/wp-json\/wp\/v2\/posts\/369722","targetHints":{"allow":["GET"]}}],"collection":[{"href":"https:\/\/www.europesays.com\/fr\/wp-json\/wp\/v2\/posts"}],"about":[{"href":"https:\/\/www.europesays.com\/fr\/wp-json\/wp\/v2\/types\/post"}],"author":[{"embeddable":true,"href":"https:\/\/www.europesays.com\/fr\/wp-json\/wp\/v2\/users\/2"}],"replies":[{"embeddable":true,"href":"https:\/\/www.europesays.com\/fr\/wp-json\/wp\/v2\/comments?post=369722"}],"version-history":[{"count":0,"href":"https:\/\/www.europesays.com\/fr\/wp-json\/wp\/v2\/posts\/369722\/revisions"}],"wp:featuredmedia":[{"embeddable":true,"href":"https:\/\/www.europesays.com\/fr\/wp-json\/wp\/v2\/media\/369723"}],"wp:attachment":[{"href":"https:\/\/www.europesays.com\/fr\/wp-json\/wp\/v2\/media?parent=369722"}],"wp:term":[{"taxonomy":"category","embeddable":true,"href":"https:\/\/www.europesays.com\/fr\/wp-json\/wp\/v2\/categories?post=369722"},{"taxonomy":"post_tag","embeddable":true,"href":"https:\/\/www.europesays.com\/fr\/wp-json\/wp\/v2\/tags?post=369722"}],"curies":[{"name":"wp","href":"https:\/\/api.w.org\/{rel}","templated":true}]}}