{"id":369724,"date":"2025-09-06T03:51:19","date_gmt":"2025-09-06T03:51:19","guid":{"rendered":"https:\/\/www.europesays.com\/fr\/369724\/"},"modified":"2025-09-06T03:51:19","modified_gmt":"2025-09-06T03:51:19","slug":"deux-personnes-blessees-apres-une-explosion-sur-un-bateau-amarre-dans-le-vieux-port","status":"publish","type":"post","link":"https:\/\/www.europesays.com\/fr\/369724\/","title":{"rendered":"Deux personnes bless\u00e9es apr\u00e8s une explosion sur un bateau amarr\u00e9 dans le Vieux-Port"},"content":{"rendered":"<p>Jeudi en d\u00e9but d\u2019apr\u00e8s-midi, une explosion a retenti sur le <a href=\"https:\/\/www.20minutes.fr\/dossier\/vieux_port\" class=\"c-link c-link--is-underlined\" target=\"_blank\" rel=\"noopener\">Vieux-Port<\/a> de <a href=\"https:\/\/www.20minutes.fr\/marseille\/\" class=\"c-link c-link--is-underlined\" target=\"_blank\" rel=\"noopener\">Marseille<\/a> sur un bateau de plaisance amarr\u00e9 sur le quai, blessant deux personnes, selon une information de<a href=\"https:\/\/www.laprovence.com\/article\/faits-divers-justice\/2374579553755714\/deux-personnes-blessees-apres-une-explosion-a-bord-dun-bateau-dans-le-vieux-port-de-marseille\" rel=\"nofollow noopener\" target=\"_blank\" class=\"c-link c-link--is-underlined\"> La Provence<\/a>, confirm\u00e9e par les marins-pompiers \u00e0 20 Minutes.<\/p>\n<p>L\u2019explosion, suivie d\u2019un incendie, serait li\u00e9e \u00e0 des vapeurs d\u2019essence.<\/p>\n<\/p>\n<p>Un couple bless\u00e9<\/p>\n<p>Les flammes \u00e9taient d\u00e9j\u00e0 \u00e9teintes \u00e0 l\u2019arriv\u00e9e des secours, mais \u00e0 bord se trouvaient deux personnes souffrant de br\u00fblures. Une femme de 32 ans, gri\u00e8vement br\u00fbl\u00e9e sur l\u2019ensemble du corps, a notamment \u00e9t\u00e9 prise en charge. Un homme de 36 ans, br\u00fbl\u00e9 plus l\u00e9g\u00e8rement aux mains et aux bras, a \u00e9galement \u00e9t\u00e9 soign\u00e9.<\/p>\n<p><a href=\"https:\/\/www.20minutes.fr\/marseille\/\" class=\"c-link c-btn c-btn--primary\" target=\"_blank\" rel=\"noopener\">Retrouvez ici tous nos articles sur l&rsquo;actualit\u00e9 \u00e0 Marseille<\/a><\/p>\n<p>Les deux victimes ont \u00e9t\u00e9 transport\u00e9es \u00e0 l\u2019h\u00f4pital de la Conception, dans le 5e\u00a0arrondissement de la cit\u00e9 phoc\u00e9enne. Une trentaine de marins-pompiers et deux embarcations ont \u00e9t\u00e9 mobilis\u00e9s sur les lieux de l\u2019accident.<\/p>\n","protected":false},"excerpt":{"rendered":"Jeudi en d\u00e9but d\u2019apr\u00e8s-midi, une explosion a retenti sur le Vieux-Port de Marseille sur un bateau de plaisance&hellip;\n","protected":false},"author":2,"featured_media":369725,"comment_status":"","ping_status":"","sticky":false,"template":"","format":"standard","meta":{"footnotes":""},"categories":[2814],"tags":[1111,47,11,5160,1777,674,2688,118,7505,1011,27,1310,884,12,1311,882,25,1179],"class_list":{"0":"post-369724","1":"post","2":"type-post","3":"status-publish","4":"format-standard","5":"has-post-thumbnail","7":"category-marseille","8":"tag-actu","9":"tag-actualite","10":"tag-actualites","11":"tag-bateau","12":"tag-eu","13":"tag-europe","14":"tag-explosion","15":"tag-faits-divers","16":"tag-faits-divers-marseille","17":"tag-fr","18":"tag-france","19":"tag-incendie","20":"tag-marseille","21":"tag-news","22":"tag-pompiers","23":"tag-provence-alpes-cote-dazur","24":"tag-republique-francaise","25":"tag-vieux-port"},"share_on_mastodon":{"url":"https:\/\/pubeurope.com\/@fr\/115155323054066268","error":""},"_links":{"self":[{"href":"https:\/\/www.europesays.com\/fr\/wp-json\/wp\/v2\/posts\/369724","targetHints":{"allow":["GET"]}}],"collection":[{"href":"https:\/\/www.europesays.com\/fr\/wp-json\/wp\/v2\/posts"}],"about":[{"href":"https:\/\/www.europesays.com\/fr\/wp-json\/wp\/v2\/types\/post"}],"author":[{"embeddable":true,"href":"https:\/\/www.europesays.com\/fr\/wp-json\/wp\/v2\/users\/2"}],"replies":[{"embeddable":true,"href":"https:\/\/www.europesays.com\/fr\/wp-json\/wp\/v2\/comments?post=369724"}],"version-history":[{"count":0,"href":"https:\/\/www.europesays.com\/fr\/wp-json\/wp\/v2\/posts\/369724\/revisions"}],"wp:featuredmedia":[{"embeddable":true,"href":"https:\/\/www.europesays.com\/fr\/wp-json\/wp\/v2\/media\/369725"}],"wp:attachment":[{"href":"https:\/\/www.europesays.com\/fr\/wp-json\/wp\/v2\/media?parent=369724"}],"wp:term":[{"taxonomy":"category","embeddable":true,"href":"https:\/\/www.europesays.com\/fr\/wp-json\/wp\/v2\/categories?post=369724"},{"taxonomy":"post_tag","embeddable":true,"href":"https:\/\/www.europesays.com\/fr\/wp-json\/wp\/v2\/tags?post=369724"}],"curies":[{"name":"wp","href":"https:\/\/api.w.org\/{rel}","templated":true}]}}