{"id":369726,"date":"2025-09-06T03:52:10","date_gmt":"2025-09-06T03:52:10","guid":{"rendered":"https:\/\/www.europesays.com\/fr\/369726\/"},"modified":"2025-09-06T03:52:10","modified_gmt":"2025-09-06T03:52:10","slug":"la-maman-violente-internee-de-force","status":"publish","type":"post","link":"https:\/\/www.europesays.com\/fr\/369726\/","title":{"rendered":"la maman violente intern\u00e9e de force"},"content":{"rendered":"<p>            Par<br \/>\n        <strong><br \/>\n            <a href=\"https:\/\/actu.fr\/auteur\/redaction-lyon\" title=\"Consulter tous les articles de R\u00e9daction Lyon\" target=\"_blank\" rel=\"noopener\">R\u00e9daction Lyon<\/a><br \/>\n        <\/strong><\/p>\n<p>        Publi\u00e9 le<\/p>\n<p>            6 sept. 2025 \u00e0 5h10        <\/p>\n<p>Le tribunal correctionnel de Lyon a ordonn\u00e9 ce vendredi 29 ao\u00fbt 2025 l\u2019hospitalisation \u00ab\u00a0sous contrainte\u00a0\u00bb d\u2019une m\u00e8re de famille de <a href=\"https:\/\/actu.fr\/auvergne-rhone-alpes\/lyon_69123\" target=\"_blank\" rel=\"noopener\">Lyon<\/a> (Rh\u00f4ne) qui avait frapp\u00e9 son fils au motif qu\u2019il \u00e9tait <strong>envo\u00fbt\u00e9<\/strong> par un esprit \u00ab\u00a0vaudou\u00a0\u00bb. Compte-rendu.<\/p>\n<p>Sa femme devient \u00ab\u00a0bizarre\u00a0\u00bb, il finit par porter plainte<\/p>\n<p class=\" wall-content\">C\u2019est <strong>son mari qui avait port\u00e9 plainte<\/strong> deux mois plus t\u00f4t, le 29 juin 2025 : ce jour-l\u00e0, Precious X avait \u00ab\u00a0attrap\u00e9 son fils sous le bras et lui avait donn\u00e9 une gifle\u00a0\u00bb, avait-il rapport\u00e9. Lui-m\u00eame avait jusque-l\u00e0 pass\u00e9 sous silence les violences qu\u2019il subissait : quelques jours plus t\u00f4t, il avait encore \u00e9t\u00e9 \u00ab\u00a0mordu dans le cou et \u00e0 la main\u00a0\u00bb par sa femme.<\/p>\n<p class=\" wall-content\">Le comportement de cette femme de 30 ans d\u2019origine nig\u00e9riane \u00e9tait \u00ab\u00a0\u00e9trange\u00a0\u00bb <strong>depuis 2022<\/strong>, avait-il confi\u00e9 aux forces de l\u2019ordre : elle \u00ab\u00a0parlait des esprits vaudous\u00a0\u00bb et avait d\u00e9velopp\u00e9 \u00ab\u00a0une obsession d\u00e9lirante sur les pieds\u00a0\u00bb.<\/p>\n<p>La maman r\u00e9fute tout<\/p>\n<p class=\" wall-content\">R\u00e9cemment, une \u00ab\u00a0proc\u00e9dure\u00a0\u00bb a \u00e9t\u00e9 engag\u00e9e \u00e0 son encontre pour des \u00ab\u00a0violences\u00a0\u00bb contre l\u2019institutrice de son fils a\u00een\u00e9. Mais l\u2019enseignante a \u00e9t\u00e9 \u00ab\u00a0m\u00e9chante\u00a0\u00bb, s\u2019\u00e9tait d\u00e9fendue Precious X \u00e0 ce sujet : elle avait \u00ab\u00a0plac\u00e9 des photos des enfants sur les chaises\u00a0\u00bb et \u00ab\u00a0s\u2019asseyait dessus\u00a0\u00bb.<\/p>\n<p class=\" wall-content\">Pourtant, \u00e0 la barre du tribunal correctionnel de Lyon ce vendredi 29 ao\u00fbt 2025, cette coiffeuse du quartier de la <a href=\"https:\/\/actu.fr\/tag\/guillotiere\" target=\"_blank\" rel=\"noopener\">Guilloti\u00e8re<\/a> <strong>nie cat\u00e9goriquement<\/strong> toute forme de violence. \u00ab\u00a0J\u2019aime mes enfants, je ne les ai jamais tap\u00e9s\u00a0\u00bb, assure-t-elle aux juges, conc\u00e9dant tout au plus \u00ab\u00a0juste quelques cris\u00a0\u00bb.<\/p>\n<p class=\" wall-content\">Son mari est juste \u00ab\u00a0fou\u00a0\u00bb, \u00ab\u00a0bizarre\u00a0\u00bb et probablement lui aussi \u00ab\u00a0sous l\u2019emprise d\u2019un sort\u00a0\u00bb. \u00ab\u00a0Je n\u2019ai aucun besoin de lui faire du mal, \u00e7a fait huit ans qu\u2019on vit ensemble\u00a0\u00bb, avait-elle ajout\u00e9.<\/p>\n<p>Votre r\u00e9gion, votre actu !<\/p>\n<p>Recevez chaque jour les infos qui comptent pour vous.<\/p>\n<p>\t<a href=\"https:\/\/actu.fr\/newsletter\" class=\"ac-btn ac-btn--corner ac-btn--medium ac-btn--blue800\" target=\"_blank\" rel=\"noopener\">S&rsquo;incrire<\/a><br \/>\nUn trouble de la personnalit\u00e9 parano\u00efaque en cause<\/p>\n<p class=\" wall-content\">Un psychiatre a toutefois d\u00e9tect\u00e9 chez elle \u00ab\u00a0un d\u00e9lire de pers\u00e9cution en lien avec la sorcellerie\u00a0\u00bb. \u00ab\u00a0Un plombier aurait jet\u00e9 une mal\u00e9diction \u00e0 ses pieds\u00a0\u00bb, avait-il pr\u00e9cis\u00e9 en rapportant les propos de l\u2019int\u00e9ress\u00e9e.<\/p>\n<p class=\" wall-content\">\u00ab\u00a0Elle est dans le <strong>d\u00e9ni<\/strong> de sa fragilit\u00e9\u00a0\u00bb, a confirm\u00e9 l\u2019avocat du p\u00e8re de famille et de son fils, dont \u00ab\u00a0l\u2019h\u00e9matome sous l\u2019\u0153il correspond aux violences d\u00e9crites\u00a0\u00bb.<\/p>\n<p class=\" wall-content\">Le tribunal correctionnel de Lyon a finalement reconnu que Precious X avait \u00ab\u00a0commis les actes\u00a0\u00bb mais a prononc\u00e9 son \u00ab\u00a0irresponsabilit\u00e9 p\u00e9nale\u00a0\u00bb : elle \u00e9tait \u00ab\u00a0sous l\u2019influence de son d\u00e9lire\u00a0\u00bb au moment de commettre les faits, avait soulign\u00e9 son avocate. Elle a donc \u00e9t\u00e9 \u00ab\u00a0hospitalis\u00e9e sous contrainte\u00a0\u00bb.<\/p>\n<p class=\" wall-content\">Sur le plan civil, la m\u00e8re de famille devra malgr\u00e9 tout verser 250 \u20ac \u00e0 son mari et \u00e0 son fils au titre de leur \u00ab\u00a0pr\u00e9judice moral\u00a0\u00bb, et 600 \u20ac pour leurs \u00ab\u00a0frais d\u2019avocat\u00a0\u00bb.<\/p>\n<p class=\" wall-content\"><strong>PressPepper<\/strong><\/p>\n<p class=\" wall-content\">Personnalisez votre actualit\u00e9 en ajoutant vos villes et m\u00e9dias en favori avec <a href=\"https:\/\/moncompte.actu.fr\" title=\"D\u00e9couvez Mon Actu\" rel=\"nofollow noopener\" data-trk=\"{&quot;cta&quot;:{&quot;action&quot;:&quot;https:\\\/\\\/moncompte.actu.fr&quot;,&quot;category&quot;:&quot;mon compte&quot;,&quot;from&quot;:&quot;article footer&quot;,&quot;name&quot;:&quot;Mon actu&quot;,&quot;type&quot;:&quot;cta&quot;}}\" target=\"_blank\">Mon Actu<\/a>.<\/p>\n","protected":false},"excerpt":{"rendered":"Par R\u00e9daction Lyon Publi\u00e9 le 6 sept. 2025 \u00e0 5h10 Le tribunal correctionnel de Lyon a ordonn\u00e9 ce&hellip;\n","protected":false},"author":2,"featured_media":369727,"comment_status":"","ping_status":"","sticky":false,"template":"","format":"standard","meta":{"footnotes":""},"categories":[1889],"tags":[1111,11,2430,1777,674,1011,27,23173,303,2428,12,25,104,798],"class_list":{"0":"post-369726","1":"post","2":"type-post","3":"status-publish","4":"format-standard","5":"has-post-thumbnail","7":"category-lyon","8":"tag-actu","9":"tag-actualites","10":"tag-auvergne-rhone-alpes","11":"tag-eu","12":"tag-europe","13":"tag-fr","14":"tag-france","15":"tag-guillotiere","16":"tag-justice","17":"tag-lyon","18":"tag-news","19":"tag-republique-francaise","20":"tag-societe","21":"tag-violences-conjugales"},"share_on_mastodon":{"url":"https:\/\/pubeurope.com\/@fr\/115155326993500012","error":""},"_links":{"self":[{"href":"https:\/\/www.europesays.com\/fr\/wp-json\/wp\/v2\/posts\/369726","targetHints":{"allow":["GET"]}}],"collection":[{"href":"https:\/\/www.europesays.com\/fr\/wp-json\/wp\/v2\/posts"}],"about":[{"href":"https:\/\/www.europesays.com\/fr\/wp-json\/wp\/v2\/types\/post"}],"author":[{"embeddable":true,"href":"https:\/\/www.europesays.com\/fr\/wp-json\/wp\/v2\/users\/2"}],"replies":[{"embeddable":true,"href":"https:\/\/www.europesays.com\/fr\/wp-json\/wp\/v2\/comments?post=369726"}],"version-history":[{"count":0,"href":"https:\/\/www.europesays.com\/fr\/wp-json\/wp\/v2\/posts\/369726\/revisions"}],"wp:featuredmedia":[{"embeddable":true,"href":"https:\/\/www.europesays.com\/fr\/wp-json\/wp\/v2\/media\/369727"}],"wp:attachment":[{"href":"https:\/\/www.europesays.com\/fr\/wp-json\/wp\/v2\/media?parent=369726"}],"wp:term":[{"taxonomy":"category","embeddable":true,"href":"https:\/\/www.europesays.com\/fr\/wp-json\/wp\/v2\/categories?post=369726"},{"taxonomy":"post_tag","embeddable":true,"href":"https:\/\/www.europesays.com\/fr\/wp-json\/wp\/v2\/tags?post=369726"}],"curies":[{"name":"wp","href":"https:\/\/api.w.org\/{rel}","templated":true}]}}