{"id":369730,"date":"2025-09-06T03:55:28","date_gmt":"2025-09-06T03:55:28","guid":{"rendered":"https:\/\/www.europesays.com\/fr\/369730\/"},"modified":"2025-09-06T03:55:28","modified_gmt":"2025-09-06T03:55:28","slug":"formation-professionnelle-lafpa-ouvre-ses-centres-franciliens","status":"publish","type":"post","link":"https:\/\/www.europesays.com\/fr\/369730\/","title":{"rendered":"Formation professionnelle : l\u2019Afpa ouvre ses centres franciliens"},"content":{"rendered":"<p><img loading=\"lazy\" decoding=\"async\" alt=\"\u00a9 Shutterstock - Le 16 septembre prochain, le public est invit\u00e9 \u00e0 se rendre dans les centres Afpa franciliens lors d'une Journ\u00e9e Portes Ouvertes pour se renseigner sur la formation professionnelle.\" data-zoom-src=\"https:\/\/www.europesays.com\/fr\/wp-content\/uploads\/2025\/09\/initial-shutterstock-434622385.jpg\" data-zoomable=\"\" height=\"702\" src=\"https:\/\/www.europesays.com\/fr\/wp-content\/uploads\/2025\/09\/initial-shutterstock-434622385.jpg\" width=\"1248\"\/>  <\/p>\n<p class=\"article-desc\">\u00a9 Shutterstock &#8211; Le 16 septembre prochain, le public est invit\u00e9 \u00e0 se rendre dans les centres Afpa franciliens lors d&rsquo;une Journ\u00e9e Portes Ouvertes pour se renseigner sur la formation professionnelle. <\/p>\n<p>Treize centres en r\u00e9gion parisienne accueilleront le public le 16 septembre, de 9h \u00e0 17h. Lors de cette <strong>Journ\u00e9e Portes Ouvertes <\/strong>(JPO), le public pourra d\u00e9couvrir de nombreux m\u00e9tiers et s\u2019informer sur les offres de formation disponibles dans les secteurs qui recrutent.\u00a0 <\/p>\n<p>Obtenir des informations pratiques aupr\u00e8s des stagiaires et formateurs de l\u2019Afpa <\/p>\n<p>Par ailleurs, les personnes en recherche de <strong>qualification<\/strong>, de <strong>reconversion<\/strong>, d\u2019un con<strong>trat en alternance <\/strong>ou d\u2019un <strong>accompagnement personnalis\u00e9<\/strong> auront l\u2019opportunit\u00e9 de rencontrer des stagiaires et des formateurs et d\u2019obtenir toutes les <strong>informations pratiques<\/strong> pour b\u00e9n\u00e9ficier d\u2019une formation ou d\u2019un accompagnement.\u00a0 <\/p>\n<p>D\u2019ici l\u00e0, une <strong>plateforme d\u00e9di\u00e9e<\/strong> a \u00e9t\u00e9 ouverte pour permettre aux visiteurs de <strong>s\u2019inscrire \u00e0 cette JPO<\/strong> et de consulter le <strong>programme de chaque centre<\/strong> pour d\u00e9couvrir les 250 m\u00e9tiers auxquels l\u2019<a href=\"https:\/\/mesinfos.fr\/77420-champs-sur-marne\/a-champs-sur-marne-l-afpa-inaugure-son-village-des-solutions-226470.html\" rel=\"noopener nofollow\" target=\"_blank\">Afpa<\/a> pr\u00e9pare.\u00a0 <\/p>\n<p>Un panel d\u2019offres de formations et de postes \u00e0 pourvoir <\/p>\n<p>Cette Journ\u00e9e Portes Ouvertes a pour vocation de faire d\u00e9couvrir le large panel d\u2019offres de l\u2019Afpa :\u00a0 <\/p>\n<ul>\n<li>\n<p><strong>Qualification, mont\u00e9e en comp\u00e9tence<\/strong> : formation dipl\u00f4mante, perfectionnement, validation des comp\u00e9tences (VAE), bilan de comp\u00e9tences, acc\u00e8s aux outils d\u2019aide \u00e0 la recherche d\u2019emploi, construction de CV, financement \u2026\u00a0 <\/p>\n<\/li>\n<li>\n<p><strong>Changement de m\u00e9tier<\/strong> : l\u2019Afpa accompagne les salari\u00e9s et demandeurs d\u2019emploi dans leur projet de reconversion.\u00a0 <\/p>\n<\/li>\n<li>\n<p><strong>Alternance<\/strong> : des offres de formation et de nombreux postes \u00e0 pourvoir en contrat de professionnalisation ou en contrat d\u2019apprentissage, notamment pour les jeunes. En 2024, 7 000 alternants ont trouv\u00e9 leur contrat avec l\u2019Afpa. Et plus de 8 500 entreprises nous font confiance pour \u00eatre accompagn\u00e9es dans leurs recrutements.\u00a0 <\/p>\n<\/li>\n<li>\n<p><strong>Compte personnel<\/strong> de formation : les \u00e9quipes conseil sont mobilis\u00e9es pour r\u00e9pondre \u00e0 toutes les questions, aider les particuliers \u00e0 activer leur compte et les accompagner dans leur recherche de formation.\u00a0 <\/p>\n<\/li>\n<li>\n<p><strong>Programmes d\u2019accompagnement vers l\u2019emploi<\/strong> (Pr\u00e9pa Comp\u00e9tences, La Promo 16.18, D\u00e9clic pour l\u2019action). <\/p>\n<\/li>\n<\/ul>\n<p>  R\u00e9pondre aux questions pratiques et probl\u00e9matiques quotidiennes li\u00e9es \u00e0 la formation professionnelle\u00a0 <\/p>\n<p>Des <strong>visites de plateaux de formation<\/strong> sont \u00e9galement au programme. Les <strong>stagiaires<\/strong> r\u00e9pondront aux questions des visiteurs et aborderont toutes les <strong>questions pratiques<\/strong>, telles que :\u00a0 <\/p>\n<ul>\n<li>\n<p>Dans quels secteurs trouver des <strong>d\u00e9bouch\u00e9s<\/strong> ?\u00a0 <\/p>\n<\/li>\n<li>\n<p>Comment r\u00e9ussir sa <strong>reconversion<\/strong> ?\u00a0 <\/p>\n<\/li>\n<li>\n<p>Peut-on r\u00e9ussir sans dipl\u00f4me ?\u00a0 <\/p>\n<\/li>\n<li>\n<p>Comment rebondir apr\u00e8s un <strong>\u00e9chec scolaire<\/strong> ?\u00a0 <\/p>\n<\/li>\n<li>\n<p>Comment entrer en formation ?\u00a0 <\/p>\n<\/li>\n<li>\n<p>Quels sont les financements possibles ?\u00a0 <\/p>\n<\/li>\n<\/ul>\n<p>Enfin, cette initiative est l\u2019occasion de <strong>rencontrer les partenaires de l\u2019Afpa<\/strong> qui peuvent apporter des solutions aux <strong>probl\u00e9matiques de la vie quotidienne<\/strong> li\u00e9es \u00e0 la <a href=\"https:\/\/mesinfos.fr\/ile-de-france\/en-seine-et-marne-les-centres-afpa-continuent-de-recevoir-tout-l-ete-226311.html\" rel=\"noopener nofollow\" target=\"_blank\">formation<\/a> (inclusion num\u00e9rique, mobilit\u00e9, parentalit\u00e9, sant\u00e9, logement, etc.).<\/p>\n<p> La liste des centres franciliens ouverts le 16 septembre\u00a0 <\/p>\n<ul>\n<li>\n<p>8, rue Georges et Ma\u00ef Politzer, 75012 Paris, <\/p>\n<\/li>\n<li>\n<p>67,69 avenue du G\u00e9n\u00e9ral de Gaulle, 77420 Champs-sur-Marne, <\/p>\n<\/li>\n<li>\n<p>Quartier des 7 Mares 78990 \u00c9lancourt &#8211; Acc\u00e8s GPS \u201cParking\u201d rue de la Beauce, 78310 Maurepas, <\/p>\n<\/li>\n<li>\n<p>74 rue des Graviers, 78200 Magnanville, <\/p>\n<\/li>\n<li>\n<p>5, route nationale, 91510 Lardy\u00a0 <\/p>\n<\/li>\n<li>\n<p>2, avenue Louis Aragon 91130 Ris-Orangis, <\/p>\n<\/li>\n<li>\n<p>12,14 avenue Mar\u00e9chal Juin, 92366 Meudon, <\/p>\n<\/li>\n<li>\n<p>Nautile 4, 28 avenue de l\u2019\u00cele Saint Martin, 92000 Nanterre, <\/p>\n<\/li>\n<li>\n<p>1, rue de la Citoyennet\u00e9, 93240 Stains,\u00a0 <\/p>\n<\/li>\n<li>\n<p>9, rue Marc Seguin, 94000 Cr\u00e9teil,\u00a0 <\/p>\n<\/li>\n<li>\n<p>Les Sablons 95340, Bernes-sur-Oise, <\/p>\n<\/li>\n<li>\n<p>ZI du Vert Galant 2, rue de la Garenne, 95310 Saint-Ouen l\u2019Aumone, <\/p>\n<\/li>\n<li>\n<p>Secteur de la Grande Vall\u00e9e 11, avenue Pierre Salvi, 95500 Gonesse. <\/p>\n<\/li>\n<\/ul>\n<p>Plus d\u2019informations <a href=\"https:\/\/evenement.afpa.fr\/fr?utm_campaign=CP\" rel=\"noopener nofollow\" target=\"_blank\">ici<\/a>.\u00a0<\/p>\n","protected":false},"excerpt":{"rendered":"\u00a9 Shutterstock &#8211; Le 16 septembre prochain, le public est invit\u00e9 \u00e0 se rendre dans les centres Afpa&hellip;\n","protected":false},"author":2,"featured_media":369731,"comment_status":"","ping_status":"","sticky":false,"template":"","format":"standard","meta":{"footnotes":""},"categories":[1592],"tags":[1111,11,1777,674,1119,1011,27,662,12,626,25],"class_list":{"0":"post-369730","1":"post","2":"type-post","3":"status-publish","4":"format-standard","5":"has-post-thumbnail","7":"category-ile-de-france","8":"tag-actu","9":"tag-actualites","10":"tag-eu","11":"tag-europe","12":"tag-formation","13":"tag-fr","14":"tag-france","15":"tag-ile-de-france","16":"tag-news","17":"tag-paris","18":"tag-republique-francaise"},"share_on_mastodon":{"url":"https:\/\/pubeurope.com\/@fr\/115155338872644706","error":""},"_links":{"self":[{"href":"https:\/\/www.europesays.com\/fr\/wp-json\/wp\/v2\/posts\/369730","targetHints":{"allow":["GET"]}}],"collection":[{"href":"https:\/\/www.europesays.com\/fr\/wp-json\/wp\/v2\/posts"}],"about":[{"href":"https:\/\/www.europesays.com\/fr\/wp-json\/wp\/v2\/types\/post"}],"author":[{"embeddable":true,"href":"https:\/\/www.europesays.com\/fr\/wp-json\/wp\/v2\/users\/2"}],"replies":[{"embeddable":true,"href":"https:\/\/www.europesays.com\/fr\/wp-json\/wp\/v2\/comments?post=369730"}],"version-history":[{"count":0,"href":"https:\/\/www.europesays.com\/fr\/wp-json\/wp\/v2\/posts\/369730\/revisions"}],"wp:featuredmedia":[{"embeddable":true,"href":"https:\/\/www.europesays.com\/fr\/wp-json\/wp\/v2\/media\/369731"}],"wp:attachment":[{"href":"https:\/\/www.europesays.com\/fr\/wp-json\/wp\/v2\/media?parent=369730"}],"wp:term":[{"taxonomy":"category","embeddable":true,"href":"https:\/\/www.europesays.com\/fr\/wp-json\/wp\/v2\/categories?post=369730"},{"taxonomy":"post_tag","embeddable":true,"href":"https:\/\/www.europesays.com\/fr\/wp-json\/wp\/v2\/tags?post=369730"}],"curies":[{"name":"wp","href":"https:\/\/api.w.org\/{rel}","templated":true}]}}