{"id":369734,"date":"2025-09-06T03:57:27","date_gmt":"2025-09-06T03:57:27","guid":{"rendered":"https:\/\/www.europesays.com\/fr\/369734\/"},"modified":"2025-09-06T03:57:27","modified_gmt":"2025-09-06T03:57:27","slug":"son-logement-transforme-en-maison-de-passe-il-alerte-la-police","status":"publish","type":"post","link":"https:\/\/www.europesays.com\/fr\/369734\/","title":{"rendered":"son logement transform\u00e9 en maison de passe, il alerte la police"},"content":{"rendered":"<p class=\"mb-4 text-lg md:leading-8 break-words\">Le propri\u00e9taire d\u2019un appartement, mis en location, \u00e0 Noisy-le-Sec (Seine-Saint-Denis) ne s\u2019attendait sans doute pas \u00e0 \u00e7a\u2026<\/p>\n<p class=\"mb-4 text-lg md:leading-8 break-words\">Selon les informations de Paris Match, deux hommes, soup\u00e7onn\u00e9s d\u2019avoir pris part \u00e0 des faits de <a href=\"https:\/\/www.parismatch.com\/actu\/faits-divers\/info-paris-match-a-paris-trois-soeurs-boliviennes-avaient-une-centaine-de-prostituees-sous-leur-coupe-253525\" rel=\"nofollow noopener\" target=\"_blank\" data-ylk=\"slk:prox\u00e9n\u00e9tisme;elm:context_link;itc:0;sec:content-canvas\" class=\"link \">prox\u00e9n\u00e9tisme<\/a> aggrav\u00e9, ont \u00e9t\u00e9 pr\u00e9sent\u00e9s \u00e0 un magistrat du parquet de Bobigny (Seine-Saint-Denis), ce mercredi 3 septembre, en vue de leur proc\u00e8s en comparution imm\u00e9diate. Apr\u00e8s avoir demand\u00e9 un d\u00e9lai pour pr\u00e9parer leur d\u00e9fense, leur audience a \u00e9t\u00e9 renvoy\u00e9e au 7 octobre. En attendant, les deux suspects ont \u00e9t\u00e9 plac\u00e9s en d\u00e9tention provisoire.<\/p>\n<p class=\"mb-4 text-lg md:leading-8 break-words\">Une information confirm\u00e9e par le parquet de Bobigny \u00e0 Paris Match.<\/p>\n<p>Devant son appartement, plusieurs individus semblent patienter<\/p>\n<p class=\"mb-4 text-lg md:leading-8 break-words\">Tout commence dans la matin\u00e9e du 30 ao\u00fbt, dans un immeuble de la rue Eug\u00e8ne Durin. Le propri\u00e9taire d\u2019un appartement, mis en location, se rend sur place alors que son locataire n\u2019honore plus son loyer.<\/p>\n<p class=\"mb-4 text-lg md:leading-8 break-words\">En arrivant dans le hall de la r\u00e9sidence, il tombe sur plusieurs inconnus qui semblent patienter. Intrigu\u00e9, le propri\u00e9taire leur demande la raison de leur pr\u00e9sence. Certains tournent la t\u00eate tandis que d\u2019autres lui confient qu\u2019ils attendent leur tour pour acc\u00e9der \u00e0 l\u2019appartement des \u00ab\u00a0prostitu\u00e9es\u00a0\u00bb, tout en d\u00e9signant son logement mis en location\u2026<\/p>\n<p class=\"mb-4 text-lg md:leading-8 break-words\">Muni des clefs, le propri\u00e9taire d\u00e9cide d\u2019entrer avant de tomber nez-\u00e0-nez avec deux hommes, accompagn\u00e9es de deux jeunes femmes, manifestement contraintes de faire commerce de leur corps.<\/p>\n<p class=\"mb-4 text-lg md:leading-8 break-words\">Devant cette sc\u00e8ne inattendue, la victime quitte les lieux, av&#8230;<\/p>\n<p class=\"mb-4 text-lg md:leading-8 break-words\"><a href=\"https:\/\/www.parismatch.com\/actu\/faits-divers\/info-paris-match-noisy-le-sec-son-logement-transforme-en-maison-de-passe-il-alerte-la-police-256635?at_medium=affiliate&amp;at_campaign=Yahoo\" rel=\"nofollow noopener\" target=\"_blank\" data-ylk=\"slk:Lire la suite sur ParisMatch;elm:context_link;itc:0;sec:content-canvas\" class=\"link \">Lire la suite sur ParisMatch<\/a><\/p>\n","protected":false},"excerpt":{"rendered":"Le propri\u00e9taire d\u2019un appartement, mis en location, \u00e0 Noisy-le-Sec (Seine-Saint-Denis) ne s\u2019attendait sans doute pas \u00e0 \u00e7a\u2026 Selon&hellip;\n","protected":false},"author":2,"featured_media":369735,"comment_status":"","ping_status":"","sticky":false,"template":"","format":"standard","meta":{"footnotes":""},"categories":[1888],"tags":[1111,1928,11,1927,1777,674,1011,27,21349,12,1926,21674,626,1925,37482,25,1945],"class_list":{"0":"post-369734","1":"post","2":"type-post","3":"status-publish","4":"format-standard","5":"has-post-thumbnail","7":"category-paris","8":"tag-actu","9":"tag-actu-paris","10":"tag-actualites","11":"tag-actualites-paris","12":"tag-eu","13":"tag-europe","14":"tag-fr","15":"tag-france","16":"tag-le-proprietaire","17":"tag-news","18":"tag-news-paris","19":"tag-noisy-le-sec","20":"tag-paris","21":"tag-paris-news","22":"tag-parquet-de-bobigny","23":"tag-republique-francaise","24":"tag-seine-saint-denis"},"share_on_mastodon":{"url":"https:\/\/pubeurope.com\/@fr\/115155346593810285","error":""},"_links":{"self":[{"href":"https:\/\/www.europesays.com\/fr\/wp-json\/wp\/v2\/posts\/369734","targetHints":{"allow":["GET"]}}],"collection":[{"href":"https:\/\/www.europesays.com\/fr\/wp-json\/wp\/v2\/posts"}],"about":[{"href":"https:\/\/www.europesays.com\/fr\/wp-json\/wp\/v2\/types\/post"}],"author":[{"embeddable":true,"href":"https:\/\/www.europesays.com\/fr\/wp-json\/wp\/v2\/users\/2"}],"replies":[{"embeddable":true,"href":"https:\/\/www.europesays.com\/fr\/wp-json\/wp\/v2\/comments?post=369734"}],"version-history":[{"count":0,"href":"https:\/\/www.europesays.com\/fr\/wp-json\/wp\/v2\/posts\/369734\/revisions"}],"wp:featuredmedia":[{"embeddable":true,"href":"https:\/\/www.europesays.com\/fr\/wp-json\/wp\/v2\/media\/369735"}],"wp:attachment":[{"href":"https:\/\/www.europesays.com\/fr\/wp-json\/wp\/v2\/media?parent=369734"}],"wp:term":[{"taxonomy":"category","embeddable":true,"href":"https:\/\/www.europesays.com\/fr\/wp-json\/wp\/v2\/categories?post=369734"},{"taxonomy":"post_tag","embeddable":true,"href":"https:\/\/www.europesays.com\/fr\/wp-json\/wp\/v2\/tags?post=369734"}],"curies":[{"name":"wp","href":"https:\/\/api.w.org\/{rel}","templated":true}]}}