{"id":369742,"date":"2025-09-06T04:01:12","date_gmt":"2025-09-06T04:01:12","guid":{"rendered":"https:\/\/www.europesays.com\/fr\/369742\/"},"modified":"2025-09-06T04:01:12","modified_gmt":"2025-09-06T04:01:12","slug":"guerre-en-ukraine-avec-des-chasseurs-gripen-c-a-40-millions-deuros-puis-les-gripen-e-dernier-cri-kiev-mise-sur-larsenal-suedois","status":"publish","type":"post","link":"https:\/\/www.europesays.com\/fr\/369742\/","title":{"rendered":"Guerre en Ukraine\u00a0: avec des chasseurs Gripen C \u00e0 40\u00a0millions d\u2019euros, puis les Gripen E dernier cri, Kiev mise sur l\u2019arsenal su\u00e9dois"},"content":{"rendered":"<p class=\"paragraph text_align_left lp-f-body-02\">L\u2019Ukraine ne compte pas que sur les <a href=\"https:\/\/www.leparisien.fr\/international\/etats-unis\/\" target=\"_self\" rel=\"nofollow noopener\">\u00c9tats-Unis<\/a> et la France pour se fournir en avions de chasse. Kiev discute actuellement avec la Su\u00e8de pour b\u00e9n\u00e9ficier d\u2019une livraison <a href=\"https:\/\/www.leparisien.fr\/international\/lavion-de-combat-le-plus-moderne-la-thailande-mise-480-millions-deuros-sur-le-chasseur-suedois-gripen-pour-remplacer-ses-vieux-f-16-25-08-2025-75SZDJL6ORCBNONXEXC5YEECCQ.php\" target=\"_self\" rel=\"nofollow noopener\">des d\u00e9sormais c\u00e9l\u00e8bres chasseurs JAS Gripen 39<\/a>.<\/p>\n<p class=\"paragraph text_align_left lp-f-body-02\">Si l\u2019Ukraine a longtemps d\u00fb prioriser <a href=\"https:\/\/www.leparisien.fr\/international\/perte-dun-avion-de-combat-f-16-par-lukraine-le-point-le-plus-critique-ce-sont-les-pilotes-pas-les-avions-16-05-2025-LLT6PA4Y2BD2VBCAQUKYPAM7G4.php\" target=\"_self\" rel=\"nofollow noopener\">la livraison de F-16 am\u00e9ricains<\/a>, l\u2019\u00e9tat-major ukrainien s\u2019ouvre d\u00e9sormais \u00e0 d\u2019autres possibilit\u00e9s. <a href=\"https:\/\/www.leparisien.fr\/international\/ukraine\/guerre-en-ukraine-un-renforcement-majeur-pour-kiev-la-suede-livre-des-nouveaux-avions-de-guerre-asc-890-de-reconnaissance-radar-26-08-2025-GGC5VVWVOBFFDIED5ZADEFNU7Y.php\" target=\"_blank\" rel=\"nofollow noopener\">Le ministre su\u00e9dois de la D\u00e9fense Pal Jonson<\/a> a confirm\u00e9 avoir discut\u00e9 de cette question avec son homologue ukrainien Denys Shmyhal.<\/p>\n<p>\u00ab La construction d\u2019une capacit\u00e9 a\u00e9rienne commune \u00bb<\/p>\n<p class=\"paragraph text_align_left lp-f-body-02\">\u00ab Nous dialoguons avec l\u2019<a href=\"https:\/\/www.leparisien.fr\/international\/ukraine\/\" target=\"_self\" rel=\"nofollow noopener\">Ukraine<\/a>, et elle a manifestement exprim\u00e9 son int\u00e9r\u00eat pour le syst\u00e8me Gripen \u00bb, a expliqu\u00e9 Pal Jonson au m\u00e9dia sp\u00e9cialis\u00e9 <a href=\"https:\/\/breakingdefense.com\/2025\/09\/swedish-defense-minister-talks-post-war-long-term-endeavor-to-get-ukraine-advanced-gripens\/\" target=\"_self\" rel=\"nofollow noopener\">Breaking Defense<\/a>. Ne reste plus qu\u2019\u00e0 savoir quel type de mod\u00e8le Stockholm va-t-il accepter de c\u00e9der \u00e0 Kiev.<\/p>\n<p class=\"paragraph text_align_left lp-f-body-02\">Le PDG de Saab, Micael Johansson, avait d\u00e9j\u00e0 d\u00e9clar\u00e9 en f\u00e9vrier que la livraison du Gripen E \u00e9tait possible \u00ab au fil du temps \u00bb, mais que la d\u00e9cision finale devrait \u00eatre politique. Mais le JAS 39 Gripen E, consid\u00e9r\u00e9 par <a href=\"https:\/\/www.leparisien.fr\/culture-loisirs\/cinema\/drive-my-car-merveilleux-road-trip-sur-les-routes-du-japon-en-saab-900-18-08-2021-FPH3VMNOCBF7PDF3UA4FT2OMOI.php\" target=\"_self\" rel=\"nofollow noopener\">son fabricant Saab<\/a> comme l\u2019avion de chasse \u00ab le plus moderne au monde \u00bb, n\u2019arrivera pas tout de suite entre les mains de l\u2019arm\u00e9e ukrainienne. \u00ab Ce serait plut\u00f4t un projet \u00e0 long terme, voire la construction d\u2019une capacit\u00e9 a\u00e9rienne commune \u00bb, a pr\u00e9cis\u00e9 le ministre su\u00e9dois.<\/p>\n<p class=\"title-embed-dailymotion lp-color-text lp-f-subtitle-04\">Vid\u00e9oLe Gripen 39, l\u2019avion de chasse su\u00e9dois achet\u00e9 dans le monde entier<\/p>\n<p class=\"paragraph text_align_left lp-f-body-02\">La Su\u00e8de envisage plut\u00f4t de vendre ses Gripen E \u00e0 Kiev une fois que la guerre avec la Russie aura pris fin. Kiev pourra donc devenir un client r\u00e9gulier comme <a href=\"https:\/\/www.leparisien.fr\/international\/tensions-thailande-cambodge-cest-quoi-le-gripen-39-lavion-suedois-utilise-pour-la-premiere-fois-au-combat-26-07-2025-INP5MFUHIBCPTL3OF2H7AV7JYQ.php\" target=\"_self\" rel=\"nofollow noopener\">la Tha\u00eflande l\u2019est devenue le mois dernier<\/a> avec une commande \u00e0 hauteur de 480 millions d\u2019euros. La R\u00e9publique tch\u00e8que, la Hongrie, l\u2019Afrique du Sud et le Br\u00e9sil font \u00e9galement partie des acheteurs de Gripen.<\/p>\n<p class=\"paragraph text_align_left lp-f-body-02\">En revanche, Stockholm r\u00e9fl\u00e9chit \u00e0 une autre mani\u00e8re d\u2019aider l\u2019Ukraine, en faisant un don de chasseurs Gripen C, consid\u00e9r\u00e9s comme plus vieillissants, mais toujours aptes \u00e0 combattre. Pal Jonson s\u2019est dit \u00ab ouvert \u00e0 la discussion \u00bb autour de la cession de plusieurs appareils, dont le prix est toujours estim\u00e9 autour de 40 millions d\u2019euros par unit\u00e9.<\/p>\n","protected":false},"excerpt":{"rendered":"L\u2019Ukraine ne compte pas que sur les \u00c9tats-Unis et la France pour se fournir en avions de chasse.&hellip;\n","protected":false},"author":2,"featured_media":275585,"comment_status":"","ping_status":"","sticky":false,"template":"","format":"standard","meta":{"footnotes":""},"categories":[1590],"tags":[11,1777,674,14,12,220],"class_list":{"0":"post-369742","1":"post","2":"type-post","3":"status-publish","4":"format-standard","5":"has-post-thumbnail","7":"category-ukraine","8":"tag-actualites","9":"tag-eu","10":"tag-europe","11":"tag-international","12":"tag-news","13":"tag-ukraine"},"share_on_mastodon":{"url":"https:\/\/pubeurope.com\/@fr\/115155362318585097","error":""},"_links":{"self":[{"href":"https:\/\/www.europesays.com\/fr\/wp-json\/wp\/v2\/posts\/369742","targetHints":{"allow":["GET"]}}],"collection":[{"href":"https:\/\/www.europesays.com\/fr\/wp-json\/wp\/v2\/posts"}],"about":[{"href":"https:\/\/www.europesays.com\/fr\/wp-json\/wp\/v2\/types\/post"}],"author":[{"embeddable":true,"href":"https:\/\/www.europesays.com\/fr\/wp-json\/wp\/v2\/users\/2"}],"replies":[{"embeddable":true,"href":"https:\/\/www.europesays.com\/fr\/wp-json\/wp\/v2\/comments?post=369742"}],"version-history":[{"count":0,"href":"https:\/\/www.europesays.com\/fr\/wp-json\/wp\/v2\/posts\/369742\/revisions"}],"wp:featuredmedia":[{"embeddable":true,"href":"https:\/\/www.europesays.com\/fr\/wp-json\/wp\/v2\/media\/275585"}],"wp:attachment":[{"href":"https:\/\/www.europesays.com\/fr\/wp-json\/wp\/v2\/media?parent=369742"}],"wp:term":[{"taxonomy":"category","embeddable":true,"href":"https:\/\/www.europesays.com\/fr\/wp-json\/wp\/v2\/categories?post=369742"},{"taxonomy":"post_tag","embeddable":true,"href":"https:\/\/www.europesays.com\/fr\/wp-json\/wp\/v2\/tags?post=369742"}],"curies":[{"name":"wp","href":"https:\/\/api.w.org\/{rel}","templated":true}]}}