{"id":369770,"date":"2025-09-06T04:18:10","date_gmt":"2025-09-06T04:18:10","guid":{"rendered":"https:\/\/www.europesays.com\/fr\/369770\/"},"modified":"2025-09-06T04:18:10","modified_gmt":"2025-09-06T04:18:10","slug":"les-resultats-des-internationaux-du-psg","status":"publish","type":"post","link":"https:\/\/www.europesays.com\/fr\/369770\/","title":{"rendered":"Les r\u00e9sultats des internationaux du PSG"},"content":{"rendered":"<p>Ce jeudi soir, plusieurs internationaux du PSG \u00e9taient<br \/>\nconcern\u00e9s par les qualifications \u00e0 la Coupe du monde 2026.<\/p>\n<p>Dans cette coupure internationale, les diff\u00e9rentes s\u00e9lections<br \/>\ndisputent les qualifications pour la <strong><a href=\"https:\/\/www.fifa.com\/fr\/tournaments\/mens\/worldcup\/canadamexicousa2026\/qualifiers\" target=\"_blank\" rel=\"noopener\" title=\"\">Coupe du monde<br \/>\n2026<\/a><\/strong>. Et ce jeudi, trois Parisiens \u00e9taient sur les<br \/>\nterrains avec leur s\u00e9lection respective :<br \/>\n<strong>Marquinhos<\/strong> (<strong>Br\u00e9sil<\/strong>),<br \/>\n<strong>Willian Pacho<\/strong> (<strong>Equateur<\/strong>) et<br \/>\n<strong>Khvicha Kvaratskhelia<\/strong> (<strong>G\u00e9orgie<\/strong>).<br \/>\nDe son c\u00f4t\u00e9, <strong><a href=\"https:\/\/canal-supporters.com\/psg-les-mots-de-zabarnyi-sa-situation-la-concurrence-matvey-safonov-se-confie\/\" title=\"\" target=\"_blank\" rel=\"noopener\">Matvey Safonov<\/a><\/strong> n\u2019a pas pris part au match<br \/>\namical de la <strong>Russie<\/strong> face \u00e0 la<br \/>\n<strong>Jordanie<\/strong> (0-0).<\/p>\n<p>G\u00e9orgie \/<br \/>\nTurquie (2-3)<\/p>\n<p>Pour son premier match des qualifications \u00e0 la <strong>Coupe du<br \/>\nmonde 2026<\/strong>, la G\u00e9orgie de <strong>Khvicha<br \/>\nKvaratskhelia<\/strong> s\u2019est inclin\u00e9e \u00e0 domicile face \u00e0 la<br \/>\n<strong>Turquie<\/strong>. Titulaire dans l\u2019attaque \u00e0 deux concoct\u00e9e<br \/>\npar <strong>Willy Sagnol<\/strong>, l\u2019ailier du <strong>PSG<\/strong><br \/>\na d\u2019abord vu sa s\u00e9lection sombrer avec un 3-0 cinglant avec des<br \/>\nbuts de <strong>Mert M\u00fcld\u00fcr<\/strong> (3e) et un doubl\u00e9 de<br \/>\n<strong>Kerem Akt\u00fcrkoglu<\/strong> (41e, 52e). Mais le joueur de<br \/>\n<strong>l\u2019AS Saint-Etienne<\/strong>, <strong>Zuriko<br \/>\nDavitashvili<\/strong> a sonn\u00e9 la r\u00e9volte (63e) puis le carton rouge<br \/>\ndu Turc <strong>Baris Alper Yilmaz<\/strong> (71e) a permis \u00e0 la<br \/>\n<strong>G\u00e9orgie<\/strong> d\u2019accentuer la pression en fin de match.<br \/>\nCependant, le but tardif de <strong>Khvicha Kvaratskhelia<\/strong><br \/>\n(90\u2019+8e) n\u2019aura rien chang\u00e9. La <strong>G\u00e9orgie<\/strong> d\u00e9bute<br \/>\ndonc par une d\u00e9faite et affrontera <strong>l\u2019Espagne<\/strong> jeudi<br \/>\nprochain.<\/p>\n<p>Titulaire en attaque aux c\u00f4t\u00e9s de <strong>Georges<br \/>\nMikautadze<\/strong>, <strong>Khvicha Kvaratskhelia<\/strong> a<br \/>\ndisput\u00e9 l\u2019int\u00e9gralit\u00e9 de cette rencontre (90 minutes). Outre son<br \/>\nbut, le joueur de 24 ans a \u00e9t\u00e9 l\u2019un des offensifs les plus en vue<br \/>\nde son \u00e9quipe avec 62 ballons touch\u00e9s. Mais, le Parisien a connu un<br \/>\ngros d\u00e9chet technique dans son jeu (21 ballons perdus) et a<br \/>\nremport\u00e9 9 duels sur 17 disput\u00e9s. En plus d\u2019une passe cl\u00e9, de deux<br \/>\ntirs cadr\u00e9s et de 84 % de passes r\u00e9ussies (26\/31), l\u2019international<br \/>\ng\u00e9orgien a \u00e9galement provoqu\u00e9 quatre fautes dans cette<br \/>\nrencontre.<\/p>\n<ul class=\"wp-block-list\">\n<li>Le XI de la <strong>G\u00e9orgie<\/strong> : Mamardashvili \u2013 Kakabadze (Gocholeishvili, 85e), Goglichidze, Kashia (c), Lochoshvili (Azarovi, 68e) \u2013 Tsitaichvili (Gagnidze, 46e), Kochorashvili, Mekvabishvili (Guliashvili, 81e) , Davitashvili \u2013 Mikautadze, <strong>Kvaratskhelia<\/strong><\/li>\n<\/ul>\n<p>Br\u00e9sil \/ Chili<br \/>\n(3-0)<\/p>\n<p>Pour la 100e s\u00e9lection de <strong>Marquinhos<\/strong>, le<br \/>\n<strong>Br\u00e9sil<\/strong> s\u2019est largement impos\u00e9 face au<br \/>\n<strong>Chili<\/strong> (3-0), \u00e0 l\u2019occasion de la 17e journ\u00e9e des<br \/>\nqualifications \u00e0 la <strong>Coupe du monde<\/strong>. D\u00e9j\u00e0 qualifi\u00e9e<br \/>\npour le <strong>Mondial 2026<\/strong>, la Sele\u00e7\u00e3o<br \/>\nbrasileira n\u2019a pas \u00e9t\u00e9 inqui\u00e9t\u00e9e par la lanterne rouge du<br \/>\ngroupe. L\u2019\u00e9quipe de <strong>Carlo Ancelotti<\/strong> l\u2019a emport\u00e9<br \/>\ngr\u00e2ce \u00e0 des r\u00e9alisations d\u2019<strong>Est\u00eav\u00e3o<\/strong> (38e),<br \/>\n<strong>Lucas Paqueta<\/strong> (72e) et <strong>Bruno<br \/>\nGuimar\u00e3es<\/strong> (76e). Avec ce succ\u00e8s, le<br \/>\n<strong>Br\u00e9sil<\/strong> prend la deuxi\u00e8me place du groupe (28 pts)<br \/>\net affrontera la <strong>Bolivie<\/strong> la semaine prochaine.<\/p>\n<p>Titulaire aux c\u00f4t\u00e9s de <strong>Gabriel<\/strong> en charni\u00e8re<br \/>\ncentrale, <strong>Marquinhos<\/strong> a disput\u00e9 l\u2019int\u00e9gralit\u00e9 de la<br \/>\nrencontre (90 minutes) en portant le brassard de capitaine. Peu mis<br \/>\nen danger, le d\u00e9fenseur du <strong>PSG<\/strong> a remport\u00e9 l\u2019unique<br \/>\nduel qu\u2019il a disput\u00e9 dans cette rencontre (1\/1). Dans le jeu, le<br \/>\ncapitaine br\u00e9silien a touch\u00e9 84 ballons avec un taux de passes<br \/>\nr\u00e9ussies proche de la perfection (99 %, 79\/80) et un seul ballon<br \/>\nperdu. Il s\u2019est notamment montr\u00e9 performant dans son jeu long<br \/>\n(6\/6). Dans le m\u00e9dia <strong><a href=\"https:\/\/ge.globo.com\/futebol\/selecao-brasileira\/noticia\/2025\/09\/04\/atuacoes-da-selecao-bruno-guimaraes-e-luiz-henrique-sao-os-melhores-em-vitoria-de-suas-notas.ghtml\" target=\"_blank\" rel=\"noopener\" title=\"\">Globo<br \/>\nEsporte<\/a><\/strong>, le d\u00e9fenseur de 31 ans re\u00e7oit la note de<br \/>\n<strong>6\/10<\/strong>. \u00ab\u00a0Sa sobri\u00e9t\u00e9 habituelle avec le<br \/>\nballon aux pieds, dans les duels et dans les couvertures. Il finit<br \/>\npar passer inaper\u00e7u car il rend sa mission facile sur le<br \/>\nterrain.\u00a0\u00bb<\/p>\n<ul class=\"wp-block-list\">\n<li>Le XI du <strong>Br\u00e9sil<\/strong> : Alisson \u2013 Wesley, <strong>Marquinhos (c)<\/strong>, Gabriel, D.Santos \u2013 Guimar\u00e3es, Casemiro (A.Santos, 66e) \u2013 Est\u00eav\u00e3o (Luiz Henrique, 66e), Raphinha, Martinelli (Paqueta, 71e) \u2013 Jo\u00e3o Pedro (Kaio Jorge, 71e)<\/li>\n<\/ul>\n<p>Paraguay \/<br \/>\nEquateur (0-0)<\/p>\n<p>\u00c9galement qualifi\u00e9 pour le <strong>Mondial<\/strong> depuis<br \/>\nquelques mois, <strong>l\u2019Equateur<\/strong> d\u00e9fiait le<br \/>\n<strong>Paraguay<\/strong> dans la nuit de jeudi \u00e0 vendredi. Et avec<br \/>\nle d\u00e9fenseur du <strong>PSG<\/strong>, <strong>Willian<br \/>\nPacho<\/strong>, titulaire, La Tri a conc\u00e9d\u00e9 un match nul<br \/>\net vierge (0-0). Dominateurs dans le jeu (62% de possession de<br \/>\nballe), les Equatoriens n\u2019ont pas su tromper la vigilance du<br \/>\nportier adverse, auteur de trois arr\u00eats. Si ce r\u00e9sultat nul fait<br \/>\nchuter <strong>l\u2019Equateur<\/strong> \u00e0 la quatri\u00e8me place (26 pts),<br \/>\nla d\u00e9fense continue d\u2019impressionner dans ces qualifications avec<br \/>\nseulement cinq buts encaiss\u00e9s en 17 journ\u00e9es. Et la ligne d\u00e9fensive<br \/>\n<strong>Joel Ord\u00f3\u00f1ez<\/strong>, <strong>Willian Pacho<\/strong>,<br \/>\n<strong>Piero Hincapi\u00e9<\/strong> et <strong>Pervis<br \/>\nEstupi\u00f1\u00e1n<\/strong> a affich\u00e9 sa solidit\u00e9 habituelle. Pour son<br \/>\nprochain match, <strong>l\u2019Equateur<\/strong> affrontera<br \/>\n<strong>l\u2019Argentine<\/strong>, large leader du groupe (38 pts).<\/p>\n<p>Le d\u00e9fenseur du <strong>PSG<\/strong>, <strong><a href=\"https:\/\/canal-supporters.com\/willian-pacho-decore-par-lassemblee-nationale-de-lequateur\/\" title=\"\" target=\"_blank\" rel=\"noopener\">Willian Pacho<\/a><\/strong>, a disput\u00e9 l\u2019int\u00e9gralit\u00e9 du<br \/>\nmatch (90 minutes) et a une nouvelle fois impressionn\u00e9. Il a<br \/>\nremport\u00e9 4 duels sur 5 et r\u00e9alis\u00e9 7 r\u00e9cup\u00e9rations. Avec 81 ballons<br \/>\ntouch\u00e9s, pour seulement 4 pertes de balle, l\u2019ancien de<br \/>\n<strong>Francfort<\/strong> a un taux de r\u00e9ussite de 96 % dans ses<br \/>\npasses. Il a notamment \u00e9t\u00e9 pr\u00e9cis dans son jeu long (4\/6).<\/p>\n<ul class=\"wp-block-list\">\n<li>Le XI de <strong>l\u2019Equateur<\/strong> : Galindez (c) \u2013 Ord\u00f3\u00f1ez, <strong>Pacho<\/strong>, Hincapi\u00e9, Estupi\u00f1\u00e1n (Torres, 85e) \u2013 Preciado, Alcivar, Vite (Mercado, 90e), Angulo (Minda, 85e) \u2013 Paez (Plata, 70e) \u2013 E.Valencia (K.Rodriguez, 70e)<\/li>\n<\/ul>\n<p>Youtube :<br \/>\n<strong><a href=\"https:\/\/www.youtube.com\/@CanalSupportersParis\" target=\"_blank\" rel=\"noopener\" title=\"\">Canal Supporters<br \/>\nParis<\/a><\/strong><\/p>\n","protected":false},"excerpt":{"rendered":"Ce jeudi soir, plusieurs internationaux du PSG \u00e9taient concern\u00e9s par les qualifications \u00e0 la Coupe du monde 2026.&hellip;\n","protected":false},"author":2,"featured_media":369771,"comment_status":"","ping_status":"","sticky":false,"template":"","format":"standard","meta":{"footnotes":""},"categories":[1410],"tags":[2548,81,787,34464,63,1011,27,12337,13297,791,91,92,93,50411,28853,60,96,13197],"class_list":{"0":"post-369770","1":"post","2":"type-post","3":"status-publish","4":"format-standard","5":"has-post-thumbnail","7":"category-football","8":"tag-bresil","9":"tag-canal-supporters","10":"tag-cs","11":"tag-equateur","12":"tag-football","13":"tag-fr","14":"tag-france","15":"tag-georgie","16":"tag-khvicha-kvaratskhelia","17":"tag-marquinhos","18":"tag-paris-saint-germain","19":"tag-paris-sg","20":"tag-psg","21":"tag-qualifications-coupe-du-monde-2026","22":"tag-selections","23":"tag-sports","24":"tag-une","25":"tag-willian-pacho"},"share_on_mastodon":{"url":"https:\/\/pubeurope.com\/@fr\/115155429264237244","error":""},"_links":{"self":[{"href":"https:\/\/www.europesays.com\/fr\/wp-json\/wp\/v2\/posts\/369770","targetHints":{"allow":["GET"]}}],"collection":[{"href":"https:\/\/www.europesays.com\/fr\/wp-json\/wp\/v2\/posts"}],"about":[{"href":"https:\/\/www.europesays.com\/fr\/wp-json\/wp\/v2\/types\/post"}],"author":[{"embeddable":true,"href":"https:\/\/www.europesays.com\/fr\/wp-json\/wp\/v2\/users\/2"}],"replies":[{"embeddable":true,"href":"https:\/\/www.europesays.com\/fr\/wp-json\/wp\/v2\/comments?post=369770"}],"version-history":[{"count":0,"href":"https:\/\/www.europesays.com\/fr\/wp-json\/wp\/v2\/posts\/369770\/revisions"}],"wp:featuredmedia":[{"embeddable":true,"href":"https:\/\/www.europesays.com\/fr\/wp-json\/wp\/v2\/media\/369771"}],"wp:attachment":[{"href":"https:\/\/www.europesays.com\/fr\/wp-json\/wp\/v2\/media?parent=369770"}],"wp:term":[{"taxonomy":"category","embeddable":true,"href":"https:\/\/www.europesays.com\/fr\/wp-json\/wp\/v2\/categories?post=369770"},{"taxonomy":"post_tag","embeddable":true,"href":"https:\/\/www.europesays.com\/fr\/wp-json\/wp\/v2\/tags?post=369770"}],"curies":[{"name":"wp","href":"https:\/\/api.w.org\/{rel}","templated":true}]}}