{"id":369800,"date":"2025-09-06T04:37:25","date_gmt":"2025-09-06T04:37:25","guid":{"rendered":"https:\/\/www.europesays.com\/fr\/369800\/"},"modified":"2025-09-06T04:37:25","modified_gmt":"2025-09-06T04:37:25","slug":"decouvrez-les-quatre-sites-departementaux-selectionnes-pour-le-loto-du-patrimoine-2025-en-lorraine","status":"publish","type":"post","link":"https:\/\/www.europesays.com\/fr\/369800\/","title":{"rendered":"D\u00e9couvrez les quatre sites d\u00e9partementaux s\u00e9lectionn\u00e9s pour le Loto du patrimoine 2025 en Lorraine"},"content":{"rendered":"<p class=\"article__intro\">Les sites lorrains qui b\u00e9n\u00e9ficieront de la Mission Patrimoine 2025, soutenue par St\u00e9phane Bern, ont \u00e9t\u00e9 d\u00e9voil\u00e9s ce lundi 1er septembre 2025. Parmi les 102 projets retenus en France, quatre en Lorraine. Un dans chaque d\u00e9partement : Obergailbach (Moselle), Grand Nancy (Meurthe-et-Moselle), Euville (Meuse) et Viviers-le-Gras (Vosges).<\/p>\n<p>\n      L\u2019actu des r\u00e9gions\n    <\/p>\n<p>\n      Chaque jour, un tour d\u2019horizon des principales infos de toutes les r\u00e9gions.\n    <\/p>\n<p>    France T\u00e9l\u00e9visions utilise votre adresse e-mail afin de vous envoyer la newsletter \u00ab\u00a0L\u2019actu des r\u00e9gions\u00a0\u00bb. Vous pouvez vous d\u00e9sinscrire \u00e0 tout moment via le lien en bas de cette newsletter. <a target=\"_blank\" href=\"https:\/\/www.francetelevisions.fr\/groupe\/confidentialite\/politique-de-confidentialite\/politique-de-confidentialite-de-france-televisions-6503\" rel=\"nofollow noopener\">Notre politique de confidentialit\u00e9<\/a><\/p>\n<p>C&rsquo;est \u00e0 la fois un lieu unique et m\u00e9connu en Lorraine. Situ\u00e9 pr\u00e8s de Commercy dans la Meuse, le site d&rsquo;Euville est r\u00e9put\u00e9 pour ses carri\u00e8res, exploit\u00e9es depuis le XVI\u00e8 si\u00e8cle. Sa pierre, caract\u00e9ris\u00e9e par un grain tr\u00e8s fin et une grande blancheur a \u00e9t\u00e9 utilis\u00e9e dans la construction de nombreux b\u00e2timents locaux comme la cath\u00e9drale Saint Etienne (Toul), le pont de Dommartin les Toul mais aussi la plupart des monuments \u00e9difi\u00e9s depuis Napol\u00e9on III \u00e0 Paris. Le CV est impressionnant : Louvre, Grand et Petit Palais, Op\u00e9ra, Gare de l&rsquo;Est ou encore le pont Alexandre III.<\/p>\n<\/p>\n<p>Cette longue histoire a laiss\u00e9 des traces et un patrimoine comme la maison Civet, t\u00e9moin majeur des anciennes carri\u00e8res d\u2019Euville et qui ambitionne de devenir la future porte d\u2019entr\u00e9e culturelle et touristique du site. \u00ab\u00a0Ce b\u00e2timent historique, t\u00e9moin de l\u2019exploitation du calcaire local, accueillait autrefois les bureaux de l\u2019entreprise Civet-Pommier qui exploitait les lieux\u00a0\u00bb explique Ren\u00e9 Maillard, de l&rsquo;<a href=\"https:\/\/www.facebook.com\/p\/Euville-Patrimoine-et-Culture-100083200816959\/\" target=\"_blank\" rel=\"noopener nofollow\">association Euville patrimoine et culture<\/a>, \u00ab\u00a0cela fait une quarantaine d&rsquo;ann\u00e9es qu&rsquo;il n&rsquo;est plus occup\u00e9. Les toitures sont tr\u00e8s d\u00e9grad\u00e9es et plusieurs parties des murs souffrent.\u00a0\u00bb<\/p>\n<p>Le fait d&rsquo;\u00eatre retenu parmi les b\u00e9n\u00e9ficiaires du <a href=\"https:\/\/www.missionbern.fr\/\" target=\"_blank\" rel=\"noopener nofollow\">Loto du patrimoine<\/a> est une \u00ab\u00a0excellente nouvelle\u00a0\u00bb s&rsquo;enthousiasme Ren\u00e9 Maillard, \u00ab\u00a0cette dotation est plus que la bienvenue. Lorsqu&rsquo;on a entrepris la d\u00e9marche, on a toujours pens\u00e9 que \u00e7a pouvait fonctionner. C&rsquo;est une reconnaissance pour notre projet,\u00a0 notre travail mais aussi une garantie pour obtenir d&rsquo;autres sources de financement qui seront n\u00e9cessaires au regard de l&rsquo;ampleur des travaux.\u00a0\u00bb<\/p>\n<p>Ces derniers devraient d\u00e9buter courant 2026 avec une premi\u00e8re tranche \u00ab\u00a0concernant les urgences\u00a0\u00bb avec la reprise compl\u00e8te des charpentes et des couvertures du b\u00e2timent principal et de l\u2019aile sud, la r\u00e9fection des ma\u00e7onneries et le remplacement des menuiseries ext\u00e9rieures. \u00c0 long terme, l&rsquo;objectif \u00ab\u00a0est de t\u00e9moigner de l&rsquo;existence de ce riche pass\u00e9 mais aussi d&rsquo;accueillir des expositions\u00a0\u00bb.<\/p>\n<p>En Lorraine, trois autres lieux, un dans chaque d\u00e9partement, vont \u00e9galement b\u00e9n\u00e9ficier d&rsquo;un coup de pouce. Il s&rsquo;agit notamment de la chapelle Notre-Dame de l\u2019Esp\u00e9rance (Meurthe-et-Moselle), consid\u00e9r\u00e9e selon la Mission Bern comme \u00ab\u00a0un symbole de l\u2019architecture religieuse hospitali\u00e8re du XXe si\u00e8cle \u00e0 pr\u00e9server\u00a0\u00bb et propri\u00e9t\u00e9 du Centre Hospitalier R\u00e9gional Universitaire de Nancy, \u00ab\u00a0la derni\u00e8re construite dans un ensemble hospitalier de grande taille.\u00a0\u00bb Ouvert au public, le lieu continue d&rsquo;accueillir au quotidien des personnes (en deuil, familles, parents d\u2019enfants hospitalis\u00e9 au CHRU) mais n\u00e9cessite une remise en \u00e9tat de la charpente afin de r\u00e9tablir l\u2019\u00e9tanch\u00e9it\u00e9 de la toiture.<\/p>\n<p><a data-article-figure=\"\" href=\"https:\/\/france3-regions.franceinfo.fr\/image\/HV7-zv_Tab7vUuJseEbt47-mzmM\/5472x3648\/regions\/2025\/09\/01\/54-68b5ac29af420311373516.jpg\" data-pswp-width=\"5472\" data-pswp-height=\"3648\" target=\"_blank\" rel=\"nofollow noopener\"><\/p>\n<p>          <img width=\"600\" height=\"400\" class=\"article-image lazy\" data-src=\"https:\/\/www.europesays.com\/fr\/wp-content\/uploads\/2025\/09\/54-68b5ac29af420311373516.jpg\" alt=\"La chapelle Notre-Dame de l\u2019Esp\u00e9rance, \u00e9rig\u00e9e au Centre Hospitalier R\u00e9gional Universitaire de Nancy est consid\u00e9r\u00e9e comme un symbole de l\u2019architecture religieuse hospitali\u00e8re du XXe si\u00e8cle.\" fetchpriority=\"high\" as=\"image\"\/><\/p>\n<p>\n            La chapelle Notre-Dame de l\u2019Esp\u00e9rance, \u00e9rig\u00e9e au Centre Hospitalier R\u00e9gional Universitaire de Nancy est consid\u00e9r\u00e9e comme un symbole de l\u2019architecture religieuse hospitali\u00e8re du XXe si\u00e8cle.<br \/>\n                           \u2022<br \/>\n                                      \u00a9 CHRU de Nancy\n                      <\/p>\n<p><\/a><\/p>\n<p>Dans les Vosges, un autre b\u00e2timent religieux a \u00e9t\u00e9 s\u00e9lectionn\u00e9. Il s&rsquo;agit de l\u2019\u00e9glise Saint-Elophe \u00e0 Viviers-le-Gras dont la particularit\u00e9 est de m\u00ealer art roman et gothique flamboyant. Elle est aujourd\u2019hui consid\u00e9r\u00e9e en grand \u00e9tat de p\u00e9ril. Le dernier lieu n\u00e9cessitant restauration est une maison lorraine situ\u00e9e dans le village d\u2019Obergailbach (Moselle). Sa particularit\u00e9 : un grand pignon, cot\u00e9 Nord, marqu\u00e9 par des fen\u00eatres \u00e0 meneaux et un colombage dont le style est dat\u00e9 de la fin de la Renaissance.<\/p>\n<p><a data-article-figure=\"\" href=\"https:\/\/france3-regions.franceinfo.fr\/image\/AvdjH9A7hIBAlH8dx13-MR1X5aI\/3264x2448\/regions\/2025\/09\/01\/eglise-staint-elophe-eglise-st-elophe-37926c4ae0-68b5acfe1e042830402802.jpg\" data-pswp-width=\"3264\" data-pswp-height=\"2448\" target=\"_blank\" rel=\"nofollow noopener\"><\/p>\n<p>          <img width=\"600\" height=\"400\" class=\"article-image lazy\" data-src=\"https:\/\/www.europesays.com\/fr\/wp-content\/uploads\/2025\/09\/eglise-staint-elophe-eglise-st-elophe-37926c4ae0-68b5acfe1e042830402802.jpg\" alt=\"Situ\u00e9e \u00e0 proximit\u00e9 de Vittel-Contrex\u00e9ville, l\u2019\u00e9glise Saint-Elophe m\u00eale art roman et gothique flamboyant. Elle est aujourd\u2019hui en grand \u00e9tat de p\u00e9ril.\" fetchpriority=\"high\" as=\"image\"\/><\/p>\n<p>\n            Situ\u00e9e \u00e0 proximit\u00e9 de Vittel-Contrex\u00e9ville, l\u2019\u00e9glise Saint-Elophe m\u00eale art roman et gothique flamboyant. Elle est aujourd\u2019hui en grand \u00e9tat de p\u00e9ril.<br \/>\n                           \u2022<br \/>\n                                      \u00a9 DR\n                      <\/p>\n<p><\/a><\/p>\n<p>Le montant de la dotation de chaque site d\u00e9partemental sera annonc\u00e9 en fin d\u2019ann\u00e9e en fonction des ventes des jeux \u00ab\u00a0Mission Patrimoine\u00a0\u00bb.<\/p>\n","protected":false},"excerpt":{"rendered":"Les sites lorrains qui b\u00e9n\u00e9ficieront de la Mission Patrimoine 2025, soutenue par St\u00e9phane Bern, ont \u00e9t\u00e9 d\u00e9voil\u00e9s ce&hellip;\n","protected":false},"author":2,"featured_media":369801,"comment_status":"","ping_status":"","sticky":false,"template":"","format":"standard","meta":{"footnotes":""},"categories":[9635],"tags":[1111,11,1777,674,1011,27,775,1702,12,25],"class_list":{"0":"post-369800","1":"post","2":"type-post","3":"status-publish","4":"format-standard","5":"has-post-thumbnail","7":"category-nancy","8":"tag-actu","9":"tag-actualites","10":"tag-eu","11":"tag-europe","12":"tag-fr","13":"tag-france","14":"tag-grand-est","15":"tag-nancy","16":"tag-news","17":"tag-republique-francaise"},"share_on_mastodon":{"url":"https:\/\/pubeurope.com\/@fr\/115155503893256079","error":""},"_links":{"self":[{"href":"https:\/\/www.europesays.com\/fr\/wp-json\/wp\/v2\/posts\/369800","targetHints":{"allow":["GET"]}}],"collection":[{"href":"https:\/\/www.europesays.com\/fr\/wp-json\/wp\/v2\/posts"}],"about":[{"href":"https:\/\/www.europesays.com\/fr\/wp-json\/wp\/v2\/types\/post"}],"author":[{"embeddable":true,"href":"https:\/\/www.europesays.com\/fr\/wp-json\/wp\/v2\/users\/2"}],"replies":[{"embeddable":true,"href":"https:\/\/www.europesays.com\/fr\/wp-json\/wp\/v2\/comments?post=369800"}],"version-history":[{"count":0,"href":"https:\/\/www.europesays.com\/fr\/wp-json\/wp\/v2\/posts\/369800\/revisions"}],"wp:featuredmedia":[{"embeddable":true,"href":"https:\/\/www.europesays.com\/fr\/wp-json\/wp\/v2\/media\/369801"}],"wp:attachment":[{"href":"https:\/\/www.europesays.com\/fr\/wp-json\/wp\/v2\/media?parent=369800"}],"wp:term":[{"taxonomy":"category","embeddable":true,"href":"https:\/\/www.europesays.com\/fr\/wp-json\/wp\/v2\/categories?post=369800"},{"taxonomy":"post_tag","embeddable":true,"href":"https:\/\/www.europesays.com\/fr\/wp-json\/wp\/v2\/tags?post=369800"}],"curies":[{"name":"wp","href":"https:\/\/api.w.org\/{rel}","templated":true}]}}