{"id":369810,"date":"2025-09-06T04:43:41","date_gmt":"2025-09-06T04:43:41","guid":{"rendered":"https:\/\/www.europesays.com\/fr\/369810\/"},"modified":"2025-09-06T04:43:41","modified_gmt":"2025-09-06T04:43:41","slug":"division-1-baseball-2025-place-a-la-finale-rouen-accueille-montpellier-ce-week-end","status":"publish","type":"post","link":"https:\/\/www.europesays.com\/fr\/369810\/","title":{"rendered":"Division 1 Baseball 2025 &#8211; Place \u00e0 la finale : Rouen accueille Montpellier ce week-end !"},"content":{"rendered":"<p>&#13;<\/p>\n<p>\t\t\t\t\t<img width=\"1920\" height=\"1280\" src=\"https:\/\/www.europesays.com\/fr\/wp-content\/uploads\/2025\/09\/Glenn_Gervot_CdF_MA3_2025-05-09_12803.jpg\" class=\"attachment-post-thumbnail size-post-thumbnail wp-post-image\" alt=\"\" decoding=\"async\" fetchpriority=\"high\"  \/>\t\t\t\t\t<\/p>\n<p class=\"categorie d1-baseball\">&#13;<br \/>\n\t\t\t\t\t\t\tDivision 1 Baseball\t\t\t\t\t\t<\/p>\n<p class=\"date-articles\">Publication } 05-09-2025<\/p>\n<p>Cr\u00e9dit photos : Glenn GERVOT<\/p>\n<p>La finale du Championnat de France de <strong>Division 1 Baseball 2025<\/strong> d\u00e9bute ce week-end \u00e0 Rouen. Les Huskies, tenants d\u2019une longue tradition de succ\u00e8s, affrontent les Barracudas de Montpellier dans une s\u00e9rie au meilleur des cinq matchs.<\/p>\n<p><img loading=\"lazy\" decoding=\"async\" width=\"1080\" height=\"1350\" src=\"https:\/\/www.europesays.com\/fr\/wp-content\/uploads\/2025\/09\/finale.jpg\" alt=\"\" class=\"wp-image-55061\" style=\"width:427px;height:auto\"  \/><\/p>\n<ul class=\"wp-block-list\">\n<li><strong>Match 1 : samedi 6 septembre \u00e0 Rouen<\/strong><\/li>\n<li><strong>Match 2 : dimanche 7 septembre \u00e0 Rouen<\/strong><\/li>\n<\/ul>\n<p>Le duel s\u2019annonce particuli\u00e8rement \u00e9quilibr\u00e9 : en saison r\u00e9guli\u00e8re, les deux \u00e9quipes se sont impos\u00e9es chacune \u00e0 domicile, deux victoires partout. Montpellier s\u2019est distingu\u00e9 par une attaque redoutable, tandis que Rouen pourra compter sur son exp\u00e9rience et son mental de champion.<\/p>\n<p>Une affiche prometteuse qui tiendra en haleine tous les passionn\u00e9s de Baseball fran\u00e7ais.<\/p>\n<p>Suivez le calendrier, les r\u00e9sultats et les statistiques sur\u00a0<a href=\"https:\/\/ffbs.wbsc.org\/fr\/events\/2025-championnat-de-france-division-1-baseball\/schedule-and-results\" target=\"_blank\" rel=\"noreferrer noopener nofollow\">ffbs.wbsc.org<\/a>.<\/p>\n<p>\t\t\t\t&#13;<br \/>\n\t\t\t\t&#13;<\/p>\n","protected":false},"excerpt":{"rendered":"&#13; &#13; Division 1 Baseball Publication } 05-09-2025 Cr\u00e9dit photos : Glenn GERVOT La finale du Championnat de&hellip;\n","protected":false},"author":2,"featured_media":369811,"comment_status":"","ping_status":"","sticky":false,"template":"","format":"standard","meta":{"footnotes":""},"categories":[9587],"tags":[1111,11,1777,674,1011,27,12,5161,25,9590],"class_list":{"0":"post-369810","1":"post","2":"type-post","3":"status-publish","4":"format-standard","5":"has-post-thumbnail","7":"category-rouen","8":"tag-actu","9":"tag-actualites","10":"tag-eu","11":"tag-europe","12":"tag-fr","13":"tag-france","14":"tag-news","15":"tag-normandie","16":"tag-republique-francaise","17":"tag-rouen"},"share_on_mastodon":{"url":"https:\/\/pubeurope.com\/@fr\/115155527486797091","error":""},"_links":{"self":[{"href":"https:\/\/www.europesays.com\/fr\/wp-json\/wp\/v2\/posts\/369810","targetHints":{"allow":["GET"]}}],"collection":[{"href":"https:\/\/www.europesays.com\/fr\/wp-json\/wp\/v2\/posts"}],"about":[{"href":"https:\/\/www.europesays.com\/fr\/wp-json\/wp\/v2\/types\/post"}],"author":[{"embeddable":true,"href":"https:\/\/www.europesays.com\/fr\/wp-json\/wp\/v2\/users\/2"}],"replies":[{"embeddable":true,"href":"https:\/\/www.europesays.com\/fr\/wp-json\/wp\/v2\/comments?post=369810"}],"version-history":[{"count":0,"href":"https:\/\/www.europesays.com\/fr\/wp-json\/wp\/v2\/posts\/369810\/revisions"}],"wp:featuredmedia":[{"embeddable":true,"href":"https:\/\/www.europesays.com\/fr\/wp-json\/wp\/v2\/media\/369811"}],"wp:attachment":[{"href":"https:\/\/www.europesays.com\/fr\/wp-json\/wp\/v2\/media?parent=369810"}],"wp:term":[{"taxonomy":"category","embeddable":true,"href":"https:\/\/www.europesays.com\/fr\/wp-json\/wp\/v2\/categories?post=369810"},{"taxonomy":"post_tag","embeddable":true,"href":"https:\/\/www.europesays.com\/fr\/wp-json\/wp\/v2\/tags?post=369810"}],"curies":[{"name":"wp","href":"https:\/\/api.w.org\/{rel}","templated":true}]}}