{"id":369812,"date":"2025-09-06T04:45:18","date_gmt":"2025-09-06T04:45:18","guid":{"rendered":"https:\/\/www.europesays.com\/fr\/369812\/"},"modified":"2025-09-06T04:45:18","modified_gmt":"2025-09-06T04:45:18","slug":"municipales-a-grenoble-ou-en-sont-les-candidatures-a-six-mois-du-scrutin","status":"publish","type":"post","link":"https:\/\/www.europesays.com\/fr\/369812\/","title":{"rendered":"Municipales \u00e0 Grenoble\u00a0: o\u00f9 en sont les candidatures \u00e0 six mois du scrutin\u00a0?"},"content":{"rendered":"<p>Candidats d\u00e9clar\u00e9s, listes en constructions et tractations, \u00e0 bient\u00f4t six mois des \u00e9lections municipales de mars 2026, on fait le point sur la situation \u00e0 Grenoble o\u00f9 l&rsquo;actuel maire, Eric Piolle ne se repr\u00e9sente pas. <\/p>\n<p>\u00c0 Grenoble, la mairie est \u00e0 prendre. Le maire actuel, Eric Piolle ne se repr\u00e9sente pas. R\u00e9sultat\u00a0: ce ne sont pas les candidats qui manquent pour tenter de s&#8217;emparer de l&rsquo;h\u00f4tel de ville en mars prochain. Si sur toute la moiti\u00e9 droite de l&rsquo;\u00e9chiquier politique, le processus est d\u00e9j\u00e0 bien avanc\u00e9, les discussions sont encore en cours \u00e0 gauche. <strong>ICI Is\u00e8re fait le point \u00e0 six mois du scrutin \u00e0 Grenoble<\/strong>.<\/p>\n<p>Les candidats lanc\u00e9s dans la campagne<\/p>\n<p><strong>Du centre-droit \u00e0 l&rsquo;extr\u00eame-droite, les projets sont lanc\u00e9s depuis un moment d\u00e9j\u00e0<\/strong>. L&rsquo;avocat Herv\u00e9 Gerbi est officiellement candidat, investi par Horizons, le parti d&rsquo;Edouard Philippe, avec pour but d&rsquo;incarner une politique centriste qui rejette \u00ab\u00a0les extr\u00eames\u00a0\u00bb. Figure bien connue des Grenoblois, Alain Carignon n&rsquo;a pas le sceau des R\u00e9publicains mais repr\u00e9sentera la droite traditionnelle en mars prochain. Le Rassemblement national a \u00e9galement son candidat, ce sera Valentin Gabriac, 32 ans et ancien responsable des jeunes du RN en Is\u00e8re. Reste \u00e0 savoir si Renaissance, le parti pr\u00e9sidentiel et notamment l&rsquo;ancienne d\u00e9put\u00e9e Emilie Chalas, partira seule ou rejoindra un autre projet.<\/p>\n<p><img loading=\"lazy\" decoding=\"async\" class=\"VisualPreview svelte-1rldrkz\" src=\"data:image\/jpeg;base64,\/9j\/2wBDACgcHiMeGSgjISMtKygwPGRBPDc3PHtYXUlkkYCZlo+AjIqgtObDoKrarYqMyP\/L2u71\/\/\/\/m8H\/\/\/\/6\/+b9\/\/j\/2wBDASstLTw1PHZBQXb4pYyl+Pj4+Pj4+Pj4+Pj4+Pj4+Pj4+Pj4+Pj4+Pj4+Pj4+Pj4+Pj4+Pj4+Pj4+Pj4+Pj4+Pj\/wAARCAAXACoDASIAAhEBAxEB\/8QAFwABAQEBAAAAAAAAAAAAAAAAAAIDAf\/EABgQAQEBAQEAAAAAAAAAAAAAAAABAhES\/8QAFQEBAQAAAAAAAAAAAAAAAAAAAQD\/xAAVEQEBAAAAAAAAAAAAAAAAAAAAEf\/aAAwDAQACEQMRAD8A16IlUISudLUXSCuuemd057KXitOgUnVY60ATO6T6Ap\/\/2Q==\" alt=\"Herv\u00e9 Gerbi , investi par Horizons et Alain Carignon pour la droite, sont tous les deux candidats.\" width=\"600\" height=\"337\"\/>  Herv\u00e9 Gerbi , investi par Horizons et Alain Carignon pour la droite, sont tous les deux candidats. \u00a9 Radio France La gauche commence \u00e0 s&rsquo;organiser et discute<\/p>\n<p>Sur la gauche de l&rsquo;\u00e9chiquier politique, c&rsquo;est beaucoup plus flou mais \u00e7a commence \u00e0 s&rsquo;organiser. <strong>Les sociaux-d\u00e9mocrates de \u00ab\u00a0Grenoble Capitale Ind\u00e9pendante\u00a0\u00bb men\u00e9s par Romain Gentil se lancent<\/strong>, avec notamment Place publique de Rapha\u00ebl Glucksmann, le parti radical de gauche et les \u00e9cologistes d&rsquo;Equinox. Annonce faite ce vendredi 5 septembre. Il pourrait \u00eatre rejoint par la socialiste Amandine Germain, il y a \u00ab\u00a0des atomes crochus\u00a0\u00bb, mais rien n&rsquo;est fait.<\/p>\n<p>Chez les \u00e9cologistes, il y a du mouvement. Actuellement, un quatuor de \u00ab\u00a0volontaires\u00a0\u00bb sont candidats pour mener la liste. Il s&rsquo;agit des conseill\u00e8res municipales Lucille Lheureux et Margot Belair, Laurence Ruffin, la pr\u00e9sidente de la Scop Alma, rejoints par le communiste Nicolas Beron-Perez. <strong>Pour les d\u00e9partager, la campagne annonce donc un vote, ce sera le 21 septembre<\/strong>. Une nouvelle m\u00e9thode o\u00f9 tous les militants issus des Ecologistes, de G\u00e9n\u00e9rations, du parti animaliste, mais aussi des associations et collectifs engag\u00e9s, seront invit\u00e9s \u00e0 y participer. Une grande soir\u00e9e o\u00f9 chacun pr\u00e9sentera ses id\u00e9es doit \u00eatre organis\u00e9e la semaine pr\u00e9c\u00e9dent le scrutin et le 22 novembre, la t\u00eate de liste sera donc choisie. <strong>Un processus qui veut aussi apaiser le climat interne<\/strong>. Comme le r\u00e9v\u00e8le le Dauphin\u00e9 Lib\u00e9r\u00e9, Lucille Lheureux a d\u00e9nonc\u00e9 aupr\u00e8s des instances nationales des \u00e9cologistes, des pressions sur sa candidature ainsi que du sexisme. \u00ab\u00a0Les m\u00e9thodes \u00e9voqu\u00e9es n&rsquo;ont pas leur place au sein de notre collectif,\u00a0\u00bb r\u00e9agit la campagne grenobloise ce vendredi, qui en appelle \u00e0 ce que tous les candidats soient trait\u00e9s de mani\u00e8re \u00e9gale.<\/p>\n<p><img loading=\"lazy\" decoding=\"async\" class=\"VisualPreview svelte-1rldrkz\" src=\"data:image\/jpeg;base64,\/9j\/2wBDACgcHiMeGSgjISMtKygwPGRBPDc3PHtYXUlkkYCZlo+AjIqgtObDoKrarYqMyP\/L2u71\/\/\/\/m8H\/\/\/\/6\/+b9\/\/j\/2wBDASstLTw1PHZBQXb4pYyl+Pj4+Pj4+Pj4+Pj4+Pj4+Pj4+Pj4+Pj4+Pj4+Pj4+Pj4+Pj4+Pj4+Pj4+Pj4+Pj4+Pj\/wAARCAAXACoDASIAAhEBAxEB\/8QAGAAAAwEBAAAAAAAAAAAAAAAAAAIDAQT\/xAAYEAEBAQEBAAAAAAAAAAAAAAAAAQIREv\/EABYBAQEBAAAAAAAAAAAAAAAAAAECAP\/EABYRAQEBAAAAAAAAAAAAAAAAAAABEf\/aAAwDAQACEQMRAD8AeU00j6b6BUukt6F0nrTHE91Lp9VMh19HQAYW0toDKT0QBSa\/\/9k=\" alt=\"Lucille Lheureux, Margot Belair, Laurence Ruffin et Nicolas Beron-Perez, quatre volontaires en lice pour mener la liste des Ecologistes en mars 2026.\" width=\"600\" height=\"337\"\/>  Lucille Lheureux, Margot Belair, Laurence Ruffin et Nicolas Beron-Perez, quatre volontaires en lice pour mener la liste des Ecologistes en mars 2026. \u00a9 Radio France <\/p>\n<p><strong>Et les Insoumis\u00a0?<\/strong> Feront-ils cavalier seul ou s&rsquo;allieront-ils aux \u00e9cologistes\u00a0? C&rsquo;est la question au c\u0153ur des discussions de la France Insoumise ce week-end notamment mais <strong>ils semblent s&rsquo;orienter de plus en plus vers une candidature ind\u00e9pendante<\/strong>, en solo.<\/p>\n","protected":false},"excerpt":{"rendered":"Candidats d\u00e9clar\u00e9s, listes en constructions et tractations, \u00e0 bient\u00f4t six mois des \u00e9lections municipales de mars 2026, on&hellip;\n","protected":false},"author":2,"featured_media":369813,"comment_status":"","ping_status":"","sticky":false,"template":"","format":"standard","meta":{"footnotes":""},"categories":[9566],"tags":[1111,11,2430,1777,674,1011,27,2731,12,25],"class_list":{"0":"post-369812","1":"post","2":"type-post","3":"status-publish","4":"format-standard","5":"has-post-thumbnail","7":"category-grenoble","8":"tag-actu","9":"tag-actualites","10":"tag-auvergne-rhone-alpes","11":"tag-eu","12":"tag-europe","13":"tag-fr","14":"tag-france","15":"tag-grenoble","16":"tag-news","17":"tag-republique-francaise"},"share_on_mastodon":{"url":"https:\/\/pubeurope.com\/@fr\/115155535353079643","error":""},"_links":{"self":[{"href":"https:\/\/www.europesays.com\/fr\/wp-json\/wp\/v2\/posts\/369812","targetHints":{"allow":["GET"]}}],"collection":[{"href":"https:\/\/www.europesays.com\/fr\/wp-json\/wp\/v2\/posts"}],"about":[{"href":"https:\/\/www.europesays.com\/fr\/wp-json\/wp\/v2\/types\/post"}],"author":[{"embeddable":true,"href":"https:\/\/www.europesays.com\/fr\/wp-json\/wp\/v2\/users\/2"}],"replies":[{"embeddable":true,"href":"https:\/\/www.europesays.com\/fr\/wp-json\/wp\/v2\/comments?post=369812"}],"version-history":[{"count":0,"href":"https:\/\/www.europesays.com\/fr\/wp-json\/wp\/v2\/posts\/369812\/revisions"}],"wp:featuredmedia":[{"embeddable":true,"href":"https:\/\/www.europesays.com\/fr\/wp-json\/wp\/v2\/media\/369813"}],"wp:attachment":[{"href":"https:\/\/www.europesays.com\/fr\/wp-json\/wp\/v2\/media?parent=369812"}],"wp:term":[{"taxonomy":"category","embeddable":true,"href":"https:\/\/www.europesays.com\/fr\/wp-json\/wp\/v2\/categories?post=369812"},{"taxonomy":"post_tag","embeddable":true,"href":"https:\/\/www.europesays.com\/fr\/wp-json\/wp\/v2\/tags?post=369812"}],"curies":[{"name":"wp","href":"https:\/\/api.w.org\/{rel}","templated":true}]}}