{"id":369814,"date":"2025-09-06T04:46:10","date_gmt":"2025-09-06T04:46:10","guid":{"rendered":"https:\/\/www.europesays.com\/fr\/369814\/"},"modified":"2025-09-06T04:46:10","modified_gmt":"2025-09-06T04:46:10","slug":"pres-de-rennes-l214-se-mobilise-devant-ce-supermarche","status":"publish","type":"post","link":"https:\/\/www.europesays.com\/fr\/369814\/","title":{"rendered":"pr\u00e8s de Rennes, L214 se mobilise devant ce supermarch\u00e9"},"content":{"rendered":"<p>            Par<br \/>\n        <strong><br \/>\n            <a href=\"https:\/\/actu.fr\/auteur\/laurene-fertin\" title=\"Consulter tous les articles de Laur\u00e8ne Fertin\" target=\"_blank\" rel=\"noopener\">Laur\u00e8ne Fertin<\/a><br \/>\n        <\/strong><\/p>\n<p>        Publi\u00e9 le<\/p>\n<p>            6 sept. 2025 \u00e0 6h32        <\/p>\n<p>L\u2019association\u00a0<strong>L214<\/strong>\u00a0organise <strong>une mobilisation,<\/strong> ce samedi 6 septembre 2025, devant le <strong>supermarch\u00e9 U de Rennes Saint-Gr\u00e9goire<\/strong>, d\u00e8s <strong>14h30.<\/strong><\/p>\n<p class=\" wall-content\">Les militants et militantes souhaitent pointer du doigt la marque <strong>Mix Buffet<\/strong>, vendue par le supermarch\u00e9. Les fournisseurs de cette marque auraient en effet \u00ab\u00a0des pratiques particuli\u00e8rement cruelles\u00a0\u00bb dans <strong>les \u00e9levages de cochons<\/strong>.<\/p>\n<p>\u00ab\u00a0Mix de souffrances pour les cochons\u00a0\u00bb<\/p>\n<p class=\" wall-content\">\u00c0 l\u2019entr\u00e9e du magasin, les b\u00e9n\u00e9voles vont d\u00e9ployer <strong>une banderole<\/strong> o\u00f9 l\u2019on pourra lire \u00ab\u00a0Mix de souffrances pour les cochons\u00a0\u00bb. <strong>Des tracts d\u2019information<\/strong> seront \u00e9galement distribu\u00e9s. <strong>Des stickers<\/strong> \u00ab\u00a0Mix de souffrances\u00a0\u00bb seront appos\u00e9s sur les articles de la marque.<\/p>\n<blockquote class=\"ac-article-quote wall-content\">\n<p>Ces autocollants permettront aux citoyens d\u2019identifier les produits vendus par Mix Buffet dans les diff\u00e9rents supermarch\u00e9s de la ville et d\u2019exprimer leur d\u00e9saccord avec les pratiques cautionn\u00e9es par l\u2019entreprise.<\/p>\n<p>    <strong>L214<\/strong>\n            <\/p><\/blockquote>\n<p>\u00ab\u00a0Une demande l\u00e9gitime, urgente et populaire\u00a0\u00bb<\/p>\n<p class=\" wall-content\">L214 demande, par cette mobilisation, \u00e0 ce que Mix Buffet s\u2019engage \u00e0 respecter les crit\u00e8res du Pig Minimum Standards, \u00e0 savoir :<\/p>\n<ul class=\" wall-content\">\n<li>appliquer la r\u00e9glementation en vigueur en mettant fin aux mutilations syst\u00e9matiques, en interdisant la castration sans anesth\u00e9sie et en offrant un environnement enrichi aux cochons ;<\/li>\n<li>renoncer \u00e0 l\u2019enfermement des truies reproductrices en cages d\u2019ici 2030.<\/li>\n<\/ul>\n<p class=\" wall-content\">Personnalisez votre actualit\u00e9 en ajoutant vos villes et m\u00e9dias en favori avec <a href=\"https:\/\/moncompte.actu.fr\" title=\"D\u00e9couvez Mon Actu\" rel=\"nofollow noopener\" data-trk=\"{&quot;cta&quot;:{&quot;action&quot;:&quot;https:\\\/\\\/moncompte.actu.fr&quot;,&quot;category&quot;:&quot;mon compte&quot;,&quot;from&quot;:&quot;article footer&quot;,&quot;name&quot;:&quot;Mon actu&quot;,&quot;type&quot;:&quot;cta&quot;}}\" target=\"_blank\">Mon Actu<\/a>.<\/p>\n","protected":false},"excerpt":{"rendered":"Par Laur\u00e8ne Fertin Publi\u00e9 le 6 sept. 2025 \u00e0 6h32 L\u2019association\u00a0L214\u00a0organise une mobilisation, ce samedi 6 septembre 2025,&hellip;\n","protected":false},"author":2,"featured_media":369815,"comment_status":"","ping_status":"","sticky":false,"template":"","format":"standard","meta":{"footnotes":""},"categories":[2821],"tags":[1111,11,1867,829,1777,674,1011,27,12,584,25,104],"class_list":{"0":"post-369814","1":"post","2":"type-post","3":"status-publish","4":"format-standard","5":"has-post-thumbnail","7":"category-rennes","8":"tag-actu","9":"tag-actualites","10":"tag-animaux","11":"tag-bretagne","12":"tag-eu","13":"tag-europe","14":"tag-fr","15":"tag-france","16":"tag-news","17":"tag-rennes","18":"tag-republique-francaise","19":"tag-societe"},"share_on_mastodon":{"url":"https:\/\/pubeurope.com\/@fr\/115155539387474352","error":""},"_links":{"self":[{"href":"https:\/\/www.europesays.com\/fr\/wp-json\/wp\/v2\/posts\/369814","targetHints":{"allow":["GET"]}}],"collection":[{"href":"https:\/\/www.europesays.com\/fr\/wp-json\/wp\/v2\/posts"}],"about":[{"href":"https:\/\/www.europesays.com\/fr\/wp-json\/wp\/v2\/types\/post"}],"author":[{"embeddable":true,"href":"https:\/\/www.europesays.com\/fr\/wp-json\/wp\/v2\/users\/2"}],"replies":[{"embeddable":true,"href":"https:\/\/www.europesays.com\/fr\/wp-json\/wp\/v2\/comments?post=369814"}],"version-history":[{"count":0,"href":"https:\/\/www.europesays.com\/fr\/wp-json\/wp\/v2\/posts\/369814\/revisions"}],"wp:featuredmedia":[{"embeddable":true,"href":"https:\/\/www.europesays.com\/fr\/wp-json\/wp\/v2\/media\/369815"}],"wp:attachment":[{"href":"https:\/\/www.europesays.com\/fr\/wp-json\/wp\/v2\/media?parent=369814"}],"wp:term":[{"taxonomy":"category","embeddable":true,"href":"https:\/\/www.europesays.com\/fr\/wp-json\/wp\/v2\/categories?post=369814"},{"taxonomy":"post_tag","embeddable":true,"href":"https:\/\/www.europesays.com\/fr\/wp-json\/wp\/v2\/tags?post=369814"}],"curies":[{"name":"wp","href":"https:\/\/api.w.org\/{rel}","templated":true}]}}