{"id":369816,"date":"2025-09-06T04:47:27","date_gmt":"2025-09-06T04:47:27","guid":{"rendered":"https:\/\/www.europesays.com\/fr\/369816\/"},"modified":"2025-09-06T04:47:27","modified_gmt":"2025-09-06T04:47:27","slug":"des-centaines-detudiants-en-assemblee-generale-a-rennes-pour-le-10","status":"publish","type":"post","link":"https:\/\/www.europesays.com\/fr\/369816\/","title":{"rendered":"des centaines d&rsquo;\u00e9tudiants en assembl\u00e9e g\u00e9n\u00e9rale \u00e0 Rennes pour le 10"},"content":{"rendered":"<p>Pour pr\u00e9parer la date du 10 septembre, les \u00e9tudiant\u00b7es de Rennes commencent \u00e0 s\u2019organiser en assembl\u00e9es g\u00e9n\u00e9rales dans les universit\u00e9s, comme mardi \u00e0 Rennes 2, mercredi \u00e0 Sciences Po, jeudi \u00e0 Rennes 1 et vendredi \u00e0 l\u2019INSA. Mais c\u2019est \u00e9galement le cas \u00e0 Askoria, l\u2019\u00e9cole du travail social de Rennes, o\u00f9 l\u2019AG a sign\u00e9 un appel unitaire avec diff\u00e9rents syndicats du secteur m\u00e9dico-social et juridique, aux c\u00f4t\u00e9s des \u00e9tudiants. En plus de ces derniers, des membres du personnel pr\u00e9parent la mobilisation du 10 septembre, afin de soutenir les gr\u00e8ves des travailleurs et de s\u2019organiser sur les lieux d\u2019\u00e9tudes avec leurs propres revendications.<\/p>\n<p>Sur le campus de Rennes 2, mardi soir, plus de deux cents \u00e9tudiant\u00b7es se sont r\u00e9unis. Avec le Poing Lev\u00e9, nous avons insist\u00e9 sur la n\u00e9cessit\u00e9 de mener une offensive politique, qui d\u00e9nonce <a href=\"https:\/www.revolutionpermanente.fr\/Budget-2026-le-gouvernement-prepare-40-milliards-d-economies-pour-financer-le-deficit-et-l armee\">la volont\u00e9 du gouvernement de faire payer la dette et le r\u00e9armement aux classes populaires<\/a>.<\/p>\n<p>Mercredi midi, \u00e0 l\u2019AG de Sciences Po Rennes, pr\u00e8s de 80 \u00e9tudiant\u00b7es ont vot\u00e9 le soutien au mouvement contre le budget Bayrou. Nos camarades du Poing Lev\u00e9 ont d\u00e9fendu la n\u00e9cessit\u00e9 pour l\u2019AG de porter ses propres revendications politiques en faveur d\u2019une alliance entre \u00e9tudiants et membres du personnel de l\u2019IEP, et contre la pr\u00e9sence d\u2019entreprises li\u00e9es \u00e0 l\u2019arm\u00e9e, comme Thal\u00e8s. M\u00eame son de cloche \u00e0 Rennes 1. L\u2019AG de ce jeudi midi a r\u00e9uni environ 90 personnes, et a \u00e9t\u00e9 marqu\u00e9e par des discussions sur le g\u00e9nocide en Palestine et l\u2019acc\u00e9l\u00e9ration de la pr\u00e9sence du complexe militaro-industriel \u00e0 l\u2019universit\u00e9.<\/p>\n<p>En effet, le budget Bayrou pr\u00e9pare la militarisation en renfor\u00e7ant les finances de l\u2019arm\u00e9e, mais ce ph\u00e9nom\u00e8ne est d\u00e9j\u00e0 visible dans l\u2019Enseignement sup\u00e9rieur et la recherche, notamment sur le campus de Beaulieu \u00e0 Rennes. Fin juin, l\u2019UFR Informatique-\u00c9lectronique de l\u2019Universit\u00e9 de Rennes a <a href=\"https:\/\/www.defense.gouv.fr\/comcyber\/actualites\/comcyber-listic-universite-rennes-signent-convention-partenariat-renforcer-competences\" class=\"spip_out\" rel=\"noopener noreferrer external nofollow\" target=\"_blank\">sign\u00e9 un partenariat d\u2019un an<\/a> avec le commandement de la cyberd\u00e9fense, le COMCYBER, une organisation faisant partie du minist\u00e8re des Arm\u00e9es, <a href=\"https:\/\/www.revolutionpermanente.fr\/Embrigadement-de-la-jeunesse-l-Universite-de-Rennes-signe-un-partenariat-avec-le-commandement-de-la\" rel=\"nofollow noopener\" target=\"_blank\">tandis que la Cyberschool de Rennes organise des rencontres avec l\u2019entreprise d\u2019armement Thal\u00e8s<\/a>. L\u2019universit\u00e9 a \u00e9galement un laboratoire sous tutelle de l\u2019INRIA, dont le dernier <a href=\"https:\/\/www.revolutionpermanente.fr\/Casse-de-l-Universite-le-gouvernement-generalise-les-COMP-pour-accelerer-son-offensive-neo-liberale\" rel=\"nofollow noopener\" target=\"_blank\">Contrat d\u2019Objectif, de Moyen et de Performance (COMP)<\/a> engage les chercheurs \u00e0 cr\u00e9er des \u00e9quipes travaillant sur une th\u00e9matique li\u00e9e \u00e0 la d\u00e9fense et \u00e0 d\u00e9velopper le transfert industriel de technologies pour la d\u00e9fense.<\/p>\n<p>Organisons la riposte \u00e9tudiante, contre Bayrou, Macron et la Ve R\u00e9publique<\/p>\n<p>D\u2019autres assembl\u00e9es \u00e9tudiantes sont pr\u00e9vues dans les prochains jours, \u00e0 Rennes 1 sur le campus de Beaulieu, et \u00e0 l\u2019INSA. Cette dynamique \u00e0 l\u2019\u00e9chelle de la ville t\u00e9moigne d\u2019une volont\u00e9 partag\u00e9e dans la jeunesse travailleuse et \u00e9tudiante d\u2019en d\u00e9coudre avec le gouvernement Bayrou et avec Macron, deux ans et demi apr\u00e8s le 49.3 impos\u00e9 pour faire passer en force la r\u00e9forme des retraites, et apr\u00e8s presque deux ans de r\u00e9pression contre toute solidarit\u00e9 avec le peuple palestinien.<\/p>\n<p>La contestation \u00e0 l\u2019\u00e9chelle du pays montre que la crise de la Ve R\u00e9publique s\u2019approfondit. Le mouvement contre le budget Bayrou est une occasion de se d\u00e9fendre plus largement contre l\u2019offensive aust\u00e9ritaire et autoritaire du pays. Le mouvement \u00e9tudiant a un r\u00f4le cl\u00e9 \u00e0 jouer pour construire un mouvement massif portant ses propres revendications, capable de se joindre au mouvement ouvrier, et de s\u2019affronter \u00e0 Macron et aux institutions antid\u00e9mocratiques de la Ve R\u00e9publique. L\u2019assembl\u00e9e g\u00e9n\u00e9rale du 6 septembre \u00e0 Rennes sera l\u2019occasion de finaliser la pr\u00e9paration du 10, et de consolider le mouvement national.<\/p>\n","protected":false},"excerpt":{"rendered":"Pour pr\u00e9parer la date du 10 septembre, les \u00e9tudiant\u00b7es de Rennes commencent \u00e0 s\u2019organiser en assembl\u00e9es g\u00e9n\u00e9rales dans&hellip;\n","protected":false},"author":2,"featured_media":369817,"comment_status":"","ping_status":"","sticky":false,"template":"","format":"standard","meta":{"footnotes":""},"categories":[2821],"tags":[1111,11,829,1777,674,1011,27,12,584,25],"class_list":{"0":"post-369816","1":"post","2":"type-post","3":"status-publish","4":"format-standard","5":"has-post-thumbnail","7":"category-rennes","8":"tag-actu","9":"tag-actualites","10":"tag-bretagne","11":"tag-eu","12":"tag-europe","13":"tag-fr","14":"tag-france","15":"tag-news","16":"tag-rennes","17":"tag-republique-francaise"},"share_on_mastodon":{"url":"https:\/\/pubeurope.com\/@fr\/115155543738573657","error":""},"_links":{"self":[{"href":"https:\/\/www.europesays.com\/fr\/wp-json\/wp\/v2\/posts\/369816","targetHints":{"allow":["GET"]}}],"collection":[{"href":"https:\/\/www.europesays.com\/fr\/wp-json\/wp\/v2\/posts"}],"about":[{"href":"https:\/\/www.europesays.com\/fr\/wp-json\/wp\/v2\/types\/post"}],"author":[{"embeddable":true,"href":"https:\/\/www.europesays.com\/fr\/wp-json\/wp\/v2\/users\/2"}],"replies":[{"embeddable":true,"href":"https:\/\/www.europesays.com\/fr\/wp-json\/wp\/v2\/comments?post=369816"}],"version-history":[{"count":0,"href":"https:\/\/www.europesays.com\/fr\/wp-json\/wp\/v2\/posts\/369816\/revisions"}],"wp:featuredmedia":[{"embeddable":true,"href":"https:\/\/www.europesays.com\/fr\/wp-json\/wp\/v2\/media\/369817"}],"wp:attachment":[{"href":"https:\/\/www.europesays.com\/fr\/wp-json\/wp\/v2\/media?parent=369816"}],"wp:term":[{"taxonomy":"category","embeddable":true,"href":"https:\/\/www.europesays.com\/fr\/wp-json\/wp\/v2\/categories?post=369816"},{"taxonomy":"post_tag","embeddable":true,"href":"https:\/\/www.europesays.com\/fr\/wp-json\/wp\/v2\/tags?post=369816"}],"curies":[{"name":"wp","href":"https:\/\/api.w.org\/{rel}","templated":true}]}}