{"id":369818,"date":"2025-09-06T04:48:19","date_gmt":"2025-09-06T04:48:19","guid":{"rendered":"https:\/\/www.europesays.com\/fr\/369818\/"},"modified":"2025-09-06T04:48:19","modified_gmt":"2025-09-06T04:48:19","slug":"le-guide-durgence-pour-les-etudiants-sans-logement-a-strasbourg","status":"publish","type":"post","link":"https:\/\/www.europesays.com\/fr\/369818\/","title":{"rendered":"Le guide d&rsquo;urgence pour les \u00e9tudiants sans logement \u00e0 Strasbourg"},"content":{"rendered":"<p class=\"wp-block-post-excerpt__excerpt\">Des milliers d\u2019\u00e9tudiants peinent \u00e0 trouver un toit lors de chaque rentr\u00e9e \u00e0 Strasbourg. Petit guide des solutions, de la chambre universitaire aux h\u00e9bergements d\u2019urgence. <\/p>\n<p class=\"font-sans\">\n\t\t\tCet article est en acc\u00e8s libre. Pour soutenir Rue89 Strasbourg,<br \/>\n\t\t\t<a class=\"underline\" href=\"https:\/\/www.rue89strasbourg.com\/abonnement\" rel=\"nofollow noopener\" target=\"_blank\">abonnez-vous<\/a>.\n\t\t<\/p>\n<p>Nicolas Thomas<\/p>\n<p>Publi\u00e9 le 6 septembre 2025\u00a0\u00a0\u00b7\u00a0\u00a0<\/p>\n<p>Imprim\u00e9 le 6 septembre 2025 \u00e0 06h00\u00a0\u00a0\u00b7\u00a0\u00a0<\/p>\n<p>\t\t\t\t\t4\u00a0minutes\n<\/p>\n<p class=\"has-drop-cap\">Chaque mois de septembre, c\u2019est <a href=\"https:\/\/www.rue89strasbourg.com\/strasbourg-logement-etudiant-municipalite-356366\" target=\"_blank\" rel=\"noreferrer noopener nofollow\">la m\u00eame histoire \u00e0 Strasbourg<\/a>. Les amphith\u00e9\u00e2tres se remplissent et des milliers d\u2019\u00e9tudiants cherchent d\u00e9sesp\u00e9r\u00e9ment un toit dans une ville avec une tr\u00e8s forte tension locative. Chambres du Crous prises d\u2019assaut, studios hors de prix, colocs introuvables, foyers \u00e9tudiants satur\u00e9s\u2026 Pour celles et ceux qui n\u2019ont pas de canap\u00e9 de secours chez des amis, trouver un toit rel\u00e8ve parfois du parcours du combattant.<\/p>\n<p>Dans la capitale alsacienne, il y a en moyenne 8,68 demandes pour une offre de location (en comparaison, ce chiffre est de 10,5 \u00e0 Paris), selon <a href=\"https:\/\/www.locservice.fr\/actualites\/marche-logement-etudiant-france-2025-13755.html#8_des_10_villes_etudiantes_les_plus_cheres_sont_en_Ile-de-France\" target=\"_blank\" rel=\"noreferrer noopener nofollow\">une \u00e9tude de Loc Service<\/a>. Les loyers ont augment\u00e9 de <a href=\"https:\/\/www.locservice.fr\/actualites\/marche-locatif-strasbourg-2025-13523.html\" target=\"_blank\" rel=\"noreferrer noopener nofollow\">2,4 % sur un an<\/a> entre 2024 et 2025. Nous avons rassembl\u00e9 ici des solutions pour vous guider si vous \u00eates en difficult\u00e9. Si vous en connaissez d\u2019autres, n\u2019h\u00e9sitez pas \u00e0 les partager en commentant l\u2019article.<\/p>\n<p><a href=\"https:\/\/www.rue89strasbourg.com\/abonnement\" rel=\"nofollow noopener\" target=\"_blank\"><img loading=\"lazy\" decoding=\"async\" width=\"970\" height=\"250\" src=\"https:\/\/www.europesays.com\/fr\/wp-content\/uploads\/2025\/05\/bannie\u0300re-autopromo-2025-desktop-1.gif\" alt=\"\" class=\"wp-image-343590\" style=\"width:792px\"\/><\/a><\/p>\n<p><a href=\"https:\/\/www.rue89strasbourg.com\/abonnement\" rel=\"nofollow noopener\" target=\"_blank\"><img loading=\"lazy\" decoding=\"async\" width=\"300\" height=\"300\" src=\"https:\/\/www.europesays.com\/fr\/wp-content\/uploads\/2025\/05\/bannieres@2x.png\" alt=\"\" class=\"wp-image-341656\"  \/><\/a><\/p>\n<p>Les chambres lib\u00e9r\u00e9es par des d\u00e9sistements<\/p>\n<p>Les r\u00e9sidences universitaires du Crous de Strasbourg, ce sont 4 926 chambres sur le territoire de l\u2019Eurom\u00e9tropole pour <a href=\"https:\/\/www.facebook.com\/strasbourg.eu\/posts\/-avec-68-000-%C3%A9tudiants-dans-leurom%C3%A9tropole-et-seulement-11-600-places-en-r%C3%A9siden\/1167732815384531\/\" target=\"_blank\" rel=\"noreferrer noopener nofollow\">environ 68 000 \u00e9tudiants<\/a>. Ceux qui y parviennent profitent de loyers imbattables\u00a0: entre 175 et 473\u20ac, pour des surfaces allant de 9 \u00e0 25 m\u00b2. Th\u00e9oriquement, il fallait envoyer son dossier avant le mois de juillet.<\/p>\n<p>Mais il y a tout de m\u00eame un dernier espoir pour les retardataires. Les lundis et jeudis \u00e0 14h, les offres des logements encore disponibles sont publi\u00e9es en fonction des d\u00e9sistements sur <a href=\"https:\/\/trouverunlogement.lescrous.fr\" target=\"_blank\" rel=\"noreferrer noopener nofollow\">le site du Crous<\/a>. \u00ab\u00a0Des chambres se lib\u00e8rent parfois au compte-gouttes, mais elles sont aussit\u00f4t r\u00e9serv\u00e9es\u00a0\u00bb, a reconnu Sophie Roussel, directrice du Crous de Strasbourg, lors de la conf\u00e9rence de presse de rentr\u00e9e. Connectez vous \u00e0 14h pile si vous esp\u00e9rez obtenir une chambre de cette mani\u00e8re.<\/p>\n<p>En dehors des r\u00e9sidences du Crous, les bailleurs sociaux disposent \u00e9galement d\u2019un nombre important de r\u00e9sidences \u00e9tudiantes dans la ville. L\u2019Observatoire territorial du logement \u00e9tudiant propose <a href=\"https:\/\/odacit.3d.strasbourg.eu\/?open=enableODResidencesEtudiantes\" target=\"_blank\" rel=\"noreferrer noopener nofollow\">une carte<\/a> pour les localiser avec des liens pour se renseigner directement aupr\u00e8s des bailleurs sur la disponibilit\u00e9 des appartements.<\/p>\n<p>\t\tLe parc priv\u00e9, l\u2019offre la plus large\u00a0<\/p>\n<p>Pour la majorit\u00e9 des \u00e9tudiants, la solution reste le parc priv\u00e9. Pour s\u00e9duire les propri\u00e9taires, mieux vaut avoir un dossier solide (pi\u00e8ce d\u2019identit\u00e9, justificatifs de revenus, garant, etc.). Si vous n\u2019avez personne pour se porter caution, la <a href=\"https:\/\/www.visale.fr\/visale-pour-les-locataires\/avantages\/\" target=\"_blank\" rel=\"noreferrer noopener nofollow\">garantie Visale<\/a> propos\u00e9e gratuitement par Action Logement peut rassurer les propri\u00e9taires. Elle permet aussi de prendre en charge le paiement du loyer et les charges locatives en cas d\u2019impay\u00e9.<\/p>\n<p>Niveau prix, le loyer est forc\u00e9ment plus \u00e9lev\u00e9 dans le parc priv\u00e9. Selon l\u2019Afges, dans sa <a href=\"https:\/\/afges.org\/logement\/\" target=\"_blank\" rel=\"noreferrer noopener nofollow\">rubrique d\u2019aide au logement<\/a>, un studio de 20 \u00e0 30 m\u00b2 se louait en moyenne 566 \u20ac en 2023. Pour r\u00e9duire les co\u00fbts, il est important de faire sa demande d\u2019Aide personnalis\u00e9e au logement (APL) sur le site de la <a href=\"https:\/\/wwwd.caf.fr\/wps\/portal\/caffr\/aidesetdemarches\/mesdemarches\/faireunedemandedeprestation?codeThematique=Logement#DAL\" target=\"_blank\" rel=\"noreferrer noopener nofollow\">Caisse d\u2019allocations familiales<\/a>.\u00a0<\/p>\n<p>Comme l\u2019indique Pokaa dans son <a href=\"https:\/\/pokaa.fr\/2024\/09\/10\/bienvenue-a-strasbourg-le-guide-de-survie-de-letudiante-strasbourgeoise-edition-2024\/\" target=\"_blank\" rel=\"noreferrer noopener nofollow\">guide de survie de l\u2019\u00e9tudiant strasbourgeois<\/a>, l\u2019Esplanade, le quartier Gare, Cronenbourg, la Meinau, la Robertsau et Neudorf sont les secteurs \u00e0 privil\u00e9gier pour trouver des loyers moins chers. Il est aussi possible d\u2019\u00e9largir vers Schiltigheim ou Illkirch-Graffenstaden, quitte \u00e0 rallonger les trajets.<\/p>\n<p>Parmi les sites d\u2019annonces \u00e0 surveiller chaque jour : <a href=\"https:\/\/www.seloger.com\" target=\"_blank\" rel=\"noreferrer noopener nofollow\">SeLoger<\/a>, <a href=\"https:\/\/www.adele.org\" target=\"_blank\" rel=\"noreferrer noopener nofollow\">Adele<\/a>, <a href=\"https:\/\/www.leboncoin.fr\" target=\"_blank\" rel=\"noreferrer noopener nofollow\">Leboncoin<\/a>, <a href=\"https:\/\/www.bienici.com\" target=\"_blank\" rel=\"noreferrer noopener nofollow\">BienIci<\/a>, <a href=\"https:\/\/housinganywhere.com\/fr\/\" target=\"_blank\" rel=\"noreferrer noopener nofollow\">HousingAnywhere<\/a>, ou <a href=\"https:\/\/www.lokaviz.fr\" target=\"_blank\" rel=\"noreferrer noopener nofollow\">Lokaviz<\/a>, une plateforme du Crous. Les annonces restent rarement plus de quelques heures en ligne.<\/p>\n<p>Dans ce contexte stressant, faites attention aux arnaques et aux logements insalubres. Si vous pensez \u00eatre victime d\u2019une escroquerie, n\u2019h\u00e9sitez pas \u00e0 contacter l\u2019<a href=\"https:\/\/www.adil67.org\" target=\"_blank\" rel=\"noreferrer noopener nofollow\">Adil67<\/a>. L\u2019association sera en mesure de vous informer sur vos droits.\u00a0<\/p>\n<p>La coloc : le choix \u00e9conomique<\/p>\n<p>Partager son loyer et son frigo est devenu une \u00e9vidence pour beaucoup d\u2019\u00e9tudiants. La colocation permet de trouver plus grand pour moins cher, mais aussi d\u2019\u00e9viter l\u2019isolement.<\/p>\n<p>La <a href=\"https:\/\/www.lacartedescolocs.fr\/logements\/fr\/grand-est\/strasbourg\" target=\"_blank\" rel=\"noreferrer noopener nofollow\">Carte des colocs<\/a> recense un grand nombre d\u2019entre elles. Des offres peuvent aussi se trouver sur <a href=\"https:\/\/www.appartager.com\" target=\"_blank\" rel=\"noreferrer noopener nofollow\">Appartager<\/a>, <a href=\"https:\/\/www.locservice.fr\" target=\"_blank\" rel=\"noreferrer noopener nofollow\">Loc Service<\/a>, ou m\u00eame sur les groupes Facebook <a href=\"https:\/\/www.facebook.com\/groups\/762705170482605\/?locale=fr_FR\" target=\"_blank\" rel=\"noreferrer noopener nofollow\">\u00c9tudiants de Strasbourg<\/a> et <a href=\"https:\/\/www.facebook.com\/groups\/5999877534\/?locale=fr_FR\" target=\"_blank\" rel=\"noreferrer noopener nofollow\">Universit\u00e9 de Strasbourg<\/a>.<\/p>\n<p>Les foyers catholiques<\/p>\n<p>Quelques \u00e9tablissements catholiques peuvent \u00e9galement \u00eatre une alternative int\u00e9ressante pour les \u00e9tudiants en difficult\u00e9. \u00c9tablis par des acteurs religieux, ces foyers restent cependant ouverts \u00e0 tous et \u00e0 toutes. Malheureusement, ils ne sont qu\u2019une goutte d\u2019eau dans l\u2019offre locative et sont souvent d\u00e9j\u00e0 remplis d\u00e8s la rentr\u00e9e.<\/p>\n<p>Pour conna\u00eetre leurs disponibilit\u00e9s, renseignez-vous aupr\u00e8s du <a href=\"https:\/\/www.fec-strasbourg.org\" target=\"_blank\" rel=\"noreferrer noopener nofollow\">Foyer des \u00e9tudiants catholiques<\/a>, de l\u2019<a href=\"https:\/\/www.foyernotredame.org\" target=\"_blank\" rel=\"noreferrer noopener nofollow\">association Foyer Notre Dame<\/a> ou du <a href=\"https:\/\/www.chapitre-saint-thomas.org\/vie-scolaire-etudiante\/foyers-etudiants-strasbourg.html\" target=\"_blank\" rel=\"noreferrer noopener nofollow\">Chapitre de Saint-Thomas<\/a>.<\/p>\n<p>Les plans d\u2019urgence<\/p>\n<p>Bien que personne ne devrait avoir \u00e0 dormir dehors pour sa rentr\u00e9e universitaire, les syndicats \u00e9tudiants re\u00e7oivent pourtant des signalements de <a href=\"https:\/\/www.rue89strasbourg.com\/pour-les-etudiants-precaires-a-strasbourg-une-course-au-logement-toujours-plus-angoissante-311191\" target=\"_blank\" rel=\"noreferrer noopener nofollow\">situations critiques \u00e0 chaque rentr\u00e9e<\/a>. Si toutes vos recherches \u00e9chouent, il existe quelques filets de s\u00e9curit\u00e9 pour ne pas se retrouver \u00e0 la rue.<\/p>\n<p>Parmi eux, l\u2019Afges propose chaque ann\u00e9e un <a href=\"https:\/\/dlp.afges.org\" target=\"_blank\" rel=\"noreferrer noopener nofollow\">dispositif de logement provisoire<\/a>, entre le 1er septembre et le 5 octobre.<\/p>\n<p>Le num\u00e9ro gratuit \u00e0 appeler pour trouver un h\u00e9bergement d\u2019urgence temporaire financ\u00e9 par l\u2019\u00c9tat est le <a href=\"https:\/\/siao67.fr\/115-bas-rhin\/\" target=\"_blank\" rel=\"noreferrer noopener nofollow\">115<\/a>, mais le dispositif est satur\u00e9 en g\u00e9n\u00e9ral.<\/p>\n<p>Enfin, les syndicats \u00e9tudiants comme la <a href=\"https:\/\/www.instagram.com\/fse_strasbourg\/\" target=\"_blank\" rel=\"noreferrer noopener nofollow\">F\u00e9d\u00e9ration syndicale \u00e9tudiante<\/a>, <a href=\"https:\/\/www.instagram.com\/ae_strasbourg\/?hl=fr\" rel=\"nofollow noopener\" target=\"_blank\"> Alternative \u00e9tudiante Strasbourg<\/a> ou <a href=\"https:\/\/www.instagram.com\/solidairesetudiantesstrasbourg\/?hl=fr\" rel=\"nofollow noopener\" target=\"_blank\">Solidaires \u00c9tudiant\u00b7e.s<\/a> peuvent vous accompagner et faire remonter des situations aux institutions.<\/p>\n<p><script async src=\"\/\/www.instagram.com\/embed.js\"><\/script><\/p>\n","protected":false},"excerpt":{"rendered":"Des milliers d\u2019\u00e9tudiants peinent \u00e0 trouver un toit lors de chaque rentr\u00e9e \u00e0 Strasbourg. Petit guide des solutions,&hellip;\n","protected":false},"author":2,"featured_media":369819,"comment_status":"","ping_status":"","sticky":false,"template":"","format":"standard","meta":{"footnotes":""},"categories":[2820],"tags":[1111,11,6379,1777,674,1011,27,775,1908,12,25,640,50414],"class_list":{"0":"post-369818","1":"post","2":"type-post","3":"status-publish","4":"format-standard","5":"has-post-thumbnail","7":"category-strasbourg","8":"tag-actu","9":"tag-actualites","10":"tag-etudiants","11":"tag-eu","12":"tag-europe","13":"tag-fr","14":"tag-france","15":"tag-grand-est","16":"tag-logement","17":"tag-news","18":"tag-republique-francaise","19":"tag-strasbourg","20":"tag-vie-pratique"},"share_on_mastodon":{"url":"https:\/\/pubeurope.com\/@fr\/115155547194528250","error":""},"_links":{"self":[{"href":"https:\/\/www.europesays.com\/fr\/wp-json\/wp\/v2\/posts\/369818","targetHints":{"allow":["GET"]}}],"collection":[{"href":"https:\/\/www.europesays.com\/fr\/wp-json\/wp\/v2\/posts"}],"about":[{"href":"https:\/\/www.europesays.com\/fr\/wp-json\/wp\/v2\/types\/post"}],"author":[{"embeddable":true,"href":"https:\/\/www.europesays.com\/fr\/wp-json\/wp\/v2\/users\/2"}],"replies":[{"embeddable":true,"href":"https:\/\/www.europesays.com\/fr\/wp-json\/wp\/v2\/comments?post=369818"}],"version-history":[{"count":0,"href":"https:\/\/www.europesays.com\/fr\/wp-json\/wp\/v2\/posts\/369818\/revisions"}],"wp:featuredmedia":[{"embeddable":true,"href":"https:\/\/www.europesays.com\/fr\/wp-json\/wp\/v2\/media\/369819"}],"wp:attachment":[{"href":"https:\/\/www.europesays.com\/fr\/wp-json\/wp\/v2\/media?parent=369818"}],"wp:term":[{"taxonomy":"category","embeddable":true,"href":"https:\/\/www.europesays.com\/fr\/wp-json\/wp\/v2\/categories?post=369818"},{"taxonomy":"post_tag","embeddable":true,"href":"https:\/\/www.europesays.com\/fr\/wp-json\/wp\/v2\/tags?post=369818"}],"curies":[{"name":"wp","href":"https:\/\/api.w.org\/{rel}","templated":true}]}}