{"id":369820,"date":"2025-09-06T04:49:15","date_gmt":"2025-09-06T04:49:15","guid":{"rendered":"https:\/\/www.europesays.com\/fr\/369820\/"},"modified":"2025-09-06T04:49:15","modified_gmt":"2025-09-06T04:49:15","slug":"racing-club-de-strasbourg-reprise-de-la-premiere-division-pour-les-feminines-qui-visent-le-maintien","status":"publish","type":"post","link":"https:\/\/www.europesays.com\/fr\/369820\/","title":{"rendered":"Racing club de Strasbourg\u00a0: reprise de la premi\u00e8re division pour les f\u00e9minines qui visent le maintien"},"content":{"rendered":"<p>La D1 f\u00e9minine de football reprend ce samedi 6 septembre avec un d\u00e9placement au Havre. Apr\u00e8s un maintien de justesse dans l&rsquo;\u00e9lite la saison pass\u00e9e, les f\u00e9minines du Racing visent le maintien.<\/p>\n<p>C&rsquo;est reparti pour une nouvelle saison en premi\u00e8re division pour les f\u00e9minines du Racing, leur deuxi\u00e8me saison dans l&rsquo;\u00e9lite. Pour le premier match, <strong>les joueuses strasbourgeoises se d\u00e9placent au Havre ce samedi 6 septembre<\/strong>, avec une \u00e9quipe remani\u00e9e.<\/p>\n<p>Quatorze joueuses, arriv\u00e9es en fin de contrat cet \u00e9t\u00e9, sont parties. Les contrats de onze joueuses ont \u00e9t\u00e9 prolong\u00e9s, dont celui de la capitaine, Amanda Chaney, ou encore de l&rsquo;Alsacienne de Wissembourg, M\u00e9gane Hoeltzel, la joueuse la plus cap\u00e9e, et de Laurine Hannequin, elle aussi form\u00e9e au Racing, et d\u00e9cisive la saison pass\u00e9e.<\/p>\n<p>Faire mieux que la saison pass\u00e9e<\/p>\n<p>La saison pass\u00e9e, les f\u00e9minines du Racing se sont maintenues gr\u00e2ce \u00e0\u00a0<a class=\"IciLink ici-link IciArticleLink g-ici-body-regular-1 underline brand svelte-lu7k6w\" href=\"https:\/\/www.francebleu.fr\/sports\/football\/division-1-feminine-le-racing-maintenu-apres-son-succes-face-a-reims-grace-a-un-but-inscrit-a-la-96eme-minute-2-1-3441204\" rel=\"nofollow noopener\" target=\"_blank\">une victoire lors du tout dernier match<\/a>\u00a0contre Reims en terminant \u00e0 la neuvi\u00e8me place.<\/p>\n<p>\u00ab\u00a0Si on peut aller gratter quelques places et gratter un maintien un peu plus t\u00f4t et se passer de certains moments assez d\u00e9licats, c&rsquo;est l&rsquo;objectif majeur\u00a0: faire mieux que la saison pass\u00e9e. On veut continuer de grimper petit \u00e0 petit\u00a0\u00bb, explique l&rsquo;entra\u00eeneur Vincent Nogueira.<\/p>\n<p>Pour ce premier match de championnat, les joueuses du Racing se d\u00e9placent au Havre. <strong>Elle joueront avec un short rose pour montrer le soutien du club pour la sant\u00e9 gyn\u00e9cologique.<\/strong><\/p>\n<p><img loading=\"lazy\" decoding=\"async\" class=\"VisualPreview svelte-1rldrkz\" src=\"data:image\/jpeg;base64,\/9j\/2wBDACgcHiMeGSgjISMtKygwPGRBPDc3PHtYXUlkkYCZlo+AjIqgtObDoKrarYqMyP\/L2u71\/\/\/\/m8H\/\/\/\/6\/+b9\/\/j\/2wBDASstLTw1PHZBQXb4pYyl+Pj4+Pj4+Pj4+Pj4+Pj4+Pj4+Pj4+Pj4+Pj4+Pj4+Pj4+Pj4+Pj4+Pj4+Pj4+Pj4+Pj\/wAARCAAbACoDASIAAhEBAxEB\/8QAGAABAAMBAAAAAAAAAAAAAAAAAgABAwT\/xAAZEAEBAQEBAQAAAAAAAAAAAAAAAQISAxH\/xAAWAQEBAQAAAAAAAAAAAAAAAAABAAL\/xAAVEQEBAAAAAAAAAAAAAAAAAAAAEf\/aAAwDAQACEQMRAD8A6Z6JfRyza+1Q3u2ets7sNaRO7HtldD0qDlXKEKMUL+qtRKqQonRVD\/\/Z\" alt=\"Le short rose des joueuses du Racing\" width=\"600\" height=\"399\"\/>  Le short rose des joueuses du Racing  &#8211; RCSA\u00c0 \u00e9couter aussi   <img decoding=\"async\" src=\"https:\/\/www.europesays.com\/fr\/wp-content\/uploads\/2025\/09\/1757134155_584_560x315\" alt=\"M\u00e9gane Hoeltzel, l'une des joueuses du Racing Club de Strasbourg\" style=\"--_image-preview:url('data:image\/jpeg;base64,\/9j\/2wBDACgcHiMeGSgjISMtKygwPGRBPDc3PHtYXUlkkYCZlo+AjIqgtObDoKrarYqMyP\/L2u71\/\/\/\/m8H\/\/\/\/6\/+b9\/\/j\/2wBDASstLTw1PHZBQXb4pYyl+Pj4+Pj4+Pj4+Pj4+Pj4+Pj4+Pj4+Pj4+Pj4+Pj4+Pj4+Pj4+Pj4+Pj4+Pj4+Pj4+Pj\/wAARCAAXACoDASIAAhEBAxEB\/8QAGAAAAwEBAAAAAAAAAAAAAAAAAAECAwT\/xAAXEAEBAQEAAAAAAAAAAAAAAAAAAQIS\/8QAFgEBAQEAAAAAAAAAAAAAAAAAAAEC\/8QAFREBAQAAAAAAAAAAAAAAAAAAABH\/2gAMAwEAAhEDEQA\/AOSZVMrmGkwjUZTJ8tpg+BI5rkuXTcFwEVMrmQEbXMjkAByXIAP\/2Q==');\" loading=\"lazy\" fetchpriority=\"low\" aria-hidden=\"true\" class=\"svelte-1pnmlwx rounded\" onload=\"this.__e=event\" onerror=\"this.__e=event\"\/><\/p>\n","protected":false},"excerpt":{"rendered":"La D1 f\u00e9minine de football reprend ce samedi 6 septembre avec un d\u00e9placement au Havre. Apr\u00e8s un maintien&hellip;\n","protected":false},"author":2,"featured_media":369821,"comment_status":"","ping_status":"","sticky":false,"template":"","format":"standard","meta":{"footnotes":""},"categories":[2820],"tags":[1111,11,1777,674,1011,27,775,12,25,640],"class_list":{"0":"post-369820","1":"post","2":"type-post","3":"status-publish","4":"format-standard","5":"has-post-thumbnail","7":"category-strasbourg","8":"tag-actu","9":"tag-actualites","10":"tag-eu","11":"tag-europe","12":"tag-fr","13":"tag-france","14":"tag-grand-est","15":"tag-news","16":"tag-republique-francaise","17":"tag-strasbourg"},"share_on_mastodon":{"url":"https:\/\/pubeurope.com\/@fr\/115155551110214222","error":""},"_links":{"self":[{"href":"https:\/\/www.europesays.com\/fr\/wp-json\/wp\/v2\/posts\/369820","targetHints":{"allow":["GET"]}}],"collection":[{"href":"https:\/\/www.europesays.com\/fr\/wp-json\/wp\/v2\/posts"}],"about":[{"href":"https:\/\/www.europesays.com\/fr\/wp-json\/wp\/v2\/types\/post"}],"author":[{"embeddable":true,"href":"https:\/\/www.europesays.com\/fr\/wp-json\/wp\/v2\/users\/2"}],"replies":[{"embeddable":true,"href":"https:\/\/www.europesays.com\/fr\/wp-json\/wp\/v2\/comments?post=369820"}],"version-history":[{"count":0,"href":"https:\/\/www.europesays.com\/fr\/wp-json\/wp\/v2\/posts\/369820\/revisions"}],"wp:featuredmedia":[{"embeddable":true,"href":"https:\/\/www.europesays.com\/fr\/wp-json\/wp\/v2\/media\/369821"}],"wp:attachment":[{"href":"https:\/\/www.europesays.com\/fr\/wp-json\/wp\/v2\/media?parent=369820"}],"wp:term":[{"taxonomy":"category","embeddable":true,"href":"https:\/\/www.europesays.com\/fr\/wp-json\/wp\/v2\/categories?post=369820"},{"taxonomy":"post_tag","embeddable":true,"href":"https:\/\/www.europesays.com\/fr\/wp-json\/wp\/v2\/tags?post=369820"}],"curies":[{"name":"wp","href":"https:\/\/api.w.org\/{rel}","templated":true}]}}