{"id":369822,"date":"2025-09-06T04:50:11","date_gmt":"2025-09-06T04:50:11","guid":{"rendered":"https:\/\/www.europesays.com\/fr\/369822\/"},"modified":"2025-09-06T04:50:11","modified_gmt":"2025-09-06T04:50:11","slug":"un-surveillant-dun-lycee-de-nice-juge-pour-agression-sexuelle-sur-une-eleve","status":"publish","type":"post","link":"https:\/\/www.europesays.com\/fr\/369822\/","title":{"rendered":"Un surveillant d&rsquo;un lyc\u00e9e de Nice jug\u00e9 pour agression sexuelle sur une \u00e9l\u00e8ve"},"content":{"rendered":"<p>C\u2019est une banale punition qui pousse la victime, \u00e2g\u00e9e de 16 ans, \u00e0 tout r\u00e9v\u00e9ler \u00e0 ses parents. Alors qu\u2019ils privent leur adolescente de son t\u00e9l\u00e9phone, des messages qu\u2019elle re\u00e7oit les interpellent. Elle confie avoir \u00e9t\u00e9 victime d\u2019attouchements de la part de l\u2019un des surveillants de son internat au lyc\u00e9e Mass\u00e9na \u00e0 Nice.<\/p>\n<p>Des attouchements r\u00e9p\u00e9t\u00e9s<\/p>\n<p>Les faits se seraient produits entre f\u00e9vrier et mars 2024, dans l\u2019internat Vauban o\u00f9 la jeune fille \u00e9tait scolaris\u00e9e. L\u2019adolescente a d\u00e9nonc\u00e9 des attouchements \u00e0 plusieurs reprises, au r\u00e9fectoire, dans la salle t\u00e9l\u00e9 et aussi lors d\u2019une visite au domicile du surveillant. Elle a parl\u00e9 de gestes sur les cuisses, les fesses, la poitrine et l\u2019entrejambe. Conscient des risques encourus, le pr\u00e9venu lui aurait demand\u00e9 de garder le silence et de lui \u00ab\u00a0faire confiance\u00a0\u00bb.<\/p>\n<p>\u00ab\u00a0J\u2019assume absolument tout\u00a0\u00bb<\/p>\n<p>\u00c0 l\u2019audience, l\u2019ancien surveillant de 22 ans \u00e0 l\u2019\u00e9poque, a reconnu les faits. \u00ab\u00a0Je ne pensais pas \u00eatre capable de telles choses. J\u2019assume absolument tout aujourd\u2019hui. Je tiens \u00e0 m\u2019excuser\u00a0\u00bb, a-t-il d\u00e9clar\u00e9, expliquant s\u2019\u00eatre \u00ab\u00a0enferm\u00e9 dans le mensonge le temps de la proc\u00e9dure\u00a0\u00bb. Une expertise psychiatrique a conclu \u00e0 l\u2019absence de troubles. Suspendu depuis, il affirme \u00eatre suivi.<\/p>\n<p>Des s\u00e9quelles pour la victime<\/p>\n<p>\u00ab\u00a0Il y a eu un avant et un apr\u00e8s\u00a0\u00bb, a insist\u00e9 la m\u00e8re de la jeune fille. Depuis, l\u2019adolescente a quitt\u00e9 l\u2019internat et poursuit sa scolarit\u00e9 loin de ses proches. Elle souffre de troubles alimentaires et peine \u00e0 nouer des relations affectives, notamment avec les gar\u00e7ons.<\/p>\n<p>Du sursis et une inscription au FIJAIS<\/p>\n<p>La procureure a requis 15 mois d\u2019emprisonnement avec sursis, l\u2019interdiction de tout contact avec la victime pendant trois ans, l\u2019interdiction d\u2019exercer aupr\u00e8s de mineurs pendant cinq ans, ainsi que l\u2019inscription au fichier judiciaire des auteurs d\u2019infractions sexuelles (FIJAIS).<\/p>\n<p>Le tribunal pr\u00e9sid\u00e9 par Christian Legay a suivi en tout point les r\u00e9quisitions du parquet.<\/p>\n<p>L\u2019avocate de la d\u00e9fense, Ma\u00eetre Caroline Laska, r a rappel\u00e9 que son client avait certes \u00ab\u00a0abus\u00e9 de sa position dominante\u00a0\u00bb, mais insist\u00e9 sur le fait qu\u2019il n\u2019\u00e9tait \u00ab\u00a0pas une personne dangereuse\u00a0\u00bb.<\/p>\n","protected":false},"excerpt":{"rendered":"C\u2019est une banale punition qui pousse la victime, \u00e2g\u00e9e de 16 ans, \u00e0 tout r\u00e9v\u00e9ler \u00e0 ses parents.&hellip;\n","protected":false},"author":2,"featured_media":369823,"comment_status":"","ping_status":"","sticky":false,"template":"","format":"standard","meta":{"footnotes":""},"categories":[2819],"tags":[1111,11,1777,674,1011,27,303,12,2401,882,25],"class_list":{"0":"post-369822","1":"post","2":"type-post","3":"status-publish","4":"format-standard","5":"has-post-thumbnail","7":"category-nice","8":"tag-actu","9":"tag-actualites","10":"tag-eu","11":"tag-europe","12":"tag-fr","13":"tag-france","14":"tag-justice","15":"tag-news","16":"tag-nice","17":"tag-provence-alpes-cote-dazur","18":"tag-republique-francaise"},"share_on_mastodon":{"url":"https:\/\/pubeurope.com\/@fr\/115155554996584467","error":""},"_links":{"self":[{"href":"https:\/\/www.europesays.com\/fr\/wp-json\/wp\/v2\/posts\/369822","targetHints":{"allow":["GET"]}}],"collection":[{"href":"https:\/\/www.europesays.com\/fr\/wp-json\/wp\/v2\/posts"}],"about":[{"href":"https:\/\/www.europesays.com\/fr\/wp-json\/wp\/v2\/types\/post"}],"author":[{"embeddable":true,"href":"https:\/\/www.europesays.com\/fr\/wp-json\/wp\/v2\/users\/2"}],"replies":[{"embeddable":true,"href":"https:\/\/www.europesays.com\/fr\/wp-json\/wp\/v2\/comments?post=369822"}],"version-history":[{"count":0,"href":"https:\/\/www.europesays.com\/fr\/wp-json\/wp\/v2\/posts\/369822\/revisions"}],"wp:featuredmedia":[{"embeddable":true,"href":"https:\/\/www.europesays.com\/fr\/wp-json\/wp\/v2\/media\/369823"}],"wp:attachment":[{"href":"https:\/\/www.europesays.com\/fr\/wp-json\/wp\/v2\/media?parent=369822"}],"wp:term":[{"taxonomy":"category","embeddable":true,"href":"https:\/\/www.europesays.com\/fr\/wp-json\/wp\/v2\/categories?post=369822"},{"taxonomy":"post_tag","embeddable":true,"href":"https:\/\/www.europesays.com\/fr\/wp-json\/wp\/v2\/tags?post=369822"}],"curies":[{"name":"wp","href":"https:\/\/api.w.org\/{rel}","templated":true}]}}