{"id":369824,"date":"2025-09-06T04:51:24","date_gmt":"2025-09-06T04:51:24","guid":{"rendered":"https:\/\/www.europesays.com\/fr\/369824\/"},"modified":"2025-09-06T04:51:24","modified_gmt":"2025-09-06T04:51:24","slug":"une-eleve-a-obtenu-le-bac-a-9-ans-un-record-selon-le-ministere-de-leducation","status":"publish","type":"post","link":"https:\/\/www.europesays.com\/fr\/369824\/","title":{"rendered":"Une \u00e9l\u00e8ve a obtenu le bac \u00e0 9 ans, un record selon le minist\u00e8re de l&rsquo;Education"},"content":{"rendered":"<p>Cette \u00e9l\u00e8ve, qui a pass\u00e9 l&rsquo;examen \u00e0 Paris en candidate libre dans les sp\u00e9cialit\u00e9s math\u00e9matiques et physique-chimie, a \u00e9t\u00e9 dipl\u00f4m\u00e9e au rattrapage, donc sans mention. \u00ab\u00a0Le pr\u00e9c\u00e9dent plus jeune bachelier qui avait moins de 12 ans, c&rsquo;\u00e9tait en 1989\u00a0\u00bb, \u00e0 l&rsquo;\u00e2ge de 11 ans, a ajout\u00e9 \u00e0 l&rsquo;AFP le minist\u00e8re, sans plus de d\u00e9tails.<\/p>\n<p>Un organisme de formation, Isoset, assure dans un communiqu\u00e9 avoir accompagn\u00e9 cette \u00e9l\u00e8ve selon une m\u00e9thode d\u00e9velopp\u00e9e en collaboration avec un autre bachelier pr\u00e9coce, Hugo Sbai, dipl\u00f4m\u00e9 \u00e0 12 ans en 2012.<\/p>\n<p>Interrog\u00e9 par l&rsquo;AFP, Hugo Sbai a pr\u00e9cis\u00e9 que la jeune bacheli\u00e8re, de nationalit\u00e9 grenadienne, avait suivi sa scolarit\u00e9 \u00e0 Duba\u00ef dans une \u00e9cole internationale et n&rsquo;\u00e9tait pas francophone au d\u00e9part.<\/p>\n<p>Elle a commenc\u00e9 \u00e0 apprendre le fran\u00e7ais \u00e0 six ans et \u00e0 suivre des cours avec des professeurs dans toute les mati\u00e8res \u00ab\u00a0au fur et \u00e0 mesure de sa compr\u00e9hension\u00a0\u00bb, a-t-il pr\u00e9cis\u00e9, soulignant qu'\u00a0\u00bbelle a un QI (quotient intellectuel) normal\u00a0\u00bb.<\/p>\n<p>\u00ab\u00a0Elle a progress\u00e9 petit \u00e0 petit, jusqu&rsquo;au moment o\u00f9 elle nous a dit qu&rsquo;elle voulait passer le bac\u00a0\u00bb, a-t-il ajout\u00e9.<\/p>\n<p>Cette laur\u00e9ate hors normes, qui a obtenu un dipl\u00f4me que la tr\u00e8s grande majorit\u00e9 des Fran\u00e7ais d\u00e9croche \u00e0 17 ou 18 ans, a d\u00e9sormais d\u00e9cid\u00e9 de suivre des \u00e9tudes sup\u00e9rieures car \u00ab\u00a0elle veut continuer \u00e0 apprendre de nouvelles choses\u00a0\u00bb, a indiqu\u00e9 Hugo Sbai. Elle va entamer cette ann\u00e9e un double cursus d&rsquo;informatique et de droit dans deux universit\u00e9s, en France et \u00e0 l&rsquo;\u00e9tranger, tout en continuant \u00e0 vivre \u00e0 Duba\u00ef, a-t-il poursuivi.<\/p>\n<p>Pour le bac, le record de pr\u00e9cocit\u00e9 \u00e9tait d\u00e9tenu jusqu&rsquo;ici par Arthur Ramiandrisoa qui avait eu l&rsquo;examen \u00e0 11 ans et 11 mois en 1989. Il n&rsquo;avait jamais mis les pieds \u00e0 l&rsquo;\u00e9cole, ses parents avaient assur\u00e9 son \u00e9ducation \u00e0 domicile selon une m\u00e9thode que son p\u00e8re avait d\u00e9crite dans un livre comme \u00ab\u00a0La M\u00e9thode Arthur\u00a0\u00bb.<\/p>\n<p>Cette ann\u00e9e, le bac avait enregistr\u00e9 l&rsquo;inscription d&rsquo;un ou une candidate encore plus jeune, \u00e2g\u00e9(e) de huit ans, mais il ou elle ne s&rsquo;est finalement pas pr\u00e9sent\u00e9(e) aux examens.<\/p>\n<p>ved-ito-alu-slb\/alu\/gvy<\/p>\n","protected":false},"excerpt":{"rendered":"Cette \u00e9l\u00e8ve, qui a pass\u00e9 l&rsquo;examen \u00e0 Paris en candidate libre dans les sp\u00e9cialit\u00e9s math\u00e9matiques et physique-chimie, a&hellip;\n","protected":false},"author":2,"featured_media":369825,"comment_status":"","ping_status":"","sticky":false,"template":"","format":"standard","meta":{"footnotes":""},"categories":[2819],"tags":[1111,11,1777,674,1011,27,1757,12,2401,882,25],"class_list":{"0":"post-369824","1":"post","2":"type-post","3":"status-publish","4":"format-standard","5":"has-post-thumbnail","7":"category-nice","8":"tag-actu","9":"tag-actualites","10":"tag-eu","11":"tag-europe","12":"tag-fr","13":"tag-france","14":"tag-insolite","15":"tag-news","16":"tag-nice","17":"tag-provence-alpes-cote-dazur","18":"tag-republique-francaise"},"share_on_mastodon":{"url":"https:\/\/pubeurope.com\/@fr\/115155558913323364","error":""},"_links":{"self":[{"href":"https:\/\/www.europesays.com\/fr\/wp-json\/wp\/v2\/posts\/369824","targetHints":{"allow":["GET"]}}],"collection":[{"href":"https:\/\/www.europesays.com\/fr\/wp-json\/wp\/v2\/posts"}],"about":[{"href":"https:\/\/www.europesays.com\/fr\/wp-json\/wp\/v2\/types\/post"}],"author":[{"embeddable":true,"href":"https:\/\/www.europesays.com\/fr\/wp-json\/wp\/v2\/users\/2"}],"replies":[{"embeddable":true,"href":"https:\/\/www.europesays.com\/fr\/wp-json\/wp\/v2\/comments?post=369824"}],"version-history":[{"count":0,"href":"https:\/\/www.europesays.com\/fr\/wp-json\/wp\/v2\/posts\/369824\/revisions"}],"wp:featuredmedia":[{"embeddable":true,"href":"https:\/\/www.europesays.com\/fr\/wp-json\/wp\/v2\/media\/369825"}],"wp:attachment":[{"href":"https:\/\/www.europesays.com\/fr\/wp-json\/wp\/v2\/media?parent=369824"}],"wp:term":[{"taxonomy":"category","embeddable":true,"href":"https:\/\/www.europesays.com\/fr\/wp-json\/wp\/v2\/categories?post=369824"},{"taxonomy":"post_tag","embeddable":true,"href":"https:\/\/www.europesays.com\/fr\/wp-json\/wp\/v2\/tags?post=369824"}],"curies":[{"name":"wp","href":"https:\/\/api.w.org\/{rel}","templated":true}]}}