{"id":369826,"date":"2025-09-06T04:53:11","date_gmt":"2025-09-06T04:53:11","guid":{"rendered":"https:\/\/www.europesays.com\/fr\/369826\/"},"modified":"2025-09-06T04:53:11","modified_gmt":"2025-09-06T04:53:11","slug":"le-quimper-volley-a-lepreuve-de-nantes-a-vannes","status":"publish","type":"post","link":"https:\/\/www.europesays.com\/fr\/369826\/","title":{"rendered":"Le Quimper Volley \u00e0 l\u2019\u00e9preuve de Nantes \u00e0 Vannes"},"content":{"rendered":"<p>Pr\u00e9paration. Quimper (\u00c9lite F\u00e9minine) &#8211; Nantes (\u00c9lite F\u00e9minine), ce samedi (19 h) \u00e0 Vannes<\/p>\n<p>Apr\u00e8s avoir disput\u00e9 deux premiers matchs de pr\u00e9paration en r\u00e9gion parisienne contre Clamart (EF) et Tremblay (EF) conclus sur le m\u00eame score de deux sets \u00e0 deux, le Quimper Volley va se tester ce samedi \u00e0 Vannes contre Nantes, \u00e9quipe r\u00e9trograd\u00e9e administrativement et favorite pour la mont\u00e9e.<\/p>\n<p>Avec l\u2019arriv\u00e9e de l\u2019Argentine Zoe Studer, retenue en s\u00e9lection, l\u2019entra\u00eeneur Fran\u00e7ois-Xavier Garnon disposera de son effectif au complet.<\/p>\n<p>Le Quimper Volley 29 encha\u00eenera la semaine prochaine par le Pro master f\u00e9minin qu\u2019il organise avec trois matchs pr\u00e9vus contre Evreux (LAF) jeudi 11 septembre \u00e0 Fouesnant (20 h), contre Vienne (EF) vendredi 12 septembre \u00e0 Quimper (20 h) puis contre Marcq (LAF) samedi 13 septembre \u00e0 Quimper (19 h).<\/p>\n","protected":false},"excerpt":{"rendered":"Pr\u00e9paration. Quimper (\u00c9lite F\u00e9minine) &#8211; Nantes (\u00c9lite F\u00e9minine), ce samedi (19 h) \u00e0 Vannes Apr\u00e8s avoir disput\u00e9 deux&hellip;\n","protected":false},"author":2,"featured_media":369827,"comment_status":"","ping_status":"","sticky":false,"template":"","format":"standard","meta":{"footnotes":""},"categories":[2818],"tags":[1111,11,1777,674,1011,27,766,12,2636,3319,28440,25,60,1470],"class_list":{"0":"post-369826","1":"post","2":"type-post","3":"status-publish","4":"format-standard","5":"has-post-thumbnail","7":"category-nantes","8":"tag-actu","9":"tag-actualites","10":"tag-eu","11":"tag-europe","12":"tag-fr","13":"tag-france","14":"tag-nantes","15":"tag-news","16":"tag-pays-de-la-loire","17":"tag-quimper","18":"tag-quimper-volley-29","19":"tag-republique-francaise","20":"tag-sports","21":"tag-volley"},"share_on_mastodon":{"url":"https:\/\/pubeurope.com\/@fr\/115155566924842387","error":""},"_links":{"self":[{"href":"https:\/\/www.europesays.com\/fr\/wp-json\/wp\/v2\/posts\/369826","targetHints":{"allow":["GET"]}}],"collection":[{"href":"https:\/\/www.europesays.com\/fr\/wp-json\/wp\/v2\/posts"}],"about":[{"href":"https:\/\/www.europesays.com\/fr\/wp-json\/wp\/v2\/types\/post"}],"author":[{"embeddable":true,"href":"https:\/\/www.europesays.com\/fr\/wp-json\/wp\/v2\/users\/2"}],"replies":[{"embeddable":true,"href":"https:\/\/www.europesays.com\/fr\/wp-json\/wp\/v2\/comments?post=369826"}],"version-history":[{"count":0,"href":"https:\/\/www.europesays.com\/fr\/wp-json\/wp\/v2\/posts\/369826\/revisions"}],"wp:featuredmedia":[{"embeddable":true,"href":"https:\/\/www.europesays.com\/fr\/wp-json\/wp\/v2\/media\/369827"}],"wp:attachment":[{"href":"https:\/\/www.europesays.com\/fr\/wp-json\/wp\/v2\/media?parent=369826"}],"wp:term":[{"taxonomy":"category","embeddable":true,"href":"https:\/\/www.europesays.com\/fr\/wp-json\/wp\/v2\/categories?post=369826"},{"taxonomy":"post_tag","embeddable":true,"href":"https:\/\/www.europesays.com\/fr\/wp-json\/wp\/v2\/tags?post=369826"}],"curies":[{"name":"wp","href":"https:\/\/api.w.org\/{rel}","templated":true}]}}