{"id":369832,"date":"2025-09-06T04:56:13","date_gmt":"2025-09-06T04:56:13","guid":{"rendered":"https:\/\/www.europesays.com\/fr\/369832\/"},"modified":"2025-09-06T04:56:13","modified_gmt":"2025-09-06T04:56:13","slug":"le-japon-seduit-de-plus-en-plus-les-toulousains-le-tokyo-market-revient-ce-week-end-au-jardin-compans-caffarelli-a-toulouse","status":"publish","type":"post","link":"https:\/\/www.europesays.com\/fr\/369832\/","title":{"rendered":"\u00ab\u00a0Le Japon s\u00e9duit de plus en plus les Toulousains\u00a0\u00bb: le Tokyo Market revient ce week-end au jardin Compans-Caffarelli \u00e0 Toulouse"},"content":{"rendered":"<p>\n                                                                    l&rsquo;essentiel<br \/>\n                                                                Ces 6 et 7\u00a0septembre, le Jardin Compans-Caffarelli accueille la 8e \u00e9dition du Tokyo Market Toulouse. Un \u00e9v\u00e9nement gratuit et en plein air qui met \u00e0 l\u2019honneur la culture japonaise, de la gastronomie aux arts martiaux en passant par l\u2019artisanat et le cosplay. Derri\u00e8re cet engouement, une communaut\u00e9 de Toulousains passionn\u00e9s et curieux s\u00e9duit par le Japon.\n                            <\/p>\n<p>Ce week-end, le Jardin Compans-Caffarelli vivra au rythme du Japon avec la 8e \u00e9dition du<a href=\"https:\/\/www.japan-touch.com\/toulouse\/\" target=\"_self\" rel=\"nofollow noopener\"> Tokyo Market<\/a>. Gratuit et familial, l\u2019\u00e9v\u00e9nement rassemble une centaine d\u2019exposants autour de la gastronomie, des arts martiaux, du cosplay et de l\u2019artisanat.<\/p>\n<p>Des racines anciennes \u00e0 Toulouse<\/p>\n<p>Cet attrait pour la culture japonaise s\u2019enracine depuis longtemps dans la Ville rose. \u00ab\u00a0Aujourd\u2019hui, des parents qui ont d\u00e9couvert le Japon dans leur jeunesse transmettent cette passion \u00e0 leurs enfants\u00a0\u00bb, observe Laurent Contrasty, professeur \u00e0 l\u2019association Toulouse Japon.<\/p>\n<p class=\"std-elt__inline\">\n        <strong>\u00c0 lire aussi :<\/strong><br \/>\n        <a href=\"https:\/\/www.ladepeche.fr\/2025\/09\/05\/ou-sortir-a-toulouse-ce-week-end-fete-des-vendanges-10-km-du-stade-petanque-days-voici-notre-selection-12906625.php\" rel=\"nofollow noopener\" target=\"_blank\">O\u00f9 sortir \u00e0 Toulouse ce week-end\u00a0? F\u00eate des vendanges, 10\u00a0km du Stade, P\u00e9tanque Days\u2026 Voici notre s\u00e9lection<\/a>\n    <\/p>\n<p>Le cadre du jardin japonais participe aussi \u00e0 l\u2019attrait du festival. \u00ab\u00a0Ce qui diff\u00e9rencie Toulouse des autres villes, c\u2019est ce lieu, sans doute l\u2019un des plus beaux d\u2019Europe\u00a0\u00bb, souligne Jean-Pierre Gimenez, directeur du Tokyo Market.<\/p>\n<p>L\u2019artisanat, reflet d\u2019une fascination<\/p>\n<p data-end=\"2331\" data-start=\"1750\">Au-del\u00e0 des mangas et des anim\u00e9s, de nombreux Toulousains s\u2019attachent aux traditions. Val\u00e9rie Ferr\u00e9 Filzen, sculptrice de bonsa\u00efs en fil de fer et participante \u00e0 l\u2019\u00e9v\u00e9nement, confie\u00a0: \u00ab\u00a0Derri\u00e8re mon travail, ce que je recherche, c\u2019est l\u2019apaisement\u00a0\u00bb.<\/p>\n<p class=\"std-elt__inline\">\n        <strong>\u00c0 lire aussi :<\/strong><br \/>\n        <a href=\"https:\/\/www.ladepeche.fr\/2025\/09\/05\/plus-de-3-millions-de-visiteurs-ont-franchi-les-portes-en-deux-ans-les-halles-de-la-cartoucherie-celebrent-le-succes-de-leurs-deux-ans-douverture-12910711.php\" rel=\"nofollow noopener\" target=\"_blank\">\u00ab\u00a0Plus de 3\u00a0millions de visiteurs ont franchi les portes en deux ans\u00a0\u00bb\u00a0: Les Halles de la Cartoucherie c\u00e9l\u00e8brent le succ\u00e8s de leurs deux ans d\u2019ouverture<\/a>\n    <\/p>\n<p data-end=\"2586\" data-start=\"2207\">M\u00eame d\u00e9marche pour Caroline Pradel Suzuki, cr\u00e9atrice de la boutique Monoya Tokyo. Habitu\u00e9e des salons toulousains, elle recycle de vieux kimonos en sacs ou accessoires. \u00ab\u00a0L\u2019id\u00e9e est de donner une seconde vie \u00e0 des tissus traditionnels et de faire d\u00e9couvrir cet univers textile. Le fait que le festival soit gratuit permet \u00e0 un large public de s\u2019y int\u00e9resser\u00a0\u00bb, explique-t-elle.<\/p>\n<p>        <img decoding=\"async\" class=\"std-img__img responsive-img\" src=\"https:\/\/www.europesays.com\/fr\/wp-content\/uploads\/2025\/09\/1757134572_99_image.jpg\" alt=\"La boutique Monoya Tokyo sera pr\u00e9sente au Tokyo Market.\"\/><\/p>\n<p>                La boutique Monoya Tokyo sera pr\u00e9sente au Tokyo Market.<br \/>\n                                    Monoya Tokyo<\/p>\n<p>Une communaut\u00e9 diverse et curieuse<\/p>\n<p data-end=\"3154\" data-start=\"2780\">Parmi les participants, Julie, 22 ans, \u00e9tudiante \u00e0 Toulouse, attend avec impatience la c\u00e9r\u00e9monie du th\u00e9\u00a0: \u00ab\u00a0C\u2019est ce que j\u2019aime le plus dans la culture japonaise, le th\u00e9\u00a0\u00bb.\u00a0Pour Karim, 35 ans, le festival est l\u2019occasion \u00ab\u00a0de montrer au public que les arts martiaux, ce n\u2019est pas seulement du combat mais aussi une philosophie\u00a0\u00bb.<\/p>\n<p>        <img decoding=\"async\" class=\"std-img__img responsive-img\" src=\"https:\/\/www.europesays.com\/fr\/wp-content\/uploads\/2025\/09\/1757134573_728_image.jpg\" alt=\"Des animations-jeux sont propos\u00e9s sur place.\"\/><\/p>\n<p>                Des animations-jeux sont propos\u00e9s sur place.<br \/>\n                                    Michel Viala<\/p>\n<p class=\"std-elt__inline\">\n        <strong>\u00c0 lire aussi :<\/strong><br \/>\n        <a href=\"https:\/\/www.ladepeche.fr\/2025\/09\/04\/8-000-visiteurs-attendus-lors-des-petanque-days-toulouse-est-une-vraie-terre-de-petanque-12906425.php\" rel=\"nofollow noopener\" target=\"_blank\">8\u00a0000 visiteurs attendus lors des P\u00e9tanque Days\u00a0: \u00ab\u00a0Toulouse est une vraie terre de p\u00e9tanque\u00a0\u00bb<\/a>\n    <\/p>\n<p data-end=\"2738\" data-start=\"2394\">Selon Jean-Pierre Gimenez, \u00ab\u00a0le Tokyo Market se distingue des conventions centr\u00e9es sur la pop culture. Il existe des centaines de salons \u00ab\u00a0manga\u00a0\u00bb\u00a0en France et\u00a0Japan Touch Toulouse pose un regard diff\u00e9rent, plus orient\u00e9 sur la culture et les arts traditionnels. On peut dire que le Japon s\u00e9duit de plus en plus les Toulousains\u00a0\u00bb.<\/p>\n","protected":false},"excerpt":{"rendered":"l&rsquo;essentiel Ces 6 et 7\u00a0septembre, le Jardin Compans-Caffarelli accueille la 8e \u00e9dition du Tokyo Market Toulouse. Un \u00e9v\u00e9nement&hellip;\n","protected":false},"author":2,"featured_media":369833,"comment_status":"","ping_status":"","sticky":false,"template":"","format":"standard","meta":{"footnotes":""},"categories":[2816],"tags":[1111,11,1777,674,1011,27,12,2680,25,2312],"class_list":{"0":"post-369832","1":"post","2":"type-post","3":"status-publish","4":"format-standard","5":"has-post-thumbnail","7":"category-toulouse","8":"tag-actu","9":"tag-actualites","10":"tag-eu","11":"tag-europe","12":"tag-fr","13":"tag-france","14":"tag-news","15":"tag-occitanie","16":"tag-republique-francaise","17":"tag-toulouse"},"share_on_mastodon":{"url":"https:\/\/pubeurope.com\/@fr\/115155578721165847","error":""},"_links":{"self":[{"href":"https:\/\/www.europesays.com\/fr\/wp-json\/wp\/v2\/posts\/369832","targetHints":{"allow":["GET"]}}],"collection":[{"href":"https:\/\/www.europesays.com\/fr\/wp-json\/wp\/v2\/posts"}],"about":[{"href":"https:\/\/www.europesays.com\/fr\/wp-json\/wp\/v2\/types\/post"}],"author":[{"embeddable":true,"href":"https:\/\/www.europesays.com\/fr\/wp-json\/wp\/v2\/users\/2"}],"replies":[{"embeddable":true,"href":"https:\/\/www.europesays.com\/fr\/wp-json\/wp\/v2\/comments?post=369832"}],"version-history":[{"count":0,"href":"https:\/\/www.europesays.com\/fr\/wp-json\/wp\/v2\/posts\/369832\/revisions"}],"wp:featuredmedia":[{"embeddable":true,"href":"https:\/\/www.europesays.com\/fr\/wp-json\/wp\/v2\/media\/369833"}],"wp:attachment":[{"href":"https:\/\/www.europesays.com\/fr\/wp-json\/wp\/v2\/media?parent=369832"}],"wp:term":[{"taxonomy":"category","embeddable":true,"href":"https:\/\/www.europesays.com\/fr\/wp-json\/wp\/v2\/categories?post=369832"},{"taxonomy":"post_tag","embeddable":true,"href":"https:\/\/www.europesays.com\/fr\/wp-json\/wp\/v2\/tags?post=369832"}],"curies":[{"name":"wp","href":"https:\/\/api.w.org\/{rel}","templated":true}]}}