{"id":369834,"date":"2025-09-06T04:57:13","date_gmt":"2025-09-06T04:57:13","guid":{"rendered":"https:\/\/www.europesays.com\/fr\/369834\/"},"modified":"2025-09-06T04:57:13","modified_gmt":"2025-09-06T04:57:13","slug":"les-riverains-pensaient-quon-allait-creer-un-incinerateur-a-quoi-sert-cette-nouvelle-usine-du-sud-ouest-de-toulouse","status":"publish","type":"post","link":"https:\/\/www.europesays.com\/fr\/369834\/","title":{"rendered":"\u00ab\u00a0Les riverains pensaient qu\u2019on allait cr\u00e9er un incin\u00e9rateur\u00a0\u00bb\u00a0: \u00e0 quoi sert cette nouvelle usine du Sud-Ouest de Toulouse\u00a0?"},"content":{"rendered":"<p>\n                                                                    l&rsquo;essentiel<br \/>\n                                                                Ce jeudi 4\u00a0septembre, une centaine d\u2019acteurs du secteur des d\u00e9chets et d\u2019\u00e9lus locaux s\u2019\u00e9taient r\u00e9unis pour l\u2019inauguration en grande pompe de l\u2019usine de traitement des biod\u00e9chets de Saint-Lys. Bien qu\u2019en fonctionnement depuis d\u00e9but juin, ce projet interroge toujours certains riverains et membres de l\u2019opposition.\n                            <\/p>\n<p>\u00ab\u00a0D\u00e9conditionnement\u00a0\u00bb et \u00ab\u00a0hygi\u00e9nisation\u00a0\u00bb ont \u00e9t\u00e9 les mots\u00a0phares de cette soir\u00e9e d\u2019inauguration en grande pompe de l\u2019usine de traitement des biod\u00e9chets de Saint-Lys organis\u00e9e ce jeudi 4\u00a0septembre. Des termes aux apparences barbares utilis\u00e9s par Olivier Guy, pr\u00e9sident de Sud-Waste, et Arnaud Bossis, Directeur G\u00e9n\u00e9ral de CVE Biogaz lors de leur pr\u00e9sentation du site, d\u00e9j\u00e0 en fonctionnement depuis d\u00e9but juin. Pourtant, ils traduisent un principe simple. Concr\u00e8tement, cela consiste \u00e0 s\u00e9parer les d\u00e9chets alimentaires de leur emballage. Ces mati\u00e8res organiques sont ensuite br\u00fbl\u00e9es \u00e0 70 degr\u00e9s pour en \u00e9liminer les bact\u00e9ries.\u00a0Enfin, ils sont renvoy\u00e9s vers une usine de m\u00e9thanisation, afin d\u2019en faire du biogaz et de l\u2019engrais.<\/p>\n<p>        <img decoding=\"async\" class=\"std-img__img responsive-img\" src=\"https:\/\/www.europesays.com\/fr\/wp-content\/uploads\/2025\/09\/1757134632_39_image.jpg\" alt=\"De gauche \u00e0 droite\u00a0: Arnaud Bossis Directeur g\u00e9n\u00e9ral de CVE Biogaz\u00a0; Olivier Guy, cofondateur de Sud-Waste et Shana Cleto, cofondatrice de Sud-Waste\"\/><\/p>\n<p>                De gauche \u00e0 droite\u00a0: Arnaud Bossis Directeur g\u00e9n\u00e9ral de CVE Biogaz\u00a0; Olivier Guy, cofondateur de Sud-Waste et Shana Cleto, cofondatrice de Sud-Waste<br \/>\n                                    DDM &#8211; Florian Salvat.<\/p>\n<p>\u00ab\u00a0Nos d\u00e9chets\u00a0proviennent principalement d\u2019entreprises de collecte de la r\u00e9gion, comme\u00a0Paprec, Suez ou Veolia\u00a0\u00bb, explique Olivier Guy. Par \u00ab\u00a0r\u00e9gion\u00a0\u00bb, le pr\u00e9sident de Sud-Waste\u00a0veut parler\u00a0d\u2019une zone \u00ab\u00a0id\u00e9alement situ\u00e9e \u00e0 moins de\u00a0100\u00a0km de Toulouse, afin d\u2019\u00e9viter d\u2019avoir un impact\u00a0carbone trop fort.\u00a0\u00bb<\/p>\n<p class=\"std-elt__inline\">\n        <strong>\u00c0 lire aussi :<\/strong><br \/>\n        <a href=\"https:\/\/www.ladepeche.fr\/2025\/01\/15\/marchandises-a-laller-biodechets-au-retour-comment-le-transport-sur-le-canal-du-midi-joue-la-carte-ecolo-12447070.php\" rel=\"nofollow noopener\" target=\"_blank\">Marchandises \u00e0 l\u2019aller, biod\u00e9chets au retour\u2026 comment le transport sur le canal du Midi joue la carte \u00e9colo<\/a>\n    <\/p>\n<p>Cette installation s\u2019inscrit dans un contexte national de prise en compte de la probl\u00e9matique des d\u00e9chets alimentaires. Depuis janvier\u00a02024, la loi AGEC (Anti-Gaspillage pour une \u00c9conomie Circulaire) impose de trier et de valoriser les biod\u00e9chets des commerces et des particuliers.<\/p>\n<p>Une loi mise en place pour lutter\u00a0contre une situation accablante. \u00c0\u00a0ce jour, les biod\u00e9chets repr\u00e9sentent encore un tiers des ordures non tri\u00e9es en France selon le minist\u00e8re de la Transition \u00c9cologique.\u00a0Le site ambitionne de\u00a0traiter\u00a018\u00a0000 tonnes de biod\u00e9chets par an pour un\u00a0projet qui aura co\u00fbt\u00e9 2,8\u00a0millions d\u2019euros, dont\u00a0878\u00a0000\u00a0euros\u00a0de l\u2019ADEME (Agence De l\u2019Environnement et de la Ma\u00eetrise de l\u2019\u00c9nergie).<\/p>\n<p>Un projet qui questionne<\/p>\n<p>L\u2019usine se trouve au c\u0153ur d\u2019une zone industrielle accol\u00e9e \u00e0\u00a0plusieurs habitations individuelles ou collectives. Malgr\u00e9 cette proximit\u00e9, Olivier Guy assure que \u00ab\u00a0les habitants se sont rendu compte qu\u2019il n\u2019y a aucun risque. Au d\u00e9but, ils pensaient qu\u2019on cr\u00e9ait un incin\u00e9rateur, alors il a fallu montrer ce qui se passait vraiment sur place. Il y a toujours des gens qui ne sont jamais contents.\u00a0Mais globalement, beaucoup sont satisfaits.\u00a0\u00bb<\/p>\n<p>        <img decoding=\"async\" class=\"std-img__img responsive-img\" src=\"https:\/\/www.europesays.com\/fr\/wp-content\/uploads\/2025\/09\/1757134633_129_image.jpg\" alt=\"Une visite guid\u00e9e du site \u00e9tait organis\u00e9e lors de l\u2019inauguration.\"\/><\/p>\n<p>                Une visite guid\u00e9e du site \u00e9tait organis\u00e9e lors de l\u2019inauguration.<br \/>\n                                    DDM &#8211; Florian Salvat.<\/p>\n<p>Pourtant, le projet ne semble pas vraiment faire l\u2019unanimit\u00e9 sur la commune. Une p\u00e9tition, assortie d\u2019<a href=\"https:\/\/flipbooklets.com\/pdfflipbooklets\/objections-icpe#page2\" target=\"_self\" rel=\"nofollow noopener\">un dossier \u00e0 charge<\/a>, a notamment \u00e9t\u00e9 publi\u00e9e par Jean-Pierre Michas, ancien conseiller municipal de la commune et membre de l\u2019opposition, sur le site lesaintlysien.com. Il y demande\u00a0de \u00ab\u00a0durcir les contr\u00f4les et obligations de l\u2019usine\u00a0\u00bb, au vu de la proximit\u00e9 avec les habitants et les centres m\u00e9dicaux. Les riverains\u00a0avaient\u00a0d\u2019ailleurs la possibilit\u00e9 d\u2019afficher leur position\u00a0sur le projet jusqu\u2019au 5\u00a0septembre. Un avis au public qui a peu de chances d\u2019aboutir, car\u00a0le maire dit soutenir et\u00a0pousser l\u2019implantation durable de l\u2019usine.<\/p>\n","protected":false},"excerpt":{"rendered":"l&rsquo;essentiel Ce jeudi 4\u00a0septembre, une centaine d\u2019acteurs du secteur des d\u00e9chets et d\u2019\u00e9lus locaux s\u2019\u00e9taient r\u00e9unis pour l\u2019inauguration&hellip;\n","protected":false},"author":2,"featured_media":369835,"comment_status":"","ping_status":"","sticky":false,"template":"","format":"standard","meta":{"footnotes":""},"categories":[2816],"tags":[1111,11,1777,674,1011,27,12,2680,25,2312],"class_list":{"0":"post-369834","1":"post","2":"type-post","3":"status-publish","4":"format-standard","5":"has-post-thumbnail","7":"category-toulouse","8":"tag-actu","9":"tag-actualites","10":"tag-eu","11":"tag-europe","12":"tag-fr","13":"tag-france","14":"tag-news","15":"tag-occitanie","16":"tag-republique-francaise","17":"tag-toulouse"},"share_on_mastodon":{"url":"https:\/\/pubeurope.com\/@fr\/115155582594492571","error":""},"_links":{"self":[{"href":"https:\/\/www.europesays.com\/fr\/wp-json\/wp\/v2\/posts\/369834","targetHints":{"allow":["GET"]}}],"collection":[{"href":"https:\/\/www.europesays.com\/fr\/wp-json\/wp\/v2\/posts"}],"about":[{"href":"https:\/\/www.europesays.com\/fr\/wp-json\/wp\/v2\/types\/post"}],"author":[{"embeddable":true,"href":"https:\/\/www.europesays.com\/fr\/wp-json\/wp\/v2\/users\/2"}],"replies":[{"embeddable":true,"href":"https:\/\/www.europesays.com\/fr\/wp-json\/wp\/v2\/comments?post=369834"}],"version-history":[{"count":0,"href":"https:\/\/www.europesays.com\/fr\/wp-json\/wp\/v2\/posts\/369834\/revisions"}],"wp:featuredmedia":[{"embeddable":true,"href":"https:\/\/www.europesays.com\/fr\/wp-json\/wp\/v2\/media\/369835"}],"wp:attachment":[{"href":"https:\/\/www.europesays.com\/fr\/wp-json\/wp\/v2\/media?parent=369834"}],"wp:term":[{"taxonomy":"category","embeddable":true,"href":"https:\/\/www.europesays.com\/fr\/wp-json\/wp\/v2\/categories?post=369834"},{"taxonomy":"post_tag","embeddable":true,"href":"https:\/\/www.europesays.com\/fr\/wp-json\/wp\/v2\/tags?post=369834"}],"curies":[{"name":"wp","href":"https:\/\/api.w.org\/{rel}","templated":true}]}}