{"id":369836,"date":"2025-09-06T04:58:22","date_gmt":"2025-09-06T04:58:22","guid":{"rendered":"https:\/\/www.europesays.com\/fr\/369836\/"},"modified":"2025-09-06T04:58:22","modified_gmt":"2025-09-06T04:58:22","slug":"le-trafic-interrompu-sur-la-ligne-lille-hazebrouck-plusieurs-heures","status":"publish","type":"post","link":"https:\/\/www.europesays.com\/fr\/369836\/","title":{"rendered":"le trafic interrompu sur la ligne Lille-Hazebrouck plusieurs heures"},"content":{"rendered":"<p>            Par<br \/>\n        <strong><br \/>\n            <a href=\"https:\/\/actu.fr\/auteur\/raphael-mahlmann\" title=\"Consulter tous les articles de Rapha\u00ebl Mahlmann\" target=\"_blank\" rel=\"noopener\">Rapha\u00ebl Mahlmann<\/a><br \/>\n        <\/strong><\/p>\n<p>        Publi\u00e9 le<\/p>\n<p>            5 sept. 2025 \u00e0 11h02        <\/p>\n<p>Attention si vous prenez le TER. Une personne est d\u00e9c\u00e9d\u00e9e apr\u00e8s avoir \u00e9t\u00e9 <a href=\"https:\/\/actu.fr\/hauts-de-france\/somain_59574\/nord-une-personne-percutee-par-un-train-pres-de-somain-le-trafic-interrompu-jusqua-18h30_63047835.html\" target=\"_blank\" rel=\"noopener\">happ\u00e9e par un train <\/a>sur la ligne Lille-Hazebrouck ce vendredi matin. L\u2019accident est survenu au niveau de la gare de P\u00e9renchies. La circulation a \u00e9t\u00e9 interrompue jusqu\u2019\u00e0 15h15. Voici ce qu\u2019il s\u2019est pass\u00e9.\u00a0<\/p>\n<p>Une personne meurt percut\u00e9e\u00a0<\/p>\n<p class=\" wall-content\">\u00c0 10h30, le TER K71 en provenance de Lille Flandres heurte une personne peu avant la gare de P\u00e9renchies. Au total, 155 personnes sont pr\u00e9sentes \u00e0 bord du train. La circulation est interrompue dans les deux sens. Des cars sont alors command\u00e9s pour prendre en charge les clients et desservir les gares interm\u00e9diaires entre P\u00e9renchies et Hazebrouck.\u00a0<\/p>\n<p class=\" wall-content\">\n<p class=\" wall-content\">Les secours, la police et les \u00e9quipes de la SNCF arrivent ensuite sur place. Le train est \u00e9vacu\u00e9 \u00e0 partir de 12h et les clients sont pris en charge. Une enqu\u00eate est alors ouverte par la police judiciaire. Apr\u00e8s l\u2019intervention des pompes fun\u00e8bres, la circulation a pu reprendre progressivement \u00e0 15h15.\u00a0<\/p>\n<p>Que se passe-t-il en cas d\u2019accident de personne\u2009?<\/p>\n<p class=\" wall-content\">En cas d\u2019accident de personne, le conducteur d\u00e9clenche un signal d\u2019alerte. Tous les trains pr\u00e9sents de la zone sont alors arr\u00eat\u00e9s. Un conducteur est appel\u00e9 pour remplacer le premier. La police et les sapeurs-pompiers sont envoy\u00e9s sur place. Une enqu\u00eate est ensuite ouverte. Le trafic reprend g\u00e9n\u00e9ralement deux heures apr\u00e8s l\u2019interruption.<\/p>\n<p class=\" wall-content\">Personnalisez votre actualit\u00e9 en ajoutant vos villes et m\u00e9dias en favori avec <a href=\"https:\/\/moncompte.actu.fr\" title=\"D\u00e9couvez Mon Actu\" rel=\"nofollow noopener\" data-trk=\"{&quot;cta&quot;:{&quot;action&quot;:&quot;https:\\\/\\\/moncompte.actu.fr&quot;,&quot;category&quot;:&quot;mon compte&quot;,&quot;from&quot;:&quot;article footer&quot;,&quot;name&quot;:&quot;Mon actu&quot;,&quot;type&quot;:&quot;cta&quot;}}\" target=\"_blank\">Mon Actu<\/a>.<\/p>\n","protected":false},"excerpt":{"rendered":"Par Rapha\u00ebl Mahlmann Publi\u00e9 le 5 sept. 2025 \u00e0 11h02 Attention si vous prenez le TER. Une personne&hellip;\n","protected":false},"author":2,"featured_media":369837,"comment_status":"","ping_status":"","sticky":false,"template":"","format":"standard","meta":{"footnotes":""},"categories":[2815],"tags":[7757,1111,11,1777,674,118,1011,27,811,1307,12,25,2215],"class_list":{"0":"post-369836","1":"post","2":"type-post","3":"status-publish","4":"format-standard","5":"has-post-thumbnail","7":"category-lille","8":"tag-accident-grave-de-voyageur","9":"tag-actu","10":"tag-actualites","11":"tag-eu","12":"tag-europe","13":"tag-faits-divers","14":"tag-fr","15":"tag-france","16":"tag-hauts-de-france","17":"tag-lille","18":"tag-news","19":"tag-republique-francaise","20":"tag-sncf"},"share_on_mastodon":{"url":"https:\/\/pubeurope.com\/@fr\/115155586633216237","error":""},"_links":{"self":[{"href":"https:\/\/www.europesays.com\/fr\/wp-json\/wp\/v2\/posts\/369836","targetHints":{"allow":["GET"]}}],"collection":[{"href":"https:\/\/www.europesays.com\/fr\/wp-json\/wp\/v2\/posts"}],"about":[{"href":"https:\/\/www.europesays.com\/fr\/wp-json\/wp\/v2\/types\/post"}],"author":[{"embeddable":true,"href":"https:\/\/www.europesays.com\/fr\/wp-json\/wp\/v2\/users\/2"}],"replies":[{"embeddable":true,"href":"https:\/\/www.europesays.com\/fr\/wp-json\/wp\/v2\/comments?post=369836"}],"version-history":[{"count":0,"href":"https:\/\/www.europesays.com\/fr\/wp-json\/wp\/v2\/posts\/369836\/revisions"}],"wp:featuredmedia":[{"embeddable":true,"href":"https:\/\/www.europesays.com\/fr\/wp-json\/wp\/v2\/media\/369837"}],"wp:attachment":[{"href":"https:\/\/www.europesays.com\/fr\/wp-json\/wp\/v2\/media?parent=369836"}],"wp:term":[{"taxonomy":"category","embeddable":true,"href":"https:\/\/www.europesays.com\/fr\/wp-json\/wp\/v2\/categories?post=369836"},{"taxonomy":"post_tag","embeddable":true,"href":"https:\/\/www.europesays.com\/fr\/wp-json\/wp\/v2\/tags?post=369836"}],"curies":[{"name":"wp","href":"https:\/\/api.w.org\/{rel}","templated":true}]}}