{"id":369838,"date":"2025-09-06T04:59:14","date_gmt":"2025-09-06T04:59:14","guid":{"rendered":"https:\/\/www.europesays.com\/fr\/369838\/"},"modified":"2025-09-06T04:59:14","modified_gmt":"2025-09-06T04:59:14","slug":"plan-transport-moules-frites-tout-ce-quil-faut-savoir-pour-profiter-de-la-braderie-de-lille-2025","status":"publish","type":"post","link":"https:\/\/www.europesays.com\/fr\/369838\/","title":{"rendered":"Plan, transport, moules-frites&#8230; Tout ce qu&rsquo;il faut savoir pour profiter de la Braderie de Lille 2025"},"content":{"rendered":"<p>            Par<br \/>\n        <strong><br \/>\n            <a href=\"https:\/\/actu.fr\/auteur\/nicolas-demollien\" title=\"Consulter tous les articles de Nicolas Demollien\" target=\"_blank\" rel=\"noopener\">Nicolas Demollien<\/a><br \/>\n        <\/strong><\/p>\n<p>        Publi\u00e9 le<\/p>\n<p>            6 sept. 2025 \u00e0 6h12        <\/p>\n<p>On se languissait de son retour, elle est enfin l\u00e0 ! La <a href=\"https:\/\/actu.fr\/tag\/braderie-de-lille\" target=\"_blank\" rel=\"noopener\">Braderie de Lille<\/a> (Nord) va battre son plein ces <b>samedi et dimanche 7 septembre 2025<\/b>. Tous les voyants sont au vert et elle <a href=\"https:\/\/actu.fr\/hauts-de-france\/lille_59350\/braderie-de-lille-ces-chiffres-qui-montrent-que-ledition-2025-sera-un-grand-cru_63053824.html\" target=\"_blank\" rel=\"noopener\">promet d\u2019ores et d\u00e9j\u00e0 d\u2019\u00eatre un grand cru<\/a>. Mais pour <b>profiter de l\u2019\u00e9v\u00e9nement<\/b>, mieux vaut \u00eatre au fait d\u2019un certain nombre d\u2019\u00e9l\u00e9ments avant de se lancer dans les rues \u00e0 l\u2019assaut des bonnes affaires. On <b>r\u00e9capitule pour vous tout ce qu\u2019il faut savoir<\/b>.<\/p>\n<p>Tout ce qu\u2019il faut savoir sur la Braderie de Lille 2025<\/p>\n<ul class=\" wall-content\">\n<li><b>Le plan de l\u2019\u00e9v\u00e9nement :<\/b><\/li>\n<\/ul>\n<p class=\" wall-content\"><a href=\"https:\/\/actu.fr\/hauts-de-france\/lille_59350\/voici-le-plan-de-la-braderie-de-lille-2025-pour-ne-rien-rater-de-levenement_63120805.html\" target=\"_blank\" rel=\"noopener\">Voici le plan de la Braderie de Lille 2025 pour ne rien rater de l\u2019\u00e9v\u00e9nement<\/a><\/p>\n<p class=\" wall-content\">Voil\u00e0 un outil indispensable pour bien se rep\u00e9rer dans les d\u00e9dales de l\u2019immense Braderie de Lille ce week-end : le plan de l\u2019\u00e9v\u00e9nement.<\/p>\n<ul class=\" wall-content\">\n<li><b>Le temps qui vous attend :<\/b><\/li>\n<\/ul>\n<p class=\" wall-content\"><a href=\"https:\/\/actu.fr\/hauts-de-france\/lille_59350\/braderie-de-lille-2025-un-pic-de-chaleur-annonce-par-meteo-france-voici-les-previsions_63117970.html\" target=\"_blank\" rel=\"noopener\">Braderie de Lille 2025 : un pic de chaleur annonc\u00e9 par M\u00e9t\u00e9o France, voici les pr\u00e9visions<\/a><\/p>\n<p class=\" wall-content\">\u00c0 24h du grand \u00e9v\u00e9nement, on se le demande : quelle m\u00e9t\u00e9o pour la Braderie de Lille ? M\u00e9t\u00e9o France pr\u00e9voit un pic de chaleur, surtout le dimanche 7 septembre.<\/p>\n<ul class=\" wall-content\">\n<li><b>Les transports mis en place :<\/b><\/li>\n<\/ul>\n<p class=\" wall-content\"><a href=\"https:\/\/actu.fr\/hauts-de-france\/lille_59350\/metro-tram-ce-que-prevoit-ilevia-cote-transports-pour-la-braderie-de-lille_63106381.html\" target=\"_blank\" rel=\"noopener\">M\u00e9tro, tram\u2026 Ce que pr\u00e9voit Il\u00e9via c\u00f4t\u00e9 transports pour la Braderie de Lille<\/a><\/p>\n<p class=\" wall-content\">Il\u00e9via adaptera son offre de transport \u00e0 l\u2019\u00e9v\u00e9nement. Voici ce qui vous attend pour cet \u00e9v\u00e9nement (on croise les doigts pour que <a href=\"https:\/\/actu.fr\/hauts-de-france\/lille_59350\/metro-de-lille-pannes-a-repetition-sur-la-ligne-1-entre-mercredi-et-jeudi-le-pilote-automatique-en-cause_63116899.html\" target=\"_blank\" rel=\"noopener\">le m\u00e9tro ne tombe pas en panne<\/a>\u2026)<\/p>\n<p>Votre r\u00e9gion, votre actu !<\/p>\n<p>Recevez chaque jour les infos qui comptent pour vous.<\/p>\n<p>\t<a href=\"https:\/\/actu.fr\/newsletter\" class=\"ac-btn ac-btn--corner ac-btn--medium ac-btn--blue800\" target=\"_blank\" rel=\"noopener\">S&rsquo;incrire<\/a><\/p>\n<ul class=\" wall-content\">\n<li><b>Les lieux (et leurs prix) o\u00f9 vous r\u00e9galer :<\/b><\/li>\n<\/ul>\n<p class=\" wall-content\"><a href=\"https:\/\/actu.fr\/hauts-de-france\/lille_59350\/braderie-de-lille-6-restos-incroyables-pour-manger-et-faire-la-fete-lors-du-plus-gros-evenement-de-lannee_63106133.html\" target=\"_blank\" rel=\"noopener\">Braderie de Lille : 6 restos incroyables pour manger et faire la f\u00eate lors du plus gros \u00e9v\u00e9nement de l\u2019ann\u00e9e<\/a><\/p>\n<p class=\" wall-content\">Pour vous r\u00e9galer et profiter de l\u2019ambiance ultra festive de la Braderie, ces 6 \u00e9tablissements ont pr\u00e9vu une belle programmation.<\/p>\n<p class=\" wall-content\"><a href=\"https:\/\/actu.fr\/hauts-de-france\/lille_59350\/quels-prix-pour-les-moules-frites-de-la-braderie-de-lille-les-restaurants-devoilent-leurs-tarifs_63112261.html\" target=\"_blank\" rel=\"noopener\">Quels prix pour les moules-frites de la Braderie de Lille ? Les restaurants d\u00e9voilent leurs tarifs<\/a><\/p>\n<p class=\" wall-content\">On conna\u00eet d\u00e9j\u00e0 les prix des moules-frites, annonc\u00e9s par certains restaurants. D\u00e9couvrez combien il faudra d\u00e9bourser pour l\u2019\u00e9dition 2025.<\/p>\n<ul class=\" wall-content\">\n<li><b>Un \u00e9v\u00e9nement exceptionnel avec HPI :\u00a0<\/b><\/li>\n<\/ul>\n<p class=\" wall-content\"><a href=\"https:\/\/actu.fr\/hauts-de-france\/lille_59350\/vente-exceptionnelle-a-la-braderie-de-lille-pour-ses-adieux-la-serie-hpi-vide-son-dressing_63109996.html\" target=\"_blank\" rel=\"noopener\">Vente exceptionnelle \u00e0 la Braderie de Lille : pour ses adieux, la s\u00e9rie HPI vide son dressing !<\/a><\/p>\n<p class=\" wall-content\">C\u2019est une vente exceptionnelle qui va \u00eatre propos\u00e9e\u2009: des objets et costumes de la s\u00e9rie HPI, port\u00e9s notamment par l\u2019actrice vedette Audrey Fleurot.<\/p>\n<ul class=\" wall-content\">\n<li><b>Et enfin, o\u00f9 trouver les fameux tas de moules :\u00a0<\/b><\/li>\n<\/ul>\n<p class=\" wall-content\"><a href=\"https:\/\/actu.fr\/hauts-de-france\/lille_59350\/braderie-de-lille-2025-voici-ou-trouver-les-fameux-tas-de-moules_63119225.html\" target=\"_blank\" rel=\"noopener\">Braderie de Lille 2025 : voici o\u00f9 trouver les fameux tas de moules<\/a><\/p>\n<p class=\" wall-content\">Les tas de coquilles de moules font partie du folklore de la Braderie, pris en photo des milliers de fois. Voici o\u00f9 ils se trouveront lors de l\u2019\u00e9dition 2025.<\/p>\n<ul class=\" wall-content\">\n<li><b>En bonus : voici nos astuces pour passer une belle Braderie avec vos enfants :<\/b><\/li>\n<\/ul>\n<p class=\" wall-content\"><a href=\"https:\/\/actu.fr\/hauts-de-france\/lille_59350\/comment-profiter-de-la-braderie-de-lille-avec-des-enfants-voici-nos-astuces_63116564.html\" target=\"_blank\" rel=\"noopener\">Comment profiter de la Braderie de Lille avec des enfants ? Voici nos astuces<\/a><\/p>\n<p class=\" wall-content\">Le plus grand rendez-vous d\u2019Europe de la \u00ab\u00a0chine\u00a0\u00bb est \u00e0 Lille\u2026 Comment profiter de l\u2019\u00e9v\u00e9nement avec des enfants ? Voici nos astuces.<\/p>\n<p class=\" wall-content\">Vous savez tout ! Bonne Braderie \u00e0 tous.<\/p>\n<p class=\" wall-content\">Personnalisez votre actualit\u00e9 en ajoutant vos villes et m\u00e9dias en favori avec <a href=\"https:\/\/moncompte.actu.fr\" title=\"D\u00e9couvez Mon Actu\" rel=\"nofollow noopener\" data-trk=\"{&quot;cta&quot;:{&quot;action&quot;:&quot;https:\\\/\\\/moncompte.actu.fr&quot;,&quot;category&quot;:&quot;mon compte&quot;,&quot;from&quot;:&quot;article footer&quot;,&quot;name&quot;:&quot;Mon actu&quot;,&quot;type&quot;:&quot;cta&quot;}}\" target=\"_blank\">Mon Actu<\/a>.<\/p>\n","protected":false},"excerpt":{"rendered":"Par Nicolas Demollien Publi\u00e9 le 6 sept. 2025 \u00e0 6h12 On se languissait de son retour, elle est&hellip;\n","protected":false},"author":2,"featured_media":369839,"comment_status":"","ping_status":"","sticky":false,"template":"","format":"standard","meta":{"footnotes":""},"categories":[2815],"tags":[1111,11,18703,1777,674,1011,27,811,1307,1652,12,25],"class_list":{"0":"post-369838","1":"post","2":"type-post","3":"status-publish","4":"format-standard","5":"has-post-thumbnail","7":"category-lille","8":"tag-actu","9":"tag-actualites","10":"tag-braderie-de-lille","11":"tag-eu","12":"tag-europe","13":"tag-fr","14":"tag-france","15":"tag-hauts-de-france","16":"tag-lille","17":"tag-loisirs-culture","18":"tag-news","19":"tag-republique-francaise"},"share_on_mastodon":{"url":"https:\/\/pubeurope.com\/@fr\/115155590961733537","error":""},"_links":{"self":[{"href":"https:\/\/www.europesays.com\/fr\/wp-json\/wp\/v2\/posts\/369838","targetHints":{"allow":["GET"]}}],"collection":[{"href":"https:\/\/www.europesays.com\/fr\/wp-json\/wp\/v2\/posts"}],"about":[{"href":"https:\/\/www.europesays.com\/fr\/wp-json\/wp\/v2\/types\/post"}],"author":[{"embeddable":true,"href":"https:\/\/www.europesays.com\/fr\/wp-json\/wp\/v2\/users\/2"}],"replies":[{"embeddable":true,"href":"https:\/\/www.europesays.com\/fr\/wp-json\/wp\/v2\/comments?post=369838"}],"version-history":[{"count":0,"href":"https:\/\/www.europesays.com\/fr\/wp-json\/wp\/v2\/posts\/369838\/revisions"}],"wp:featuredmedia":[{"embeddable":true,"href":"https:\/\/www.europesays.com\/fr\/wp-json\/wp\/v2\/media\/369839"}],"wp:attachment":[{"href":"https:\/\/www.europesays.com\/fr\/wp-json\/wp\/v2\/media?parent=369838"}],"wp:term":[{"taxonomy":"category","embeddable":true,"href":"https:\/\/www.europesays.com\/fr\/wp-json\/wp\/v2\/categories?post=369838"},{"taxonomy":"post_tag","embeddable":true,"href":"https:\/\/www.europesays.com\/fr\/wp-json\/wp\/v2\/tags?post=369838"}],"curies":[{"name":"wp","href":"https:\/\/api.w.org\/{rel}","templated":true}]}}