{"id":369843,"date":"2025-09-06T05:02:10","date_gmt":"2025-09-06T05:02:10","guid":{"rendered":"https:\/\/www.europesays.com\/fr\/369843\/"},"modified":"2025-09-06T05:02:10","modified_gmt":"2025-09-06T05:02:10","slug":"lyon-une-nouvelle-boutique-au-concept-inedit-sinstalle-en-presquile","status":"publish","type":"post","link":"https:\/\/www.europesays.com\/fr\/369843\/","title":{"rendered":"Lyon. Une nouvelle boutique au concept in\u00e9dit s&rsquo;installe en Presqu&rsquo;\u00eele"},"content":{"rendered":"<p>            Par<br \/>\n        <strong><br \/>\n            <a href=\"https:\/\/actu.fr\/auteur\/theo-zuili\" title=\"Consulter tous les articles de Th\u00e9o Zuili\" target=\"_blank\" rel=\"noopener\">Th\u00e9o Zuili<\/a><br \/>\n        <\/strong><\/p>\n<p>        Publi\u00e9 le<\/p>\n<p>            6 sept. 2025 \u00e0 6h08        <\/p>\n<p>Un concept simple : \u00ab\u00a0Ici, la pistache se d\u00e9cline sous toutes ses formes.\u00a0\u00bb Apr\u00e8s <a href=\"https:\/\/actu.fr\/auvergne-rhone-alpes\/lyon_69123\/lyon-apres-les-terreaux-cette-celebre-enseigne-gourmande-ouvre-une-nouvelle-boutique_62611221.html\" target=\"_blank\" rel=\"noopener\">un bar \u00e0 chocolat<\/a>, c\u2019est une boutique <strong>d\u00e9di\u00e9e \u00e0 la pistache<\/strong> qui ouvre ses portes \u00e0 <a href=\"https:\/\/actu.fr\/auvergne-rhone-alpes\/lyon_69123\" target=\"_blank\" rel=\"noopener\">Lyon<\/a>. Install\u00e9e en Presqu\u2019\u00eele (2\u1d49 arrondissement), La Maison de la Pistache accueille les Lyonnais depuis le 6 juillet 2025.<\/p>\n<p>    <a href=\"https:\/\/www.google.com\/maps\/embed?pb=!1m18!1m12!1m3!1d4602.927008519518!2d4.829949777537488!3d45.76112087108035!2m3!1f0!2f0!3f0!3m2!1i1024!2i768!4f13.1!3m3!1m2!1s0x47f4eb720628eecd%3A0x2fcd2adb648130cc!2sLa%20Maison%20de%20la%20Pistache%20-%20Lyon!5e1!3m2!1sfr!2sfr!4v1756906191234!5m2!1sfr!2sfr\" title=\"Ouvrie le lien\" target=\"_blank\" rel=\"noopener\">Cliquez ici pour visualiser le contenu<\/a><\/p>\n<p class=\" wall-content\">La marque s\u2019installe dans les locaux laiss\u00e9s vacants par La Canadienne Lyon Presqu\u2019\u00eele, maison de v\u00eatements en cuir et peau lyonnaise cr\u00e9\u00e9e en 1949, qui conserve sa boutique du quai Augagneur comme derni\u00e8re repr\u00e9sentante \u00e0 Lyon.<\/p>\n<p>\u00ab\u00a0Un voyage sensoriel au c\u0153ur de la pistache\u00a0\u00bb<\/p>\n<p class=\" wall-content\">Le rendez-vous est donn\u00e9 au 5 rue de l\u2019Ancienne-Pr\u00e9fecture, o\u00f9 la marque n\u00e9e en juillet 2024 promet\u00a0 \u00ab\u00a0un voyage sensoriel au c\u0153ur de la pistache\u00a0\u00bb. Au menu de ce commerce <strong>unique en son genre<\/strong> \u00e0 Lyon, une surprenante vari\u00e9t\u00e9 : \u00ab\u00a0P\u00e2tes \u00e0 tartiner, douceurs sucr\u00e9es, cr\u00e9ations sal\u00e9es, th\u00e9s parfum\u00e9s et \u00e9pices d\u2019exception.\u00a0\u00bb<\/p>\n<p class=\" wall-content\">Inspir\u00e9s d\u2019une \u00ab\u00a0tradition artisanale\u00a0\u00bb et \u00ab\u00a0d\u2019inspirations contemporaines\u00a0\u00bb, les produits mis en vente passent de la glace (\u00e0 la pistache) aux loukoums, caramels, huiles, pestos ou nougats. Sans oublier la pistache classique, habitu\u00e9e des ap\u00e9ritifs.<\/p>\n<p class=\" wall-content\"><a href=\"https:\/\/www.instagram.com\/p\/DM41uDPiTV0\/embed\" title=\"Ouvrir le lien sur Instagram\" target=\"_blank\" rel=\"noopener\">Visualiser le contenu sur Instagram<\/a><\/p>\n<p class=\" wall-content\">La Maison de la Pistache est ouverte de 10h \u00e0 19h du lundi au samedi et de 10h \u00e0 18h le dimanche.<\/p>\n<p class=\" wall-content\">Personnalisez votre actualit\u00e9 en ajoutant vos villes et m\u00e9dias en favori avec <a href=\"https:\/\/moncompte.actu.fr\" title=\"D\u00e9couvez Mon Actu\" rel=\"nofollow noopener\" data-trk=\"{&quot;cta&quot;:{&quot;action&quot;:&quot;https:\\\/\\\/moncompte.actu.fr&quot;,&quot;category&quot;:&quot;mon compte&quot;,&quot;from&quot;:&quot;article footer&quot;,&quot;name&quot;:&quot;Mon actu&quot;,&quot;type&quot;:&quot;cta&quot;}}\" target=\"_blank\">Mon Actu<\/a>.<\/p>\n<p>                    <script async src=\"\/\/www.instagram.com\/embed.js\"><\/script><\/p>\n","protected":false},"excerpt":{"rendered":"Par Th\u00e9o Zuili Publi\u00e9 le 6 sept. 2025 \u00e0 6h08 Un concept simple : \u00ab\u00a0Ici, la pistache se&hellip;\n","protected":false},"author":2,"featured_media":369844,"comment_status":"","ping_status":"","sticky":false,"template":"","format":"standard","meta":{"footnotes":""},"categories":[1889],"tags":[1111,11,2430,33,1777,674,1011,27,1757,2428,12,3147,2809,25],"class_list":{"0":"post-369843","1":"post","2":"type-post","3":"status-publish","4":"format-standard","5":"has-post-thumbnail","7":"category-lyon","8":"tag-actu","9":"tag-actualites","10":"tag-auvergne-rhone-alpes","11":"tag-economie","12":"tag-eu","13":"tag-europe","14":"tag-fr","15":"tag-france","16":"tag-insolite","17":"tag-lyon","18":"tag-news","19":"tag-nouveaux-commerces","20":"tag-presquile","21":"tag-republique-francaise"},"share_on_mastodon":{"url":"https:\/\/pubeurope.com\/@fr\/115155602301529140","error":""},"_links":{"self":[{"href":"https:\/\/www.europesays.com\/fr\/wp-json\/wp\/v2\/posts\/369843","targetHints":{"allow":["GET"]}}],"collection":[{"href":"https:\/\/www.europesays.com\/fr\/wp-json\/wp\/v2\/posts"}],"about":[{"href":"https:\/\/www.europesays.com\/fr\/wp-json\/wp\/v2\/types\/post"}],"author":[{"embeddable":true,"href":"https:\/\/www.europesays.com\/fr\/wp-json\/wp\/v2\/users\/2"}],"replies":[{"embeddable":true,"href":"https:\/\/www.europesays.com\/fr\/wp-json\/wp\/v2\/comments?post=369843"}],"version-history":[{"count":0,"href":"https:\/\/www.europesays.com\/fr\/wp-json\/wp\/v2\/posts\/369843\/revisions"}],"wp:featuredmedia":[{"embeddable":true,"href":"https:\/\/www.europesays.com\/fr\/wp-json\/wp\/v2\/media\/369844"}],"wp:attachment":[{"href":"https:\/\/www.europesays.com\/fr\/wp-json\/wp\/v2\/media?parent=369843"}],"wp:term":[{"taxonomy":"category","embeddable":true,"href":"https:\/\/www.europesays.com\/fr\/wp-json\/wp\/v2\/categories?post=369843"},{"taxonomy":"post_tag","embeddable":true,"href":"https:\/\/www.europesays.com\/fr\/wp-json\/wp\/v2\/tags?post=369843"}],"curies":[{"name":"wp","href":"https:\/\/api.w.org\/{rel}","templated":true}]}}