{"id":369851,"date":"2025-09-06T05:07:38","date_gmt":"2025-09-06T05:07:38","guid":{"rendered":"https:\/\/www.europesays.com\/fr\/369851\/"},"modified":"2025-09-06T05:07:38","modified_gmt":"2025-09-06T05:07:38","slug":"psg-feminin-linternationale-francaise-sakina-karchaoui-nommee-capitaine-pour-son-exemplarite","status":"publish","type":"post","link":"https:\/\/www.europesays.com\/fr\/369851\/","title":{"rendered":"PSG f\u00e9minin\u00a0: l\u2019internationale fran\u00e7aise Sakina Karchaoui nomm\u00e9e capitaine pour \u00ab\u00a0son exemplarit\u00e9\u00a0\u00bb"},"content":{"rendered":"<p class=\"paragraph text_align_left lp-f-body-02\"><a href=\"https:\/\/www.leparisien.fr\/sports\/football\/psg-feminin\/cest-juste-le-karma-sakina-karchaoui-et-le-psg-feminine-en-finale-avec-un-sourire-retrouve-12-05-2025-CKGUVABSXJEMTD23TUORYSLGX4.php\" target=\"_blank\" rel=\"noreferrer noopener\">Sakina Karchaoui<\/a> prend du galon au PSG cette saison, qui commence ce week-end. <a href=\"https:\/\/www.leparisien.fr\/sports\/football\/psg-feminin\/je-ne-peux-pas-faire-de-miracle-les-premiers-mots-de-paulo-cesar-interimaire-chez-les-feminines-du-psg-09-05-2025-ID567MJVFVABNLHEPSRTV54ELE.php\" target=\"_blank\" rel=\"noreferrer noopener\">Paulo Cesar<\/a>, successeur de Fabrice Abriel et confirm\u00e9 au poste d\u2019entra\u00eeneur, en a fait l\u2019annonce ce vendredi 5 septembre.<\/p>\n<p class=\"paragraph text_align_left lp-f-body-02\">\u00ab Avec son exemplarit\u00e9 et tout ce qu\u2019elle repr\u00e9sente depuis plusieurs ann\u00e9es dans le club, c\u2019est quelque chose qui me tenait \u00e0 c\u0153ur, elle est capable de prendre ce r\u00f4le-l\u00e0 et de respecter \u00e0 la lettre tout ce qu\u2019elle doit faire en tant que capitaine \u00bb, a indiqu\u00e9 le coach du PSG.<\/p>\n<p class=\"paragraph text_align_left lp-f-body-02\">\u00ab Ce choix, c\u2019est \u00e0 moi de le faire, j\u2019ai la chance d\u2019avoir un groupe de huit cadres dont Paula (Dudek), Griedge (Mbock), Jackie (Groenen) ou Kate (Kiedrzynek) pour que tout se passe bien \u00bb, a-t-il ajout\u00e9 lors d\u2019un point presse avant la premi\u00e8re journ\u00e9e de championnat \u00e0 Lens ce samedi (21h00).<\/p>\n<p>\u00ab Il y a des d\u00e9cisions que je d\u00e9cide avec les joueuses et d\u2019autres non \u00bb<\/p>\n<p class=\"paragraph text_align_left lp-f-body-02\">La saison derni\u00e8re, le coach de l\u2019\u00e9poque Fabrice Abriel avait d\u00e9cid\u00e9 d\u2019enlever le brassard \u00e0 <a href=\"https:\/\/www.leparisien.fr\/sports\/football\/psg-feminin\/mercato-psg-feminin-grace-geyoro-quitte-paris-pour-les-london-city-lionesses-05-09-2025-MJFPZZO7CNEO3DIXTQYDVMYX6M.php\" target=\"_blank\" rel=\"noreferrer noopener\">Grace Geyoro<\/a> &#8211; qui vient de signer \u00e0 London City Lionnesses &#8211; pour le donner \u00e0 Paula Dudek, ce qui avait cr\u00e9\u00e9 des tensions dans le vestiaire.<\/p>\n<p class=\"paragraph text_align_left lp-f-body-02\">Cette d\u00e9cision de nommer Sakina Karchaoui n\u2019a \u00ab pas du tout \u00bb \u00e9t\u00e9 conflictuelle, a pr\u00e9cis\u00e9 Paulo Cesar. \u00ab J\u2019ai pris la responsabilit\u00e9, j\u2019ai donn\u00e9 mon point de vue, il y a des d\u00e9cisions que je d\u00e9cide avec les joueuses et d\u2019autres non, a-t-il ajout\u00e9. Elles savent toutes que je ne vais pas passer par un m\u00e9dia, je vais directement dans le vestiaire si on a des petits conflits \u00bb, a d\u00e9clar\u00e9 l\u2019entra\u00eeneur, qui a sign\u00e9 pour deux ans.<\/p>\n<p class=\"paragraph text_align_left lp-f-body-02\">Sakina Karchaoui aura 30 ans en janvier. Elle \u00e9volue au PSG depuis 2021 o\u00f9 elle est arriv\u00e9e en provenance de Montpellier.<\/p>\n<p class=\"paragraph text_align_left lp-f-body-02\">De son c\u00f4t\u00e9, Angelo Castellazzi, directeur Sportif du club, a \u00e9voqu\u00e9 ce vendredi \u00ab un projet sur le long terme, coh\u00e9rent et ambitieux \u00bb. \u00ab Nous avons l\u2019objectif est de b\u00e2tir une \u00e9quipe comp\u00e9titive et \u00e9quilibr\u00e9e, tourn\u00e9e vers l\u2019avenir, en s\u2019appuyant sur notre Centre de Formation et des recrues de classe mondiale, a-t-il ajout\u00e9. Le recrutement estival, avec l\u2019arriv\u00e9e de la championne du monde Olga Carmona et de la double championne d\u2019Afrique, capitaine de la s\u00e9lection nig\u00e9riane, Rasheedat Ajibade et la signature de nombreuses jeunes issues du Centre de Formation illustre parfaitement nos ambitions. \u00bb<\/p>\n","protected":false},"excerpt":{"rendered":"Sakina Karchaoui prend du galon au PSG cette saison, qui commence ce week-end. Paulo Cesar, successeur de Fabrice&hellip;\n","protected":false},"author":2,"featured_media":369852,"comment_status":"","ping_status":"","sticky":false,"template":"","format":"standard","meta":{"footnotes":""},"categories":[1888],"tags":[1111,1928,11,1927,1777,674,63,1011,27,12,1926,626,1925,13887,25,60],"class_list":{"0":"post-369851","1":"post","2":"type-post","3":"status-publish","4":"format-standard","5":"has-post-thumbnail","7":"category-paris","8":"tag-actu","9":"tag-actu-paris","10":"tag-actualites","11":"tag-actualites-paris","12":"tag-eu","13":"tag-europe","14":"tag-football","15":"tag-fr","16":"tag-france","17":"tag-news","18":"tag-news-paris","19":"tag-paris","20":"tag-paris-news","21":"tag-psg-feminin","22":"tag-republique-francaise","23":"tag-sports"},"share_on_mastodon":{"url":"https:\/\/pubeurope.com\/@fr\/115155621903647125","error":""},"_links":{"self":[{"href":"https:\/\/www.europesays.com\/fr\/wp-json\/wp\/v2\/posts\/369851","targetHints":{"allow":["GET"]}}],"collection":[{"href":"https:\/\/www.europesays.com\/fr\/wp-json\/wp\/v2\/posts"}],"about":[{"href":"https:\/\/www.europesays.com\/fr\/wp-json\/wp\/v2\/types\/post"}],"author":[{"embeddable":true,"href":"https:\/\/www.europesays.com\/fr\/wp-json\/wp\/v2\/users\/2"}],"replies":[{"embeddable":true,"href":"https:\/\/www.europesays.com\/fr\/wp-json\/wp\/v2\/comments?post=369851"}],"version-history":[{"count":0,"href":"https:\/\/www.europesays.com\/fr\/wp-json\/wp\/v2\/posts\/369851\/revisions"}],"wp:featuredmedia":[{"embeddable":true,"href":"https:\/\/www.europesays.com\/fr\/wp-json\/wp\/v2\/media\/369852"}],"wp:attachment":[{"href":"https:\/\/www.europesays.com\/fr\/wp-json\/wp\/v2\/media?parent=369851"}],"wp:term":[{"taxonomy":"category","embeddable":true,"href":"https:\/\/www.europesays.com\/fr\/wp-json\/wp\/v2\/categories?post=369851"},{"taxonomy":"post_tag","embeddable":true,"href":"https:\/\/www.europesays.com\/fr\/wp-json\/wp\/v2\/tags?post=369851"}],"curies":[{"name":"wp","href":"https:\/\/api.w.org\/{rel}","templated":true}]}}