{"id":369853,"date":"2025-09-06T05:08:14","date_gmt":"2025-09-06T05:08:14","guid":{"rendered":"https:\/\/www.europesays.com\/fr\/369853\/"},"modified":"2025-09-06T05:08:14","modified_gmt":"2025-09-06T05:08:14","slug":"le-resident-menacant-et-violent-dune-maison-de-retraite-somme-de-prendre-la-porte","status":"publish","type":"post","link":"https:\/\/www.europesays.com\/fr\/369853\/","title":{"rendered":"le r\u00e9sident \u00ab\u00a0mena\u00e7ant\u00a0\u00bb et \u00ab\u00a0violent\u00a0\u00bb d&rsquo;une maison de retraite somm\u00e9 de prendre la porte"},"content":{"rendered":"<p>            Par<br \/>\n        <strong><br \/>\n            <a href=\"https:\/\/actu.fr\/auteur\/redaction-paris\" title=\"Consulter tous les articles de R\u00e9daction Paris\" target=\"_blank\" rel=\"noopener\">R\u00e9daction Paris<\/a><br \/>\n        <\/strong><\/p>\n<p>        Publi\u00e9 le<\/p>\n<p>            6 sept. 2025 \u00e0 6h12        <\/p>\n<p>Une d\u00e9cision peu fr\u00e9quente. La juge des r\u00e9f\u00e9r\u00e9s du <a href=\"https:\/\/actu.fr\/tag\/tribunal-administratif-de-paris\" target=\"_blank\" rel=\"noopener\">tribunal administratif de Paris<\/a> a fait \u00ab\u00a0injonction\u00a0\u00bb \u00e0 un r\u00e9sident de la <strong>maison de retraite \u00ab\u00a0Alleray\u00a0\u00bb<\/strong>, dans le 15e arrondissement de Paris, de quitter d\u2019ici au 9 septembre 2025 la chambre qu\u2019il occupe \u00ab\u00a0sans droit ni titre\u00a0\u00bb depuis son exclusion de l\u2019\u00e9tablissement il y a un an. Le Centre d\u2019action sociale de la ville de Paris (CASVP) avait en effet d\u00fb se r\u00e9soudre \u00e0 saisir la <a href=\"https:\/\/actu.fr\/tag\/justice\" target=\"_blank\" rel=\"noopener\">justice<\/a> le 8 ao\u00fbt 2025 : \u00ab\u00a0aucune contestation s\u00e9rieuse\u00a0\u00bb ne s\u2019opposait \u00e0 sa demande d\u2019expulsion. Cet occupant vivait l\u00e0 depuis bient\u00f4t vingt ans mais \u00ab\u00a0ne justifie plus d\u2019aucun droit\u00a0\u00bb depuis que l\u2019arr\u00eat\u00e9 pronon\u00e7ant son exclusion est \u00ab\u00a0devenu d\u00e9finitif\u00a0\u00bb.<\/p>\n<p>\u00ab\u00a0Des manquements r\u00e9p\u00e9t\u00e9s au r\u00e9glement\u00a0\u00bb<\/p>\n<p class=\" wall-content\">\u00ab\u00a0L\u2019expulsion (\u2026) est utile et urgente compte tenu de son comportement violent et mena\u00e7ant envers les r\u00e9sidents et des agents de la r\u00e9sidence\u00a0\u00bb, insistait surtout le cabinet d\u2019avocats du CASVP. Le \u00ab\u00a0nombre de personnes en attente d\u2019un <a href=\"https:\/\/actu.fr\/tag\/logement\" target=\"_blank\" rel=\"noopener\">logement<\/a> dans une r\u00e9sidence de ce type \u00e0 Paris\u00a0\u00bb devait aussi \u00eatre pris en compte, soulignait l\u2019organisme pr\u00e9sid\u00e9 par la maire (PS) de Paris <a href=\"https:\/\/actu.fr\/tag\/anne-hidalgo\" target=\"_blank\" rel=\"noopener\">Anne Hidalgo<\/a>. L\u2019int\u00e9ress\u00e9, lui, n\u2019avait \u00ab\u00a0pas produit de m\u00e9moire en d\u00e9fense\u00a0\u00bb devant le tribunal administratif de Paris mais s\u2019\u00e9tait d\u00e9plac\u00e9 \u00e0 l\u2019audience le 21 ao\u00fbt 2025.<\/p>\n<p class=\" wall-content\">\u00ab\u00a0M. X, h\u00e9berg\u00e9 depuis le 22 mars 2006 au sein de la r\u00e9sidence \u00ab\u00a0Alleray\u00a0\u00bb situ\u00e9e 40 rue des Favorites \u00e0 Paris (\u2026), a fait l\u2019objet le 31 octobre 2024 d\u2019un arr\u00eat\u00e9 d\u2019exclusion\u00a0\u00bb, commence donc par rappeler la juge des r\u00e9f\u00e9r\u00e9s du tribunal administratif de Paris dans une ordonnance en date du 25 ao\u00fbt 2025 qui vient d\u2019\u00eatre rendue publique.<\/p>\n<p class=\" wall-content\">\u00ab\u00a0M. X a \u00e9t\u00e9 exclu (\u2026) au motif de manquements r\u00e9p\u00e9t\u00e9s au r\u00e8glement (\u2026) des r\u00e9sidences-appartements de la ville de Paris, consistant en des violences verbales, menaces et harc\u00e8lements r\u00e9currents \u00e0 l\u2019encontre de certains de ses voisins, notamment de ses voisins du dessous successifs, qu\u2019il accuse de lui faire subir des \u00ab\u00a0nuisances thermochimiques\u00a0\u00bb\u00a0\u00bb, relate la magistrate. La \u00ab\u00a0gardienne de la r\u00e9sidence\u00a0\u00bb serait d\u2019ailleurs selon lui \u00ab\u00a0la complice voire l\u2019instigatrice de ces nuisances\u00a0\u00bb, r\u00e9sume-t-elle encore.<\/p>\n<p>\u00ab\u00a0La tranquillit\u00e9 des autres pensionnaires est perturb\u00e9e\u00a0\u00bb<\/p>\n<p class=\" wall-content\">Mais, sur le strict plan du droit, le vieil homme a \u00ab\u00a0form\u00e9 en janvier 2025 un recours\u00a0\u00bb contre cet arr\u00eat\u00e9 d\u2019exclusion et il a \u00e9t\u00e9 \u00ab\u00a0explicitement rejet\u00e9\u00a0\u00bb le 19 f\u00e9vrier 2025, soit il y a plus de deux mois, qui est le d\u00e9lai l\u00e9gal pour contester une d\u00e9cision administrative. \u00ab\u00a0L\u2019arr\u00eat\u00e9 (\u2026) est ainsi devenu d\u00e9finitif et la demande d\u2019expulsion de l\u2019int\u00e9ress\u00e9 (\u2026) ne se heurte \u00e0 aucune contestation s\u00e9reuse\u00a0\u00bb, en d\u00e9duit donc la juge.<\/p>\n<p class=\" wall-content\">\u00ab\u00a0Ce maintien indu dans les lieux d\u2019un r\u00e9sident perturbant de fa\u00e7on r\u00e9currente la tranquillit\u00e9 des autres pensionnaires de la maison de retraite (\u2026) fait en outre obstacle \u00e0 ce que le logement puisse \u00e0 nouveau \u00eatre mis \u00e0 disposition\u00a0\u00bb, fait remarquer la juge des r\u00e9f\u00e9r\u00e9s du tribunal administratif de Paris.<\/p>\n<p>Votre r\u00e9gion, votre actu !<\/p>\n<p>Recevez chaque jour les infos qui comptent pour vous.<\/p>\n<p>\t<a href=\"https:\/\/actu.fr\/newsletter\" class=\"ac-btn ac-btn--corner ac-btn--medium ac-btn--blue800\" target=\"_blank\" rel=\"noopener\">S&rsquo;incrire<\/a><\/p>\n<p class=\" wall-content\">\u00ab\u00a0Il emp\u00eache l\u2019admission de tout nouvel occupant dans un contexte de tr\u00e8s forte demande pour ce type de logement\u00a0\u00bb, r\u00e9p\u00e8te-t-elle pour conclure au \u00ab\u00a0caract\u00e8re utile et urgent\u00a0\u00bb de la demande formul\u00e9e par le CASVP. Elle a donc \u00ab\u00a0enjoint\u00a0\u00bb au r\u00e9sident de plier bagage. \u00ab\u00a0En revanche, il n\u2019entre pas dans l\u2019office du juge (\u2026) d\u2019autoriser le CASVP \u00e0 demander le concours de la force publique\u00a0\u00bb, rappelle-t-elle.<\/p>\n<p class=\" wall-content\"><strong>GF-PressPepper<\/strong><\/p>\n<p class=\" wall-content\">Personnalisez votre actualit\u00e9 en ajoutant vos villes et m\u00e9dias en favori avec <a href=\"https:\/\/moncompte.actu.fr\" title=\"D\u00e9couvez Mon Actu\" rel=\"nofollow noopener\" data-trk=\"{&quot;cta&quot;:{&quot;action&quot;:&quot;https:\\\/\\\/moncompte.actu.fr&quot;,&quot;category&quot;:&quot;mon compte&quot;,&quot;from&quot;:&quot;article footer&quot;,&quot;name&quot;:&quot;Mon actu&quot;,&quot;type&quot;:&quot;cta&quot;}}\" target=\"_blank\">Mon Actu<\/a>.<\/p>\n","protected":false},"excerpt":{"rendered":"Par R\u00e9daction Paris Publi\u00e9 le 6 sept. 2025 \u00e0 6h12 Une d\u00e9cision peu fr\u00e9quente. La juge des r\u00e9f\u00e9r\u00e9s&hellip;\n","protected":false},"author":2,"featured_media":369854,"comment_status":"","ping_status":"","sticky":false,"template":"","format":"standard","meta":{"footnotes":""},"categories":[1888],"tags":[11,2618,1777,674,1011,27,303,12,626,25,104,22321],"class_list":{"0":"post-369853","1":"post","2":"type-post","3":"status-publish","4":"format-standard","5":"has-post-thumbnail","7":"category-paris","8":"tag-actualites","9":"tag-anne-hidalgo","10":"tag-eu","11":"tag-europe","12":"tag-fr","13":"tag-france","14":"tag-justice","15":"tag-news","16":"tag-paris","17":"tag-republique-francaise","18":"tag-societe","19":"tag-tribunal-administratif-de-paris"},"share_on_mastodon":{"url":"https:\/\/pubeurope.com\/@fr\/115155625941933788","error":""},"_links":{"self":[{"href":"https:\/\/www.europesays.com\/fr\/wp-json\/wp\/v2\/posts\/369853","targetHints":{"allow":["GET"]}}],"collection":[{"href":"https:\/\/www.europesays.com\/fr\/wp-json\/wp\/v2\/posts"}],"about":[{"href":"https:\/\/www.europesays.com\/fr\/wp-json\/wp\/v2\/types\/post"}],"author":[{"embeddable":true,"href":"https:\/\/www.europesays.com\/fr\/wp-json\/wp\/v2\/users\/2"}],"replies":[{"embeddable":true,"href":"https:\/\/www.europesays.com\/fr\/wp-json\/wp\/v2\/comments?post=369853"}],"version-history":[{"count":0,"href":"https:\/\/www.europesays.com\/fr\/wp-json\/wp\/v2\/posts\/369853\/revisions"}],"wp:featuredmedia":[{"embeddable":true,"href":"https:\/\/www.europesays.com\/fr\/wp-json\/wp\/v2\/media\/369854"}],"wp:attachment":[{"href":"https:\/\/www.europesays.com\/fr\/wp-json\/wp\/v2\/media?parent=369853"}],"wp:term":[{"taxonomy":"category","embeddable":true,"href":"https:\/\/www.europesays.com\/fr\/wp-json\/wp\/v2\/categories?post=369853"},{"taxonomy":"post_tag","embeddable":true,"href":"https:\/\/www.europesays.com\/fr\/wp-json\/wp\/v2\/tags?post=369853"}],"curies":[{"name":"wp","href":"https:\/\/api.w.org\/{rel}","templated":true}]}}