{"id":369857,"date":"2025-09-06T05:10:15","date_gmt":"2025-09-06T05:10:15","guid":{"rendered":"https:\/\/www.europesays.com\/fr\/369857\/"},"modified":"2025-09-06T05:10:15","modified_gmt":"2025-09-06T05:10:15","slug":"sanctions-contre-la-russie-le-kremlin-a-t-il-trouve-la-parade","status":"publish","type":"post","link":"https:\/\/www.europesays.com\/fr\/369857\/","title":{"rendered":"Sanctions contre la Russie : le Kremlin a-t-il trouv\u00e9 la parade ?"},"content":{"rendered":"<p>\n                                                Plus de 3 ans apr\u00e8s le d\u00e9but de la guerre en Ukraine imm\u00e9diatement suivi de sanctions \u00e9conomiques internationales, Eco d&rsquo;ici Eco d&rsquo;ailleurs dresse le bilan d&rsquo;une strat\u00e9gie\u00a0visant \u00e0 limiter la capacit\u00e9 de financement de l\u2019effort militaire russe tout en cherchant \u00e0 \u00e9pargner les populations civiles. Quelle efficacit\u00e9 ? Quelles limites ? Et quels contournements ?                    <\/p>\n<p>                                                                <strong>Des sanctions cibl\u00e9es mais contourn\u00e9es<\/strong> <\/p>\n<p>\ud83d\udc49\u00a0<a><strong>Charlotte Emlinger<\/strong><\/a>, \u00e9conomiste au <a target=\"_blank\" href=\"https:\/\/www.linkedin.com\/company\/cepii\/\" rel=\"noopener\">CEPII<\/a>\u00a0(centre d&rsquo;\u00e9tudes prospectives et d&rsquo;informations internationales) dans le programme Analyse du Commerce International, rappelle que les sanctions sont con\u00e7ues pour limiter l\u2019acc\u00e8s de la Russie aux financements et aux technologies sensibles.<\/p>\n<p>Cependant, Moscou a mis en place des strat\u00e9gies de contournement-d\u00e9tournement :<\/p>\n<ul>\n<li>\n<p>partenariats renforc\u00e9s avec la Chine, notamment dans l\u2019\u00e9nergie et les composants \u00e9lectroniques.<\/p>\n<\/li>\n<li>\n<p>recours aux pays tiers (Kazakhstan, Turquie, \u00c9mirats) qui r\u00e9exportent vers la Russie.<\/p>\n<\/li>\n<\/ul>\n<p>Mais ces solutions alternatives co\u00fbtent cher avec une qualit\u00e9 souvent inf\u00e9rieure.<\/p>\n<p><img decoding=\"async\" fetchpriority=\"low\" src=\"https:\/\/www.europesays.com\/fr\/wp-content\/uploads\/2025\/09\/000-36TL8HX.jpg\"   alt=\"La Russie est touch\u00e9e par une forte inflation notamment sur les prix des carburants\" style=\"max-height:567px\" loading=\"lazy\" class=\"a-img \"\/><\/p>\n<p>                La Russie est touch\u00e9e par une forte inflation notamment sur les prix des carburants                AFP &#8211; NATALIA KOLESNIKOVA            <\/p>\n<p>         <strong>La r\u00e9sistance de l\u2019\u00e9conomie russe<\/strong> <\/p>\n<p>\ud83d\udc49 Jean-Didier Revoin, correspondant de RFI \u00e0 Moscou, d\u00e9crit une \u00e9conomie qui a r\u00e9sist\u00e9 mieux qu\u2019attendu :<\/p>\n<ul>\n<li>\n<p>Les secteurs les plus touch\u00e9s sont ceux d\u00e9pendants des importations \u00e9trang\u00e8res, notamment les technologies et composants.<\/p>\n<\/li>\n<li>\n<p>L\u2019inflation a fortement augment\u00e9 (8,5 % officiellement), tandis que les taux d\u2019int\u00e9r\u00eat atteignent 18 %.<\/p>\n<\/li>\n<li>\n<p>Malgr\u00e9 cela, le ch\u00f4mage reste historiquement bas (moins de 2,5 %).<\/p>\n<\/li>\n<\/ul>\n<p>La Russie devrait entrer en r\u00e9cession en 2026, \u00ab une r\u00e9cession longue mais pas profonde, compte tenu de la bonne tenue du march\u00e9 de l\u2019emploi \u00bb.<\/p>\n<p> <strong>Les entreprises \u00e9trang\u00e8res face aux sanctions et aux contre-sanctions<\/strong> <\/p>\n<p><strong>\ud83d\udc49\u00a0<a target=\"_blank\" href=\"https:\/\/www.linkedin.com\/in\/catherine-joffroy\/\" rel=\"noopener\">Catherine Joffroy<\/a><\/strong> (avocate associ\u00e9e au <a target=\"_blank\" href=\"https:\/\/www.dentons.com\/fr\/\" rel=\"noopener\">cabinet Dentons<\/a> et conseill\u00e8re du commerce ext\u00e9rieur de la France) d\u00e9taille les difficult\u00e9s rencontr\u00e9es par les entreprises occidentales :<\/p>\n<ul>\n<li>\n<p>contraintes d\u2019approvisionnement et de financement,<\/p>\n<\/li>\n<li>\n<p>impossibilit\u00e9 pour certaines soci\u00e9t\u00e9s de c\u00e9der leurs actifs sans pertes importantes.<\/p>\n<\/li>\n<li>\n<p>arriv\u00e9e de nouveaux acteurs issus des BRICS qui occupent l\u2019espace laiss\u00e9 vacant.<\/p>\n<\/li>\n<\/ul>\n<p>Certaines entreprises occidentales sont encore pr\u00e9sentes mais fonctionnent \u00ab en sommeil \u00bb, dans l\u2019attente d\u2019un \u00e9ventuel assouplissement.<\/p>\n<p>\u00a0<\/p>\n<p> <strong>L\u2019impact pour l\u2019Europe et le monde<\/strong> <\/p>\n<p>\ud83d\udc49 Les sanctions \u00e9nerg\u00e9tiques ont davantage p\u00e9nalis\u00e9 l\u2019Europe que les \u00c9tats-Unis.<\/p>\n<p>L\u2019Allemagne, la France et l\u2019Europe centrale paient un lourd tribut en termes de commerce et d\u2019approvisionnement \u00e9nerg\u00e9tique.<\/p>\n<p>Pour Charlotte Emlinger, \u00ab les sanctions ne font pas s\u2019effondrer une \u00e9conomie, mais elles la fragilisent durablement, rendent son insertion dans l\u2019\u00e9conomie mondiale plus co\u00fbteuse et redessinent les routes commerciales \u00bb.<\/p>\n<p> <strong>Pour aller plus loin<\/strong>  <\/p>\n<p><img decoding=\"async\" fetchpriority=\"low\" src=\"https:\/\/www.europesays.com\/fr\/wp-content\/uploads\/2025\/09\/9782348089480.jpg\"   alt=\"L'\u00e9conomie mondiale 2026 (\u00e9ditions La d\u00e9couverte)\" style=\"max-height:1280px\" loading=\"lazy\" class=\"a-img \"\/><\/p>\n<p>                L&rsquo;\u00e9conomie mondiale 2026 (\u00e9ditions La d\u00e9couverte)                \u00a9 RFI            <\/p>\n<p>         <strong>S\u00e9n\u00e9gal, des investisseurs mais pas \u00e0 n&rsquo;importe quel prix<\/strong> <\/p>\n<p>Dans la <strong>seconde partie de l&rsquo;\u00e9mission<\/strong>,\u00a0direction le S\u00e9n\u00e9gal qui accueille les 7 et 8 octobre la deuxi\u00e8me \u00e9dition du <a target=\"_blank\" href=\"https:\/\/fiisenegal.sn\/\" rel=\"noopener\">Forum Invest in S\u00e9n\u00e9gal<\/a> \u00e0 Diamnadio.<\/p>\n<p><img decoding=\"async\" fetchpriority=\"low\" src=\"https:\/\/www.europesays.com\/fr\/wp-content\/uploads\/2025\/09\/WhatsApp-Image-2025-08-31-at-08-20-38.jpeg\"   alt=\"Bakary S\u00e9ga Bathily, DG de l'APIX, dans les studios de RFI\" style=\"max-height:424px\" loading=\"lazy\" class=\"a-img \"\/><\/p>\n<p>                Bakary S\u00e9ga Bathily, DG de l&rsquo;APIX, dans les studios de RFI                \u00a9 RFI            <\/p>\n<p>\u00a0<\/p>\n<p>Le directeur g\u00e9n\u00e9ral de l\u2019APIX (Agence de promotion des investissements et des grands travaux, <strong><a target=\"_blank\" href=\"https:\/\/x.com\/BakarySBathily\">Bakary S\u00e9ga Bathily<\/a><\/strong>, explique la strat\u00e9gie de son pays : renforcer la souverainet\u00e9 \u00e9conomique, ren\u00e9gocier certains contrats avec les entreprises \u00e9trang\u00e8res tout en s\u2019ouvrant largement aux investisseurs internationaux.<\/p>\n<p>\ud83e\uddd1\u200d\ud83d\udcbb Un entretien \u00e0 d\u00e9couvrir en <a target=\"_blank\" href=\"https:\/\/www.youtube.com\/watch?v=LrPlUeMzBeI\" rel=\"noopener\">vid\u00e9o en cliquant sur ce lien<\/a>.<\/p>\n<p>\ud83d\udc68\u200d\ud83d\udcbb Echangez avec nous sur <a target=\"_blank\" href=\"https:\/\/www.linkedin.com\/in\/bruno-faure-394302105\/\" rel=\"noopener\">LinkedIn<\/a><\/p>\n","protected":false},"excerpt":{"rendered":"Plus de 3 ans apr\u00e8s le d\u00e9but de la guerre en Ukraine imm\u00e9diatement suivi de sanctions \u00e9conomiques internationales,&hellip;\n","protected":false},"author":2,"featured_media":304125,"comment_status":"","ping_status":"","sticky":false,"template":"","format":"standard","meta":{"footnotes":""},"categories":[1591],"tags":[11,309,14880,33,73,1887,12,1885,1886,132,3496,220,364,135],"class_list":{"0":"post-369857","1":"post","2":"type-post","3":"status-publish","4":"format-standard","5":"has-post-thumbnail","7":"category-russie","8":"tag-actualites","9":"tag-chine","10":"tag-eco-dici-eco-dailleurs","11":"tag-economie","12":"tag-etats-unis","13":"tag-federation-de-russie","14":"tag-news","15":"tag-russia","16":"tag-russian-federation","17":"tag-russie","18":"tag-turquie","19":"tag-ukraine","20":"tag-union-europeenne","21":"tag-vladimir-poutine"},"share_on_mastodon":{"url":"https:\/\/pubeurope.com\/@fr\/115155633748657002","error":""},"_links":{"self":[{"href":"https:\/\/www.europesays.com\/fr\/wp-json\/wp\/v2\/posts\/369857","targetHints":{"allow":["GET"]}}],"collection":[{"href":"https:\/\/www.europesays.com\/fr\/wp-json\/wp\/v2\/posts"}],"about":[{"href":"https:\/\/www.europesays.com\/fr\/wp-json\/wp\/v2\/types\/post"}],"author":[{"embeddable":true,"href":"https:\/\/www.europesays.com\/fr\/wp-json\/wp\/v2\/users\/2"}],"replies":[{"embeddable":true,"href":"https:\/\/www.europesays.com\/fr\/wp-json\/wp\/v2\/comments?post=369857"}],"version-history":[{"count":0,"href":"https:\/\/www.europesays.com\/fr\/wp-json\/wp\/v2\/posts\/369857\/revisions"}],"wp:featuredmedia":[{"embeddable":true,"href":"https:\/\/www.europesays.com\/fr\/wp-json\/wp\/v2\/media\/304125"}],"wp:attachment":[{"href":"https:\/\/www.europesays.com\/fr\/wp-json\/wp\/v2\/media?parent=369857"}],"wp:term":[{"taxonomy":"category","embeddable":true,"href":"https:\/\/www.europesays.com\/fr\/wp-json\/wp\/v2\/categories?post=369857"},{"taxonomy":"post_tag","embeddable":true,"href":"https:\/\/www.europesays.com\/fr\/wp-json\/wp\/v2\/tags?post=369857"}],"curies":[{"name":"wp","href":"https:\/\/api.w.org\/{rel}","templated":true}]}}