{"id":369867,"date":"2025-09-06T05:16:12","date_gmt":"2025-09-06T05:16:12","guid":{"rendered":"https:\/\/www.europesays.com\/fr\/369867\/"},"modified":"2025-09-06T05:16:12","modified_gmt":"2025-09-06T05:16:12","slug":"gaza-lue-nest-pas-au-rendez-vous-de-ses-responsabilites-ministre-belge-des-affaires-etrangeres","status":"publish","type":"post","link":"https:\/\/www.europesays.com\/fr\/369867\/","title":{"rendered":"Gaza : \u00ab\u00a0L&rsquo;UE N&rsquo;est Pas Au Rendez-vous De Ses Responsabilit\u00e9s\u00a0\u00bb (ministre Belge Des Affaires \u00c9trang\u00e8res)"},"content":{"rendered":"<p class=\"\" data-is=\"component-paragraph\">\u00ab\u00a0L\u2019Union europ\u00e9enne est en train de perdre toute cr\u00e9dibilit\u00e9 sur la sc\u00e8ne internationale en raison de son inaction face \u00e0 la guerre \u00e0 Gaza\u00a0\u00bb, a estim\u00e9 vendredi le ministre belge des Affaires \u00e9trang\u00e8res, Maxime Pr\u00e9vot, dans un entretien avec l\u2019AFP.<\/p>\n<p class=\"\" data-is=\"component-paragraph\">\u00ab L\u2019UE n\u2019est pas au rendez-vous de ses responsabilit\u00e9s dans cette crise humanitaire qui confine \u00e0 l\u2019inhumain \u00bb, a-t-il d\u00e9nonc\u00e9, regrettant les divisions entre les 27 \u00c9tats membres, incapables de s\u2019accorder pour sanctionner Isra\u00ebl.<\/p>\n<p class=\"\" data-is=\"component-paragraph\">La Belgique a d\u00e9cid\u00e9 d&rsquo;imposer cette semaine une s\u00e9rie de sanctions \u00e9conomiques et consulaires visant Isra\u00ebl et certains ministres du gouvernement Netanyahou.<\/p>\n<p class=\"\" data-is=\"component-paragraph\">Bruxelles s\u2019est \u00e9galement engag\u00e9e \u00e0 reconna\u00eetre l\u2019\u00c9tat de Palestine, aux c\u00f4t\u00e9s de la France et d\u2019autres pays, lors de l\u2019Assembl\u00e9e g\u00e9n\u00e9rale de l\u2019ONU pr\u00e9vue du 9 au 23 septembre \u00e0 New York.<\/p>\n<p class=\"\" data-is=\"component-paragraph\">Cette reconnaissance sera toutefois soumise \u00e0 deux conditions : la lib\u00e9ration de tous les otages encore d\u00e9tenus par le Hamas et l\u2019exclusion du mouvement terroriste islamiste de tout r\u00f4le au sein d\u2019un futur gouvernement palestinien.\u00a0Pour Maxime Pr\u00e9vot, il s\u2019agit d\u2019envoyer un signal fort et de \u00ab faire pression \u00bb sur Isra\u00ebl pour r\u00e9pondre \u00e0 l\u2019\u00a0\u00bburgence humanitaire\u00a0\u00bb.\u00a0\u00ab Il existe une obligation morale et l\u00e9gale d\u2019agir pour emp\u00eacher qu\u2019un g\u00e9nocide ne survienne \u00bb, a-t-il conclu.<\/p>\n","protected":false},"excerpt":{"rendered":"\u00ab\u00a0L\u2019Union europ\u00e9enne est en train de perdre toute cr\u00e9dibilit\u00e9 sur la sc\u00e8ne internationale en raison de son inaction&hellip;\n","protected":false},"author":2,"featured_media":369868,"comment_status":"","ping_status":"","sticky":false,"template":"","format":"standard","meta":{"footnotes":""},"categories":[1586],"tags":[11,1777,674,1779,1011,27,12,25,1778,364],"class_list":{"0":"post-369867","1":"post","2":"type-post","3":"status-publish","4":"format-standard","5":"has-post-thumbnail","7":"category-europe","8":"tag-actualites","9":"tag-eu","10":"tag-europe","11":"tag-european-union","12":"tag-fr","13":"tag-france","14":"tag-news","15":"tag-republique-francaise","16":"tag-ue","17":"tag-union-europeenne"},"share_on_mastodon":{"url":"https:\/\/pubeurope.com\/@fr\/115155657612100759","error":""},"_links":{"self":[{"href":"https:\/\/www.europesays.com\/fr\/wp-json\/wp\/v2\/posts\/369867","targetHints":{"allow":["GET"]}}],"collection":[{"href":"https:\/\/www.europesays.com\/fr\/wp-json\/wp\/v2\/posts"}],"about":[{"href":"https:\/\/www.europesays.com\/fr\/wp-json\/wp\/v2\/types\/post"}],"author":[{"embeddable":true,"href":"https:\/\/www.europesays.com\/fr\/wp-json\/wp\/v2\/users\/2"}],"replies":[{"embeddable":true,"href":"https:\/\/www.europesays.com\/fr\/wp-json\/wp\/v2\/comments?post=369867"}],"version-history":[{"count":0,"href":"https:\/\/www.europesays.com\/fr\/wp-json\/wp\/v2\/posts\/369867\/revisions"}],"wp:featuredmedia":[{"embeddable":true,"href":"https:\/\/www.europesays.com\/fr\/wp-json\/wp\/v2\/media\/369868"}],"wp:attachment":[{"href":"https:\/\/www.europesays.com\/fr\/wp-json\/wp\/v2\/media?parent=369867"}],"wp:term":[{"taxonomy":"category","embeddable":true,"href":"https:\/\/www.europesays.com\/fr\/wp-json\/wp\/v2\/categories?post=369867"},{"taxonomy":"post_tag","embeddable":true,"href":"https:\/\/www.europesays.com\/fr\/wp-json\/wp\/v2\/tags?post=369867"}],"curies":[{"name":"wp","href":"https:\/\/api.w.org\/{rel}","templated":true}]}}