{"id":369872,"date":"2025-09-06T05:19:10","date_gmt":"2025-09-06T05:19:10","guid":{"rendered":"https:\/\/www.europesays.com\/fr\/369872\/"},"modified":"2025-09-06T05:19:10","modified_gmt":"2025-09-06T05:19:10","slug":"ces-druzes-qui-nimaginent-plus-leur-avenir-en-syrie","status":"publish","type":"post","link":"https:\/\/www.europesays.com\/fr\/369872\/","title":{"rendered":"Ces Druzes qui n&rsquo;imaginent plus leur avenir en Syrie"},"content":{"rendered":"<p class=\"PopSlotParagraph qg-tx2 qg-xtra-lh svelte-1r0pyek\">En juillet dernier, plus de 1 000 personnes, pour la plupart des civils issus de cette minorit\u00e9 ethnoreligieuse, \u00e9taient ex\u00e9cut\u00e9es par les forces de s\u00e9curit\u00e9. D&rsquo;o\u00f9 notamment les craintes aujourd&rsquo;hui des Druzes.<\/p>\n<p> L&rsquo;\u00e9tincelle\u00a0: un message vocal attribu\u00e9 \u00e0 un homme de confession druze<\/p>\n<p class=\"PopSlotParagraph qg-tx2 qg-xtra-lh svelte-1r0pyek\">C&rsquo;est dans la petite localit\u00e9 de Jaramana, majoritairement druze, que Sarah nous accueille. Dans les locaux d&rsquo;une association qui tente de venir en aide aux habitants de sa province de Soue\u00efda, tr\u00e8s difficile d&rsquo;acc\u00e8s depuis les derniers massacres. Apr\u00e8s l&rsquo;espoir suscit\u00e9 par la chute du r\u00e9gime de Bachar Al-Assad, elle craint le pire\u00a0:\u00a0\u00ab\u00a0Quand le r\u00e9gime de Bachar Al-Assad est tomb\u00e9, nous \u00e9tions tr\u00e8s tr\u00e8s heureux. C&rsquo;\u00e9tait le r\u00eave de mon p\u00e8re que d&rsquo;assister \u00e0 la chute du r\u00e9gime de Bachar. Mais peu \u00e0 peu, nous avons d\u00e9couvert leur vrai visage.\u00a0\u00bb<\/p>\n<p class=\"PopSlotParagraph qg-tx2 qg-xtra-lh svelte-1r0pyek\">La situation s&rsquo;est vite d\u00e9grad\u00e9e, avec un premier incident en avril dernier. L&rsquo;\u00e9tincelle\u00a0: un message vocal attribu\u00e9 \u00e0 un homme de confession druze qui maudit le proph\u00e8te. L&rsquo;enregistrement est partag\u00e9 sur les r\u00e9seaux sociaux et met le feu aux poudres. Bilan\u00a0: plusieurs dizaines de morts et autant de bless\u00e9s dans des affrontements entre les forces gouvernementales et des combattants issus de cette minorit\u00e9 druze. C&rsquo;est \u00e0 ce moment-l\u00e0 que la vie de Sarah, 22 ans, \u00e9tudiante en \u00e9conomie, a bascul\u00e9\u00a0:<\/p>\n<p class=\"PopSlotParagraph qg-tx2 qg-xtra-lh svelte-1r0pyek\">\u00ab\u00a0\u00c0 l&rsquo;universit\u00e9, on a commenc\u00e9 \u00e0 sentir qu&rsquo;on n&rsquo;\u00e9tait plus les bienvenus. On nous faisait des commentaires sectaires du genre\u00a0: &lsquo;Vous \u00eates druzes, vous \u00eates des tra\u00eetres, on ne veut pas de vous. Vous \u00eates des agents de l&rsquo;\u00e9tranger, vous devez perdre votre accent et prendre le n\u00f4tre.&rsquo; On a d\u00fb faire profil bas un peu pour finir le semestre. \u00c7a, c&rsquo;\u00e9tait en avril dernier. On avait peur, mais aujourd&rsquo;hui, ce que l&rsquo;on vit, c&rsquo;est beaucoup plus grave.\u00a0Lorsque le semestre d&rsquo;\u00e9t\u00e9 a commenc\u00e9, \u00e7a a co\u00efncid\u00e9 avec les \u00e9v\u00e9nements de Soue\u00efda, le 13 juillet. Quelques jours plus tard, les \u00e9tudiants de l&rsquo;universit\u00e9 ont publi\u00e9 un communiqu\u00e9 sur les r\u00e9seaux sociaux qui disaient, &#8211; et c&rsquo;est \u00e7a qui nous a terrifi\u00e9s\u00a0: &lsquo;Nous ne voulons plus de vous, de ces imposteurs. Si vous revenez, vous le regretterez, vous subirez notre punition. Apr\u00e8s \u00e7a, j&rsquo;ai arr\u00eat\u00e9 d&rsquo;aller \u00e0 l&rsquo;universit\u00e9 et \u00e0 la moindre occasion, je quitterai le pays, sans regarder derri\u00e8re moi.\u00a0\u00bb<\/p>\n<p> \u00ab\u00a0Je pars d\u00e8s que j&rsquo;obtiens mon visa. Pour Duba\u00ef. Je m&rsquo;en vais avant qu&rsquo;il ne soit trop tard. \u00ab\u00a0<\/p>\n<p class=\"PopSlotParagraph qg-tx2 qg-xtra-lh svelte-1r0pyek\">Depuis, Sarah reste la plupart du temps chez elle, comme Marwan, \u00e9galement 22 ans. Mais contrairement \u00e0 Sarah, qui vient d&rsquo;entamer les formalit\u00e9s pour quitter la Syrie, Marwan, lui, est sur le d\u00e9part, pr\u00e9vu dans les prochains jours. Marwan confie\u00a0:<\/p>\n<p class=\"PopSlotParagraph qg-tx2 qg-xtra-lh svelte-1r0pyek\">\u00ab\u00a0J&rsquo;ai tr\u00e8s peur de sortir de chez moi. Tout \u00e0 l&rsquo;heure, j&rsquo;ai pris le bus, j&rsquo;ai vu une voiture qui avait un autocollant qui disait &lsquo;Rasage de moustache gratuit&rsquo;, accompagn\u00e9 de son num\u00e9ro de t\u00e9l\u00e9phone. Il visait les Druzes. C&rsquo;est \u00e0 nous qu&rsquo;il s&rsquo;adresse. C&rsquo;est ce qu&rsquo;ils disaient avant d&rsquo;aller tuer les n\u00f4tres. Mon p\u00e8re a \u00e9t\u00e9 assassin\u00e9 lors des \u00e9v\u00e9nements du mois de juillet. C&rsquo;\u00e9tait un civil d\u00e9sarm\u00e9 de 70 ans\u00a0!\u00a0Je ne sais m\u00eame pas o\u00f9 il a \u00e9t\u00e9 enterr\u00e9. C&rsquo;est quand j&rsquo;ai appris sa mort que j&rsquo;ai d\u00e9cid\u00e9 de quitter le pays. Je ne peux m\u00eame plus marcher dans les rues de Damas.\u00a0C&rsquo;est s\u00fbr, je pars. J&rsquo;ai pris ma d\u00e9cision. Quand\u00a0? D\u00e8s que j&rsquo;obtiens mon visa. Pour Duba\u00ef. Je m&rsquo;en vais avant qu&rsquo;il ne soit trop tard.\u00a0\u00bb<\/p>\n<p class=\"PopSlotParagraph qg-tx2 qg-xtra-lh svelte-1r0pyek\">Depuis les tueries du mois de juillet, Jaramana est plong\u00e9e dans une atmosph\u00e8re d&rsquo;angoisse et de m\u00e9fiance. La confiance avec le nouveau pouvoir est rompue, affirme Salman, 25 ans, ing\u00e9nieur civil, \u00e9galement d\u00e9termin\u00e9 \u00e0 s&rsquo;exiler pour \u00e9chapper aux violences confessionnelles\u00a0:<\/p>\n<p class=\"PopSlotParagraph qg-tx2 qg-xtra-lh svelte-1r0pyek\">\u00ab\u00a0Nous sommes encercl\u00e9s dans cette ville de Jaramana. On ne peut pas en sortir sans prendre de risque. Je n&rsquo;ai pas d&rsquo;autre choix que de partir, car \u00eatre druze, c&rsquo;est \u00eatre en danger dans le pays. En grand danger. \u00c0 l&rsquo;ext\u00e9rieur, n&rsquo;importe qui disposant d&rsquo;une arme peut vous tirer dessus et vous tuer. La solution, c&rsquo;est un \u00c9tat d\u00e9centralis\u00e9 et f\u00e9d\u00e9ral. Cela permettra de maintenir une Syrie unie et en paix. Si cette solution n&rsquo;est pas appliqu\u00e9e, nous vivrons une guerre longue et d\u00e9vastatrice.\u00a0\u00bb<\/p>\n<p class=\"PopSlotParagraph qg-tx2 qg-xtra-lh svelte-1r0pyek\">Un constat\u00a0largement partag\u00e9 au sein de cette minorit\u00e9 druze et notamment parmi ces jeunes qui r\u00eavent d&rsquo;autonomie mais qui sont pouss\u00e9s \u00e0 fuir face \u00e0 la d\u00e9termination des nouveaux ma\u00eetres de Damas \u00e0 vouloir imposer un pouvoir central fort, au risque de provoquer un nouveau cycle de violences.<\/p>\n","protected":false},"excerpt":{"rendered":"En juillet dernier, plus de 1 000 personnes, pour la plupart des civils issus de cette minorit\u00e9 ethnoreligieuse,&hellip;\n","protected":false},"author":2,"featured_media":369873,"comment_status":"","ping_status":"","sticky":false,"template":"","format":"standard","meta":{"footnotes":""},"categories":[4],"tags":[11,1011,27,12,25],"class_list":{"0":"post-369872","1":"post","2":"type-post","3":"status-publish","4":"format-standard","5":"has-post-thumbnail","7":"category-france","8":"tag-actualites","9":"tag-fr","10":"tag-france","11":"tag-news","12":"tag-republique-francaise"},"share_on_mastodon":{"url":"https:\/\/pubeurope.com\/@fr\/115155669012126246","error":""},"_links":{"self":[{"href":"https:\/\/www.europesays.com\/fr\/wp-json\/wp\/v2\/posts\/369872","targetHints":{"allow":["GET"]}}],"collection":[{"href":"https:\/\/www.europesays.com\/fr\/wp-json\/wp\/v2\/posts"}],"about":[{"href":"https:\/\/www.europesays.com\/fr\/wp-json\/wp\/v2\/types\/post"}],"author":[{"embeddable":true,"href":"https:\/\/www.europesays.com\/fr\/wp-json\/wp\/v2\/users\/2"}],"replies":[{"embeddable":true,"href":"https:\/\/www.europesays.com\/fr\/wp-json\/wp\/v2\/comments?post=369872"}],"version-history":[{"count":0,"href":"https:\/\/www.europesays.com\/fr\/wp-json\/wp\/v2\/posts\/369872\/revisions"}],"wp:featuredmedia":[{"embeddable":true,"href":"https:\/\/www.europesays.com\/fr\/wp-json\/wp\/v2\/media\/369873"}],"wp:attachment":[{"href":"https:\/\/www.europesays.com\/fr\/wp-json\/wp\/v2\/media?parent=369872"}],"wp:term":[{"taxonomy":"category","embeddable":true,"href":"https:\/\/www.europesays.com\/fr\/wp-json\/wp\/v2\/categories?post=369872"},{"taxonomy":"post_tag","embeddable":true,"href":"https:\/\/www.europesays.com\/fr\/wp-json\/wp\/v2\/tags?post=369872"}],"curies":[{"name":"wp","href":"https:\/\/api.w.org\/{rel}","templated":true}]}}