{"id":369877,"date":"2025-09-06T05:25:09","date_gmt":"2025-09-06T05:25:09","guid":{"rendered":"https:\/\/www.europesays.com\/fr\/369877\/"},"modified":"2025-09-06T05:25:09","modified_gmt":"2025-09-06T05:25:09","slug":"motogp-zarco-rassure-avec-sa-vitesse-mais-johann-inquiete-avec-ses-crashs","status":"publish","type":"post","link":"https:\/\/www.europesays.com\/fr\/369877\/","title":{"rendered":"MotoGP Zarco rassure, avec sa vitesse, mais Johann inqui\u00e8te, avec ses crashs !"},"content":{"rendered":"<p>Le Grand-Prix de Catalogne de MotoGP devait \u00eatre celui du retour en forme, pour Johann Zarco. Et de mani\u00e8re indiscutable, le tricolore a, effectivement, remis les pendules \u00e0 l\u2019heure. Retrouvant son fauteuil de meilleur pilote Honda et de qualifiant directement en Q2. Sa capacit\u00e9 \u00e0 sortir vite des courbes rapides faisant la diff\u00e9rence, sur le circuit de Montm\u00e9lo.<\/p>\n<p>MotoGP : Zarco sauv\u00e9 des eaux par les drapeaux !<\/p>\n<p>En revanche, cette mauvaise habitude qui lui colle \u00e0 la peau depuis plusieurs semaines est toujours-l\u00e0 \u00e0 savoir : la chute ! Bien heureusement, vendredi dernier, la chance s\u2019est m\u00eal\u00e9e de l\u2019affaire, pour que son crash de fin de s\u00e9ance d\u2019Essais ne le prive pas de Q2. Car, avec une autre chute apr\u00e8s la sienne, celle d\u2019En\u00e9a Bastianini, les drapeaux jaunes auront eu raison de toutes les am\u00e9liorations de ses concurrents.<\/p>\n<blockquote class=\"twitter-tweet\">\n<p dir=\"ltr\" lang=\"en\">Yellow flags brought out by <a href=\"https:\/\/twitter.com\/Bestia23?ref_src=twsrc%5Etfw\" target=\"_blank\" rel=\"noopener nofollow\">@Bestia23<\/a>\u2018s T2 crash \ud83d\ude31<a href=\"https:\/\/twitter.com\/hashtag\/CatalanGP?src=hash&amp;ref_src=twsrc%5Etfw\" target=\"_blank\" rel=\"noopener nofollow\">#CatalanGP<\/a> \ud83c\udfc1 <a href=\"https:\/\/t.co\/AsEoOis2PI\" rel=\"nofollow\">pic.twitter.com\/AsEoOis2PI<\/a><\/p>\n<p>\u2014 MotoGP\u2122\ud83c\udfc1 (@MotoGP) <a href=\"https:\/\/twitter.com\/MotoGP\/status\/1963965848298647880?ref_src=twsrc%5Etfw\" target=\"_blank\" rel=\"noopener nofollow\">September 5, 2025<\/a><\/p>\n<\/blockquote>\n<p>En outre, mieux vaut tomber le vendredi que le samedi, en qualification ou, pire, lors du sprint et\/ou de la course principale. Mais tout de m\u00eame, en tombant encore \u00e0 Barcelone, Johann Zarco inqui\u00e8te, avec ce spectre de le voir \u00e0 nouveau au sol dans un moment plus d\u00e9cisif, en Catalogne.<\/p>\n<p>\u201cC\u2019est dommage pour la chute, mais je suis content d\u2019\u00eatre comp\u00e9titif et de me sentir rapide sur la moto\u201c, d\u00e9clarait Johann Zarco vendredi soir, \u00e0 l\u2019issue de la premi\u00e8re journ\u00e9e du Grand-Prix de Catalogne de MotoGP 2025. J\u2019ai encore des difficult\u00e9s dans certains domaines, mais malgr\u00e9 cela, nous sommes bien plac\u00e9s et faisons du bon travail. Il faut trouver une autre solution qui me permettrait d\u2019\u00eatre plus \u00e0 l\u2019aise et de franchir une nouvelle \u00e9tape. Quoi qu\u2019il en soit, c\u2019est bien d\u2019\u00eatre de retour \u00e0 ce niveau sur un circuit que j\u2019appr\u00e9cie, et nous viserons le meilleur r\u00e9sultat possible en qualifications et au sprint.\u201d, concluait le pilote tricolore du Team LCR.<\/p>\n<p>Article publi\u00e9 le 06\/09\/2025 \u00e0 7h17<\/p>\n<p>                                                            <script async src=\"https:\/\/platform.twitter.com\/widgets.js\" charset=\"utf-8\"><\/script><\/p>\n","protected":false},"excerpt":{"rendered":"Le Grand-Prix de Catalogne de MotoGP devait \u00eatre celui du retour en forme, pour Johann Zarco. Et de&hellip;\n","protected":false},"author":2,"featured_media":369878,"comment_status":"","ping_status":"","sticky":false,"template":"","format":"standard","meta":{"footnotes":""},"categories":[1413],"tags":[1011,27,1741,1457,1456,1458,60],"class_list":{"0":"post-369877","1":"post","2":"type-post","3":"status-publish","4":"format-standard","5":"has-post-thumbnail","7":"category-moto","8":"tag-fr","9":"tag-france","10":"tag-johann-zarco","11":"tag-moto","12":"tag-motocycle","13":"tag-motogp","14":"tag-sports"},"share_on_mastodon":{"url":"https:\/\/pubeurope.com\/@fr\/115155693287305901","error":""},"_links":{"self":[{"href":"https:\/\/www.europesays.com\/fr\/wp-json\/wp\/v2\/posts\/369877","targetHints":{"allow":["GET"]}}],"collection":[{"href":"https:\/\/www.europesays.com\/fr\/wp-json\/wp\/v2\/posts"}],"about":[{"href":"https:\/\/www.europesays.com\/fr\/wp-json\/wp\/v2\/types\/post"}],"author":[{"embeddable":true,"href":"https:\/\/www.europesays.com\/fr\/wp-json\/wp\/v2\/users\/2"}],"replies":[{"embeddable":true,"href":"https:\/\/www.europesays.com\/fr\/wp-json\/wp\/v2\/comments?post=369877"}],"version-history":[{"count":0,"href":"https:\/\/www.europesays.com\/fr\/wp-json\/wp\/v2\/posts\/369877\/revisions"}],"wp:featuredmedia":[{"embeddable":true,"href":"https:\/\/www.europesays.com\/fr\/wp-json\/wp\/v2\/media\/369878"}],"wp:attachment":[{"href":"https:\/\/www.europesays.com\/fr\/wp-json\/wp\/v2\/media?parent=369877"}],"wp:term":[{"taxonomy":"category","embeddable":true,"href":"https:\/\/www.europesays.com\/fr\/wp-json\/wp\/v2\/categories?post=369877"},{"taxonomy":"post_tag","embeddable":true,"href":"https:\/\/www.europesays.com\/fr\/wp-json\/wp\/v2\/tags?post=369877"}],"curies":[{"name":"wp","href":"https:\/\/api.w.org\/{rel}","templated":true}]}}