{"id":369893,"date":"2025-09-06T05:33:13","date_gmt":"2025-09-06T05:33:13","guid":{"rendered":"https:\/\/www.europesays.com\/fr\/369893\/"},"modified":"2025-09-06T05:33:13","modified_gmt":"2025-09-06T05:33:13","slug":"claudio-capeo-a-coeur-ouvert-sur-le-single-intense-madame","status":"publish","type":"post","link":"https:\/\/www.europesays.com\/fr\/369893\/","title":{"rendered":"Claudio Cap\u00e9o \u00e0 coeur ouvert sur le single intense \u00ab\u00a0Madame\u00a0\u00bb"},"content":{"rendered":"<p><img decoding=\"async\" src=\"https:\/\/www.europesays.com\/fr\/wp-content\/uploads\/2025\/09\/photo_1757002054.jpg\" class=\"textcenter img-content\" loading=\"lazy\"\/>Jo&amp;Co<br \/>\n<br \/>\nClaudio Cap\u00e9o a toujours un coup d&rsquo;avance. En novembre dernier, le chanteur \u00e9tait fier d&rsquo;annoncer sur ses r\u00e9seaux sociaux les dates de sa prochaine tourn\u00e9e, qui le verra sillonner les plus grands Z\u00e9nith de France avec son groupe en novembre&#8230; 2026 ! Certaines repr\u00e9sentations sont m\u00eame d\u00e9j\u00e0 programm\u00e9es pour l&rsquo;hiver 2027. \u00ab Tellement h\u00e2te de revenir chanter chez vous \u00bb indique l&rsquo;interpr\u00e8te de <a href=\"https:\/\/www.chartsinfrance.net\/actualite\/news-130246.html\" target=\"_blank\" class=\"spip_out\" rel=\"nofollow noopener\">\u00ab\u00a0T&rsquo;en aller\u00a0\u00bb<\/a> sur cette publication, lui qui a d\u00e9j\u00e0 r\u00e9uni plus de 1,5 million de spectateurs avec ses concerts depuis le d\u00e9but de sa carri\u00e8re selon les chiffres avanc\u00e9s par son label. En avril, c&rsquo;est dans la cabine d&rsquo;un studio d&rsquo;enregistrement que Claudio Cap\u00e9o a pris la pose, muni de son fid\u00e8le accord\u00e9on. \u00ab On vous pr\u00e9pare la suite \u00bb r\u00e9v\u00e9lait l&rsquo;ancien candidat de \u00ab\u00a0The Voice\u00a0\u00bb, sans en dire plus. Il faut croire que l&rsquo;\u00e9t\u00e9 a \u00e9t\u00e9 studieux, car le voici pr\u00eat pour son grand retour en musique !<\/p>\n<p>Le player Dailymotion est en train de se charger&#8230;<\/p>\n<p>Un nouvel album \u00e0 l&rsquo;automne !       <br \/>\nRest\u00e9 tr\u00e8s silencieux ces derniers mois, Claudio Cap\u00e9o a divulgu\u00e9 il y a trois jours une vid\u00e9o le montrant une rose \u00e0 la main, en train de participer \u00e0 un shooting photo. \u00ab J&rsquo;ai \u00e9crit une chanson pour la personne qu&rsquo;on aime, elle parle d&rsquo;un amour vrai : imparfait, parfois bancal, mais profond\u00e9ment r\u00e9el et fort. Elle vous parlera peut-\u00eatre \u00bb y \u00e9crit le musicien, que l&rsquo;on entend fredonner son nouveau single \u00ab\u00a0Madame\u00a0\u00bb. Un extrait qui cumule plus de 2,5 millions de visionnages sur Instagram, TikTok et Facebook ! C&rsquo;est donc ce vendredi que l&rsquo;artiste et son groupe op\u00e8rent leur comeback avec ce morceau narrant un amour passionnel et temp\u00e9tueux. \u00ab Tu croyais quoi Madame, une vie de r\u00eave, sans drame, sans prises de t\u00eate. Je suis pas parfait Madame, tu me le dis trop souvent, mais je n&rsquo;peux pas t&rsquo;offrir la lune si je ne suis pas un soleil \u00bb y chante Claudio Cap\u00e9o, qui se dit \u00ab pas n\u00e9 de la derni\u00e8re pluie mais du premier orage \u00bb.<\/p>\n<blockquote class=\"quote\"><p><b>A LIRE &#8211;<\/b> <a href=\"https:\/\/www.chartsinfrance.net\/actualite\/news-129764.html\" target=\"_blank\" class=\"spip_out\" rel=\"nofollow noopener\">\u00ab\u00a0Je le sentais pas\u00a0\u00bb : Claudio Cap\u00e9o a dit non \u00e0 cette opportunit\u00e9 internationale<\/a><\/p><\/blockquote>\n<p>\nDes confessions sinc\u00e8res que Claudio Cap\u00e9o met en musique avec son instrument f\u00e9tiche, l&rsquo;accord\u00e9on, qui est devenu sa marque de fabrique au fil des disques. Et bonne nouvelle, \u00ab\u00a0Madame\u00a0\u00bb est annonc\u00e9 comme \u00ab le premier extrait de son prochain album attendu pour l&rsquo;automne \u00bb. Vivement !<\/p>\n","protected":false},"excerpt":{"rendered":"Jo&amp;Co Claudio Cap\u00e9o a toujours un coup d&rsquo;avance. En novembre dernier, le chanteur \u00e9tait fier d&rsquo;annoncer sur ses&hellip;\n","protected":false},"author":2,"featured_media":369894,"comment_status":"","ping_status":"","sticky":false,"template":"","format":"standard","meta":{"footnotes":""},"categories":[1355],"tags":[58,59,1011,27,1361,873],"class_list":{"0":"post-369893","1":"post","2":"type-post","3":"status-publish","4":"format-standard","5":"has-post-thumbnail","7":"category-musique","8":"tag-divertissement","9":"tag-entertainment","10":"tag-fr","11":"tag-france","12":"tag-music","13":"tag-musique"},"share_on_mastodon":{"url":"https:\/\/pubeurope.com\/@fr\/115155724387468456","error":""},"_links":{"self":[{"href":"https:\/\/www.europesays.com\/fr\/wp-json\/wp\/v2\/posts\/369893","targetHints":{"allow":["GET"]}}],"collection":[{"href":"https:\/\/www.europesays.com\/fr\/wp-json\/wp\/v2\/posts"}],"about":[{"href":"https:\/\/www.europesays.com\/fr\/wp-json\/wp\/v2\/types\/post"}],"author":[{"embeddable":true,"href":"https:\/\/www.europesays.com\/fr\/wp-json\/wp\/v2\/users\/2"}],"replies":[{"embeddable":true,"href":"https:\/\/www.europesays.com\/fr\/wp-json\/wp\/v2\/comments?post=369893"}],"version-history":[{"count":0,"href":"https:\/\/www.europesays.com\/fr\/wp-json\/wp\/v2\/posts\/369893\/revisions"}],"wp:featuredmedia":[{"embeddable":true,"href":"https:\/\/www.europesays.com\/fr\/wp-json\/wp\/v2\/media\/369894"}],"wp:attachment":[{"href":"https:\/\/www.europesays.com\/fr\/wp-json\/wp\/v2\/media?parent=369893"}],"wp:term":[{"taxonomy":"category","embeddable":true,"href":"https:\/\/www.europesays.com\/fr\/wp-json\/wp\/v2\/categories?post=369893"},{"taxonomy":"post_tag","embeddable":true,"href":"https:\/\/www.europesays.com\/fr\/wp-json\/wp\/v2\/tags?post=369893"}],"curies":[{"name":"wp","href":"https:\/\/api.w.org\/{rel}","templated":true}]}}