{"id":369895,"date":"2025-09-06T05:34:19","date_gmt":"2025-09-06T05:34:19","guid":{"rendered":"https:\/\/www.europesays.com\/fr\/369895\/"},"modified":"2025-09-06T05:34:19","modified_gmt":"2025-09-06T05:34:19","slug":"nouvelles-photos-somptueuses-pour-le-film-dhorreur-de-guillermo-del-toro","status":"publish","type":"post","link":"https:\/\/www.europesays.com\/fr\/369895\/","title":{"rendered":"nouvelles photos somptueuses pour le film d&rsquo;horreur de Guillermo del Toro"},"content":{"rendered":"<p><strong>De nouvelles images du <a href=\"https:\/\/www.ecranlarge.com\/films\/1471750-dr-frankenstein\" data-type=\"link\" data-id=\"https:\/\/www.ecranlarge.com\/films\/1471750-dr-frankenstein\" rel=\"nofollow noopener\" target=\"_blank\">Frankenstein<\/a> de <a href=\"https:\/\/www.ecranlarge.com\/personnalite\/652663-guillermo-del-toro\" data-type=\"people\" data-id=\"4367\" rel=\"nofollow noopener\" target=\"_blank\">Guillermo del Toro<\/a> avec <a href=\"https:\/\/www.ecranlarge.com\/personnalite\/683086-oscar-isaac\" data-type=\"people\" data-id=\"332432\" rel=\"nofollow noopener\" target=\"_blank\">Oscar Isaac<\/a> et <a href=\"https:\/\/www.ecranlarge.com\/personnalite\/1047855-jacob-elordi\" data-type=\"people\" data-id=\"487680\" rel=\"nofollow noopener\" target=\"_blank\">Jacob Elordi<\/a> viennent de tomber.<\/strong><\/p>\n<p>Il est peut-\u00eatre encore un peu t\u00f4t pour que les fans de Guillermo del Toro ne se mettent \u00e0 compter les jours avant la sortie de son <strong>Frankenstein <\/strong>sur <a href=\"https:\/\/www.ecranlarge.com\/personnalite\/1096231-netflix\" data-type=\"people\" data-id=\"504445\" rel=\"nofollow noopener\" target=\"_blank\">Netflix<\/a>, mais les choses commencent tout de m\u00eame dr\u00f4lement \u00e0 se pr\u00e9ciser autour du film qui mettra en sc\u00e8ne Oscar Isaac en docteur Frankenstein, Jacob Elordi en cr\u00e9ature, <a href=\"https:\/\/www.ecranlarge.com\/personnalite\/822038-mia-goth\" data-type=\"people\" data-id=\"455147\" rel=\"nofollow noopener\" target=\"_blank\">Mia Goth<\/a> en Elizabeth et <a href=\"https:\/\/www.ecranlarge.com\/personnalite\/720934-christoph-waltz\" data-type=\"people\" data-id=\"365450\" rel=\"nofollow noopener\" target=\"_blank\">Christoph Waltz<\/a> en docteur Pretorius.<\/p>\n<p>                    <img decoding=\"async\" alt=\"\" class=\"wp-image-518375\" style=\"object-fit:cover;width:25px;height:25px\" src=\"https:\/\/www.ecranlarge.com\/content\/uploads\/2023\/09\/arrow-right-circle.svg\"\/><\/p>\n<p>La preuve avec <strong>4 nouvelles images tir\u00e9es du film<\/strong> et parues dans Entertainment Weekly, qui <strong>en r\u00e9v\u00e8lent encore un peu plus sur cette relecture du mythe <\/strong>cr\u00e9\u00e9 par <a href=\"https:\/\/www.ecranlarge.com\/personnalite\/1355515-mary-shelley\" data-type=\"people\" data-id=\"613230\" rel=\"nofollow noopener\" target=\"_blank\">Mary Shelley<\/a> en 1818.<\/p>\n<p><a href=\"https:\/\/www.ecranlarge.com\/content\/uploads\/2025\/09\/image-14.png\" rel=\"nofollow noopener\" target=\"_blank\"><\/p>\n<p><img loading=\"lazy\" decoding=\"async\" alt=\"Frankenstein oscar isaac\" src=\"https:\/\/www.europesays.com\/fr\/wp-content\/uploads\/2025\/09\/image-14-1260x840.png\" width=\"1260\" height=\"840\"  \/><\/p>\n<p><\/a>C\u2019est pas bient\u00f4t fini, la grasse mat\u2019, bande de feignasses ?Frankenstein fait peaux neuves<\/p>\n<p>Ces nouvelles images <strong>r\u00e9v\u00e8lent des \u00e9l\u00e9ments jusque-l\u00e0 in\u00e9dits<\/strong>, qui n\u2019\u00e9taient pas montr\u00e9s dans le teaser sorti en juin dernier. On y d\u00e9couvre, premi\u00e8rement, le docteur Frankenstein surplomber un tas de corps sur un champ de bataille recouvert de neige. Est-il ici pour<strong> r\u00e9cup\u00e9rer des corps bien frais<\/strong> qu\u2019il pourra utiliser pour fabriquer sa cr\u00e9ature ? Il y a des chances. D\u2019autant que les moulins en arri\u00e8re-plan rappellent la sublime et tragique sc\u00e8ne finale du film de James Whale avec Boris Karloff sorti en 1931.<\/p>\n<p>L\u2019\u00e9l\u00e9ment du moulin en flammes a, depuis, \u00e9t\u00e9 souvent repris dans les \u0153uvres faisant r\u00e9f\u00e9rence \u00e0 <strong>Frankenstein <\/strong>(notamment chez Tim Burton dans <strong>Frankenweenie <\/strong>et <strong>Sleepy Hollow<\/strong>). Del Toro respectera sans doute trop la trame du roman pour reprendre cette fin, comme le laissent penser les s\u00e9quences sur le bateau pris dans la glace aper\u00e7ues dans le teaser et directement tir\u00e9es de l\u2019\u0153uvre de Shelley, mais<strong> la pr\u00e9sence de ces moulins est \u00e0 coup s\u00fbr un clin d\u2019\u0153il de la part du r\u00e9alisateur<\/strong>, qui fait d\u00e9j\u00e0 planer le spectre du drame \u00e0 venir sur son protagoniste.<\/p>\n<p><a href=\"https:\/\/www.ecranlarge.com\/content\/uploads\/2025\/09\/image-15.png\" rel=\"nofollow noopener\" target=\"_blank\"><\/p>\n<p><img loading=\"lazy\" decoding=\"async\" alt=\"Oscar isaac frankenstein\" src=\"https:\/\/www.europesays.com\/fr\/wp-content\/uploads\/2025\/09\/image-15-1260x840.png\" width=\"1260\" height=\"840\"  \/><\/p>\n<p><\/a>Je vous en mets combien de tranches ?<\/p>\n<p>Sur la deuxi\u00e8me, le docteur rentre dans le vif du sujet, puisqu\u2019il est<strong> activement en train de scier la jambe d\u2019un cadavre<\/strong> au premier plan. Notons le d\u00e9tail du bloc de glace qui assure sans aucun doute des conditions d\u2019hygi\u00e8ne irr\u00e9prochables \u00e0 cette op\u00e9ration. Si cette photo ne d\u00e9voile rien d\u2019inattendu, elle a de quoi r\u00e9jouir les amateurs de gore, qui peuvent entendre d\u2019ici<strong> le frottement de la scie passer au travers du tibia<\/strong> et s\u2019attendre \u00e0 ce que le reste du film aille bien plus loin dans les d\u00e9tails graphiques de la d\u00e9coupe de corps humains.<\/p>\n<p>La troisi\u00e8me photo, quant \u00e0 elle, conjugue tout autant de r\u00e9f\u00e9rences que la premi\u00e8re. Frankenstein d\u00e9ambule, l\u2019air angoiss\u00e9, dans les sombres couloirs d\u2019une crypte, muni d\u2019un cand\u00e9labre aux bougies fondues. <strong>Un parfait r\u00e9sum\u00e9 de toute l\u2019imagerie fa\u00e7onn\u00e9e par le roman gothique<\/strong> depuis la fin du 18e si\u00e8cle, quoi. Del Toro s\u2019\u00e9clate manifestement toujours \u00e0 reproduire, de la fa\u00e7on la plus sinc\u00e8re et enthousiaste possible, les poncifs des \u0153uvres qui ont cr\u00e9\u00e9 le cin\u00e9ma d\u2019horreur moderne.<\/p>\n<p><a href=\"https:\/\/www.ecranlarge.com\/content\/uploads\/2025\/09\/image-16.png\" rel=\"nofollow noopener\" target=\"_blank\"><\/p>\n<p><img loading=\"lazy\" decoding=\"async\" alt=\"oscar isaac frankenstein\" src=\"https:\/\/www.europesays.com\/fr\/wp-content\/uploads\/2025\/09\/image-16-1260x840.png\" width=\"1260\" height=\"840\"  \/><\/p>\n<p><\/a>Quand les plombs ont saut\u00e9 et qu\u2019il faut chercher le compteur \u00e0 la cave<\/p>\n<p>D\u2019ailleurs, impossible de ne pas voir, dans cette photo, un \u00e9cho au <strong>Dracula <\/strong>de Coppola et \u00e0 la s\u00e9quence au cours de laquelle Jonathan Harker (Keanu Reeves) s\u2019aventure de nuit dans le ch\u00e2teau du vampire. Une s\u00e9quence qui faisait elle-m\u00eame d\u00e9j\u00e0 largement r\u00e9f\u00e9rence au film <strong>La Belle et la B\u00eate<\/strong> de Jean Cocteau, sorti 46 ans plus t\u00f4t, et lui-m\u00eame nourri par les Universal Monsters.<\/p>\n<p>La derni\u00e8re image, quant \u00e0 elle, se concentre sur Elizabeth. Pensive, elle semble visiter un lieu qui lui est peut-\u00eatre inconnu. Une \u00e9cole, une \u00e9glise, la maison de Frankenstein\u2026 ? Impossible \u00e0 dire, mais le plus int\u00e9ressant, c\u2019est la mani\u00e8re dont <strong>sa silhouette est r\u00e9p\u00e9t\u00e9e par le tableau en arri\u00e8re-plan<\/strong>, qui repr\u00e9sente aussi une jeune femme en robe rouge et tourn\u00e9e dans le m\u00eame axe. <strong>Une pr\u00e9figuration de la mani\u00e8re dont Elizabeth risque de devenir une autre version (peu enviable) d\u2019elle-m\u00eame<\/strong> si jamais elle devenait, tout \u00e0 coup, le sujet des exp\u00e9riences de Victor ?<\/p>\n<p><a href=\"https:\/\/www.ecranlarge.com\/content\/uploads\/2025\/09\/image-17.png\" rel=\"nofollow noopener\" target=\"_blank\"><\/p>\n<p><img loading=\"lazy\" decoding=\"async\" alt=\"mia goth frankenstein\" src=\"https:\/\/www.europesays.com\/fr\/wp-content\/uploads\/2025\/09\/image-17-1260x840.png\" width=\"1260\" height=\"840\"  \/><\/p>\n<p><\/a>5 pieds + 6 bras + 4 jambes +27 doigts = combien de cr\u00e9atures ?<\/p>\n<p>Tout \u00e7a n\u2019est que sp\u00e9culation. En revanche, <strong>la photographie qui associe le pourpre au vert \u00e9meraude<\/strong> n\u2019est pas sans rappeler la direction artistique esth\u00e9tisante de <strong>Crimson Peak<\/strong>, pr\u00e9c\u00e9dent film gothique du r\u00e9alisateur sorti en 2015, ce qui ne sera pas pour d\u00e9plaire \u00e0 ses fans.<\/p>\n<p>Ces 4 images semblent presque, en conclusion, <strong>r\u00e9sumer chronologiquement les grandes lignes de l\u2019histoire \u00e0 elles seules<\/strong> : d\u2019abord la recherche, puis l\u2019exp\u00e9rience interdite, la peur qui en d\u00e9coule et, enfin, l\u2019implication de victimes collat\u00e9rales. Mais le plus grand myst\u00e8re demeure\u2026 <strong>quid de la cr\u00e9ature ?<\/strong> La promo du film se garde bien, pour le moment, de d\u00e9voiler l\u2019apparence de Jacob Elordi en monstre rafistol\u00e9 (si ce n\u2019est \u00e0 travers son imposante silhouette drap\u00e9e dans une pelisse aper\u00e7ue dans le teaser et dans de pr\u00e9c\u00e9dentes photos).<\/p>\n<p>Pour lever le voile sur la cr\u00e9ature et sur le reste du film, <strong>rendez-vous sur Netflix le 7 novembre 2025<\/strong>.<\/p>\n","protected":false},"excerpt":{"rendered":"De nouvelles images du Frankenstein de Guillermo del Toro avec Oscar Isaac et Jacob Elordi viennent de tomber.&hellip;\n","protected":false},"author":2,"featured_media":369896,"comment_status":"","ping_status":"","sticky":false,"template":"","format":"standard","meta":{"footnotes":""},"categories":[1354],"tags":[58,59,1346,1011,27,1360],"class_list":{"0":"post-369895","1":"post","2":"type-post","3":"status-publish","4":"format-standard","5":"has-post-thumbnail","7":"category-films","8":"tag-divertissement","9":"tag-entertainment","10":"tag-films","11":"tag-fr","12":"tag-france","13":"tag-movies"},"share_on_mastodon":{"url":"https:\/\/pubeurope.com\/@fr\/115155728242153613","error":""},"_links":{"self":[{"href":"https:\/\/www.europesays.com\/fr\/wp-json\/wp\/v2\/posts\/369895","targetHints":{"allow":["GET"]}}],"collection":[{"href":"https:\/\/www.europesays.com\/fr\/wp-json\/wp\/v2\/posts"}],"about":[{"href":"https:\/\/www.europesays.com\/fr\/wp-json\/wp\/v2\/types\/post"}],"author":[{"embeddable":true,"href":"https:\/\/www.europesays.com\/fr\/wp-json\/wp\/v2\/users\/2"}],"replies":[{"embeddable":true,"href":"https:\/\/www.europesays.com\/fr\/wp-json\/wp\/v2\/comments?post=369895"}],"version-history":[{"count":0,"href":"https:\/\/www.europesays.com\/fr\/wp-json\/wp\/v2\/posts\/369895\/revisions"}],"wp:featuredmedia":[{"embeddable":true,"href":"https:\/\/www.europesays.com\/fr\/wp-json\/wp\/v2\/media\/369896"}],"wp:attachment":[{"href":"https:\/\/www.europesays.com\/fr\/wp-json\/wp\/v2\/media?parent=369895"}],"wp:term":[{"taxonomy":"category","embeddable":true,"href":"https:\/\/www.europesays.com\/fr\/wp-json\/wp\/v2\/categories?post=369895"},{"taxonomy":"post_tag","embeddable":true,"href":"https:\/\/www.europesays.com\/fr\/wp-json\/wp\/v2\/tags?post=369895"}],"curies":[{"name":"wp","href":"https:\/\/api.w.org\/{rel}","templated":true}]}}