{"id":369897,"date":"2025-09-06T05:36:10","date_gmt":"2025-09-06T05:36:10","guid":{"rendered":"https:\/\/www.europesays.com\/fr\/369897\/"},"modified":"2025-09-06T05:36:10","modified_gmt":"2025-09-06T05:36:10","slug":"les-verts-font-la-meilleure-operation-de-la-7e-journee-mais","status":"publish","type":"post","link":"https:\/\/www.europesays.com\/fr\/369897\/","title":{"rendered":"Les Verts font la meilleure op\u00e9ration de la 7e journ\u00e9e mais&#8230;."},"content":{"rendered":"<p style=\"text-align: justify\"><strong>Alors que le Mozambique talonnait, dans les \u00e9liminatoires de la Coupe du Monde 2026, l\u2019\u00e9quipe nationale en pointant \u00e0 3 longueurs avant la date FIFA de septembre, c\u2019est l\u2019Ouganda qui devient la principale menace. En effet, les Ougandais ont profit\u00e9 de la r\u00e9ception des Mozambicains pour les \u00e9triller 4 buts \u00e0 0. Ainsi, ils rattrapent leurs adversaire du jour et passent seconds (12 points et avec un meilleur goalaverage direct) de la poule \u201cG\u201d \u00e0 6 points de l\u2019Alg\u00e9rie\u2026 qu\u2019ils affronteront, sur nos terres, lors de la 10e et derni\u00e8re journ\u00e9e des qualifications dans un duel qui peut \u00eatre d\u00e9cisif.<\/strong><\/p>\n<p style=\"text-align: justify\">L\u2019<strong>Ouganda<\/strong> se met \u00e0 r\u00eaver. Surtout qu\u2019elle recevra la <strong>Somalie (6e, 1 point)<\/strong> dans quatre jours et devrait d\u00e9crocher <strong>trois <\/strong><strong>nouveaux points<\/strong>. Un jour plus t\u00f4t, les <strong>Fennecs <\/strong>affronteront la <strong>Guin\u00e9e (4e, 10 points)\u00a0<\/strong>au <strong>Maroc<\/strong> dans un duel o\u00f9 le risque de l\u00e2cher du lest est existant. Prendre \u2013 au minimum \u2013 un point est recommand\u00e9.<\/p>\n<p>Les Verts font la meilleure op\u00e9ration de la 7e journ\u00e9e<\/p>\n<p style=\"text-align: justify\">Apr\u00e8s, il faut savoir que les camarades de<strong> Riyad Mahrez\u00a0<\/strong>ont \u2013 pour l\u2019instant \u2013 un avantage de points qui les met \u00e0 l\u2019abri de l\u2019<strong>Ouganda<\/strong> en plus d\u2019avoir battu cette m\u00eame s\u00e9lection <strong>2 buts \u00e0 1<\/strong> \u00e0 <strong>Kampala<\/strong> lors du match \u201caller\u201d pour le compte de la 2e journ\u00e9e des qualifications. C\u2019\u00e9tait sous les ordres de <strong>Djamel Belmadi<\/strong>.<\/p>\n<p style=\"text-align: justify\">En tout cas, on verra le c\u00f4t\u00e9 plein du verre. La d\u00e9faite des <strong>Mozambicains\u00a0<\/strong>vient capitaliser le succ\u00e8s, bien que difficile, des <strong>Verts<\/strong>\u00a0face au <strong>Botswana (3-1) <\/strong>jeudi. Math\u00e9matiquement, c\u2019est la bande \u00e0 <strong>Vladimir Petkovic<\/strong> qui a r\u00e9alis\u00e9 la meilleure op\u00e9ration au terme du 7e round dans ces qualifications en<strong> consolidant le leadership (18 points)<\/strong>. Ainsi, <strong>El-Khadra<\/strong> peut mettre neuf orteils en <strong>Coupe du Monde 2026<\/strong> en cas de victoire dans trois jours \u00e0 <strong>Rabat<\/strong>.<\/p>\n","protected":false},"excerpt":{"rendered":"Alors que le Mozambique talonnait, dans les \u00e9liminatoires de la Coupe du Monde 2026, l\u2019\u00e9quipe nationale en pointant&hellip;\n","protected":false},"author":2,"featured_media":369898,"comment_status":"","ping_status":"","sticky":false,"template":"","format":"standard","meta":{"footnotes":""},"categories":[9],"tags":[18833,1011,27,50415,50416,25140,5638,60,50417],"class_list":{"0":"post-369897","1":"post","2":"type-post","3":"status-publish","4":"format-standard","5":"has-post-thumbnail","7":"category-sports","8":"tag-coupe-du-monde-2026","9":"tag-fr","10":"tag-france","11":"tag-guinu00e9e","12":"tag-mozambique","13":"tag-ouganda","14":"tag-somalie","15":"tag-sports","16":"tag-vladimir-petkovic"},"share_on_mastodon":{"url":"https:\/\/pubeurope.com\/@fr\/115155736006802321","error":""},"_links":{"self":[{"href":"https:\/\/www.europesays.com\/fr\/wp-json\/wp\/v2\/posts\/369897","targetHints":{"allow":["GET"]}}],"collection":[{"href":"https:\/\/www.europesays.com\/fr\/wp-json\/wp\/v2\/posts"}],"about":[{"href":"https:\/\/www.europesays.com\/fr\/wp-json\/wp\/v2\/types\/post"}],"author":[{"embeddable":true,"href":"https:\/\/www.europesays.com\/fr\/wp-json\/wp\/v2\/users\/2"}],"replies":[{"embeddable":true,"href":"https:\/\/www.europesays.com\/fr\/wp-json\/wp\/v2\/comments?post=369897"}],"version-history":[{"count":0,"href":"https:\/\/www.europesays.com\/fr\/wp-json\/wp\/v2\/posts\/369897\/revisions"}],"wp:featuredmedia":[{"embeddable":true,"href":"https:\/\/www.europesays.com\/fr\/wp-json\/wp\/v2\/media\/369898"}],"wp:attachment":[{"href":"https:\/\/www.europesays.com\/fr\/wp-json\/wp\/v2\/media?parent=369897"}],"wp:term":[{"taxonomy":"category","embeddable":true,"href":"https:\/\/www.europesays.com\/fr\/wp-json\/wp\/v2\/categories?post=369897"},{"taxonomy":"post_tag","embeddable":true,"href":"https:\/\/www.europesays.com\/fr\/wp-json\/wp\/v2\/tags?post=369897"}],"curies":[{"name":"wp","href":"https:\/\/api.w.org\/{rel}","templated":true}]}}