{"id":369899,"date":"2025-09-06T05:37:11","date_gmt":"2025-09-06T05:37:11","guid":{"rendered":"https:\/\/www.europesays.com\/fr\/369899\/"},"modified":"2025-09-06T05:37:11","modified_gmt":"2025-09-06T05:37:11","slug":"qui-est-nawarra-la-nouvelle-chroniqueuse-de-cyril-hanouna-dans-tout-beau-tout-n9uf","status":"publish","type":"post","link":"https:\/\/www.europesays.com\/fr\/369899\/","title":{"rendered":"qui est Nawarra, la nouvelle chroniqueuse de Cyril Hanouna dans \u00abTout beau tout n9uf\u00bb"},"content":{"rendered":"<p>    Nawarra dans \u00ab Cyril et la famille\u00a0\u00bb le 4 septembre 2025<br \/>\n                Captire \u00e9cran C8<\/p>\n<p>L\u2019animateur et producteur a accueilli la jeune femme de 23 ans jeudi soir dans son nouveau talk-show sur W9. Pour sa premi\u00e8re apparition \u00e0 la t\u00e9l\u00e9vision, cette influenceuse s\u2019est montr\u00e9e tr\u00e8s \u00e0 l\u2019aise.<\/p>\n<p class=\"fig-paragraph\">En l\u2019absence de <strong>Kelly Vedovelli<\/strong> depuis l\u2019arr\u00eat de \u00ab Touche pas \u00e0 mon poste!\u00a0\u00bb et le lancement de\u00a0<a href=\"https:\/\/tvmag.lefigaro.fr\/programme-tv\/programme\/tout-beau-tout-n9uf-f1835171994\" target=\"_blank\" rel=\"noopener\" data-gtm-custom-categorie=\"navigation\" data-gtm-custom-action=\"crossclick\" data-gtm-custom-label=\"Contextuel\" data-gtm-event=\"customEventSPE\"><strong>\u00ab Tout beau tout n9uf\u00a0\u00bb<\/strong><\/a>, Cyril Hanouna a d\u00fb lui trouver une rempla\u00e7ante. Pour les num\u00e9ros du talk-show diffus\u00e9s du lundi au mercredi, c\u2019est\u00a0<a href=\"http:\/\/tvmag.lefigaro.fr\/programme-tv\/actu-tele\/polska-revelation-de-la-saison-de-tpmp-j-avais-peur-en-arrivant-je-n-avais-pas-confiance-en-moi-20240609\" target=\"_blank\" data-fig-type=\"Article\" rel=\"noopener\" data-gtm-custom-categorie=\"navigation\" data-gtm-custom-action=\"crossclick\" data-gtm-custom-label=\"Contextuel\" data-gtm-event=\"customEventSPE\" data-fig-domain=\"TVMAG\"><strong>Polska<\/strong><\/a> \u00a0qui a \u00e9t\u00e9 titularis\u00e9e et install\u00e9e au bout de la table situ\u00e9e \u00e0 sa droite. Pour les deux \u00e9missions de fin de semaine,\u00a0<a href=\"http:\/\/tvmag.lefigaro.fr\/programme-tv\/actu-tele\/luis-fernandez-marlene-schiappa-qui-sont-les-chroniqueurs-mis-a-l-essai-par-cyril-hanouna-pour-tout-beau-tout-n9euf-20250829\" target=\"_blank\" data-fig-type=\"Article\" rel=\"noopener\" data-gtm-custom-categorie=\"navigation\" data-gtm-custom-action=\"crossclick\" data-gtm-custom-label=\"Contextuel\" data-gtm-event=\"customEventSPE\" data-fig-domain=\"TVMAG\">l\u2019animateur a proc\u00e9d\u00e9 \u00e0 plusieurs essais durant le pilote<\/a>\u00a0enregistr\u00e9 le 27 ao\u00fbt dernier.<\/p>\n<p class=\"fig-paragraph\">Entre l\u2019agent immobilier Emma Duron, les influenceuses Lou Pernaut et Roji ou encore l\u2019entrepreneuse Lila Taleb, c\u2019est <strong>Nawarra <\/strong>qui s\u2019est d\u00e9marqu\u00e9e aux yeux de Cyril Hanouna. Apparue furtivement lundi durant l\u2019introduction du lancement de \u00ab TBT9\u00a0\u00bb sur W9 (au m\u00eame titre que Roji), cette jeune femme de 23 ans originaire de Rouen a pris place autour de la table pour la premi\u00e8re fois jeudi soir.<\/p>\n<p class=\"fig-body-link\">\n            \u00c0 lire aussi<br \/>\n        <a class=\"fig-body-link__link\" href=\"http:\/\/tvmag.lefigaro.fr\/programme-tv\/actu-tele\/qui-est-shana-loustau-la-nouvelle-chroniqueuse-de-cyril-hanouna-dans-tout-beau-tout-n9uf-sur-w9-20250822\" target=\"_blank\" data-fig-type=\"Article\" rel=\"noopener\" data-gtm-custom-categorie=\"navigation\" data-gtm-custom-action=\"crossclick\" data-gtm-custom-label=\"Contextuel\" data-gtm-event=\"customEventSPE\" data-fig-domain=\"TVMAG\">Qui est Shana Loustau, la nouvelle chroniqueuse de Cyril Hanouna dans \u00abTout beau tout n9uf\u00bb sur W9<br \/>\n    <\/a>\n<\/p>\n<blockquote class=\"fig-quote&#10;    \">\n<p class=\"fig-quote__text\">\u00ab J\u2019ai arr\u00eat\u00e9 l\u2019\u00e9cole apr\u00e8s le brevet des coll\u00e8ges\u00a0\u00bb<\/p>\n<p>            Nawarra\n    <\/p><\/blockquote>\n<p>                                    <a class=\"fig-a11y-skip a11y-hidden\" href=\"#fig-a11y-skip-main-inarticle\"><br \/>\n        Passer la publicit\u00e9<br \/>\n    <\/a><\/p>\n<p class=\"fig-paragraph\">Dans <strong>\u00ab Cyril et la famille\u00a0\u00bb<\/strong>, \u00e9mission qui pr\u00e9c\u00e8de \u00ab Tout beau tout n9uf\u00a0\u00bb, Nawarra s\u2019est pr\u00e9sent\u00e9e comme une cr\u00e9atrice de contenu sur Internet. Sur les r\u00e9seaux sociaux, elle compte \u00e0 ce jour plus de 415.000 abonn\u00e9s sur TikTok, 247.000 sur SnapChat et 202.000 sur Instagram. Le printemps dernier, elle avait pris part \u00e0 <strong>\u00ab HMI House\u00a0\u00bb<\/strong>, une web \u00e9mission diffus\u00e9e sur SnapChat, deux ans apr\u00e8s avoir jou\u00e9 dans la webs\u00e9rie <strong>Papers <\/strong>sur YouTube.<\/p>\n<p class=\"fig-paragraph\">\u00ab J\u2019ai arr\u00eat\u00e9 l\u2019\u00e9cole apr\u00e8s le brevet des coll\u00e8ges\u00a0\u00bb, a racont\u00e9 Nawarra dans un entretien \u00e0 Pure TV. \u00ab J\u2019ai \u00e9t\u00e9 beaucoup harcel\u00e9e durant ma scolarit\u00e9, principalement par des filles. J\u2019\u00e9tais coquette, je me maquillais et je portais des v\u00eatements moulants. Les gens me disaient que \u00e7a n\u2019allait pas pour mon \u00e2ge.\u00a0\u00bb Fille unique n\u00e9e d\u2019un p\u00e8re tunisien et d\u2019une m\u00e8re fran\u00e7aise, elle a grandi \u00e0 Rouen jusqu\u2019au d\u00e9part de ses parents au Maroc.<\/p>\n<p>Nawarra refuse \u00ab Les Princes de l\u2019amour\u00a0\u00bb<\/p>\n<p class=\"fig-paragraph\">Sa premi\u00e8re apparition \u00e0 la t\u00e9l\u00e9vision aurait pu survenir il y a six ans, dans un programme de t\u00e9l\u00e9r\u00e9alit\u00e9 de&#8230; W9. \u00ab On m\u2019avait propos\u00e9 de\u00a0<a href=\"https:\/\/tvmag.lefigaro.fr\/programme-tv\/les-princes-et-les-princesses-de-l-amour-deprogramme-pourquoi-la-telerealite-de-w9-est-un-echec_9b75422a-8672-11ec-9365-b246e7ff4c4b\" target=\"_blank\" data-fig-type=\"Article\" rel=\"noopener\" data-gtm-custom-categorie=\"navigation\" data-gtm-custom-action=\"crossclick\" data-gtm-custom-label=\"Contextuel\" data-gtm-event=\"customEventSPE\" data-fig-domain=\"TVMAG\">participer aux \u201cPrinces de l\u2019amour\u201d<\/a> \u00a0lorsque j\u2019avais 17 ans, a-t-elle r\u00e9v\u00e9l\u00e9 \u00e0 nos confr\u00e8res. J\u2019avais refus\u00e9 \u00e0 cause de mon \u00e2ge et parce que je n\u2019aimais pas l\u2019image que v\u00e9hiculait cette \u00e9mission.\u00a0\u00bb \u00c0 cet instant, elle se disait partante pour participer \u00e0 un jeu d\u2019aventures.<\/p>\n<p class=\"fig-paragraph\">Rep\u00e9r\u00e9e par H2O Productions, Nawarra fait aujourd\u2019hui partie des chroniqueurs de \u00ab Tout beau tout n9uf\u00a0\u00bb. Pour sa premi\u00e8re exp\u00e9rience \u00e0 la t\u00e9l\u00e9vision, elle s\u2019est montr\u00e9e particuli\u00e8rement \u00e0 son aise. Lors de sa pr\u00e9sentation,\u00a0<a href=\"http:\/\/tvmag.lefigaro.fr\/programme-tv\/actu-tele\/si-vous-ne-me-laissez-pas-parler-ca-ne-va-pas-le-faire-laurent-fontaine-se-rebelle-face-a-cyril-hanouna-20250904\" target=\"_blank\" data-fig-type=\"Article\" rel=\"noopener\" data-gtm-custom-categorie=\"navigation\" data-gtm-custom-action=\"crossclick\" data-gtm-custom-label=\"Contextuel\" data-gtm-event=\"customEventSPE\" data-fig-domain=\"TVMAG\">Cyril Hanouna<\/a>\u00a0a r\u00e9v\u00e9l\u00e9 que, malgr\u00e9 son jeune \u00e2ge, sa chroniqueuse avait d\u00e9j\u00e0 \u00e9t\u00e9 mari\u00e9e deux fois. \u00ab Et j\u2019ai divorc\u00e9 deux fois, a-t-elle soulign\u00e9. Je me suis mari\u00e9e une premi\u00e8re fois \u00e0 l\u2019\u00e2ge de 18 ans avec un homme qui avait douze ans de plus que moi. Je l\u2019ai connu quand j\u2019avais 15 ans et notre mariage n\u2019avait dur\u00e9 qu\u2019un an.\u00a0\u00bb<\/p>\n<p class=\"fig-paragraph\">Son deuxi\u00e8me mariage \u00e9tait arriv\u00e9 alors qu\u2019elle avait 21 ans. \u00ab Je suis d\u2019une famille o\u00f9 il est important de se marier, a pr\u00e9cis\u00e9 Nawarra. J\u2019\u00e9tais amoureuse de mon premier mari mais pas du deuxi\u00e8me. Cela n\u2019avait pas dur\u00e9 longtemps entre nous, il avait seize ans de plus que moi.\u00a0\u00bb Et de conclure avec humour\u00a0: \u00ab Je n\u2019aime pas rester c\u00e9libataire donc le prochain mariage viendra bient\u00f4t.\u00a0\u00bb<\/p>\n<p>    Nawarra et Olivier Dartigolles dans \u00ab Cyril et la famille\u00a0\u00bb le 4 septembre 2025<br \/>\n                Capture \u00e9cran W9<\/p>\n","protected":false},"excerpt":{"rendered":"Nawarra dans \u00ab Cyril et la famille\u00a0\u00bb le 4 septembre 2025 Captire \u00e9cran C8 L\u2019animateur et producteur a&hellip;\n","protected":false},"author":2,"featured_media":369900,"comment_status":"","ping_status":"","sticky":false,"template":"","format":"standard","meta":{"footnotes":""},"categories":[8],"tags":[1083,58,59,1011,27,49425],"class_list":{"0":"post-369899","1":"post","2":"type-post","3":"status-publish","4":"format-standard","5":"has-post-thumbnail","7":"category-divertissement","8":"tag-cyril-hanouna","9":"tag-divertissement","10":"tag-entertainment","11":"tag-fr","12":"tag-france","13":"tag-tout-beau-tout-n9uf"},"share_on_mastodon":{"url":"https:\/\/pubeurope.com\/@fr\/115155739846229692","error":""},"_links":{"self":[{"href":"https:\/\/www.europesays.com\/fr\/wp-json\/wp\/v2\/posts\/369899","targetHints":{"allow":["GET"]}}],"collection":[{"href":"https:\/\/www.europesays.com\/fr\/wp-json\/wp\/v2\/posts"}],"about":[{"href":"https:\/\/www.europesays.com\/fr\/wp-json\/wp\/v2\/types\/post"}],"author":[{"embeddable":true,"href":"https:\/\/www.europesays.com\/fr\/wp-json\/wp\/v2\/users\/2"}],"replies":[{"embeddable":true,"href":"https:\/\/www.europesays.com\/fr\/wp-json\/wp\/v2\/comments?post=369899"}],"version-history":[{"count":0,"href":"https:\/\/www.europesays.com\/fr\/wp-json\/wp\/v2\/posts\/369899\/revisions"}],"wp:featuredmedia":[{"embeddable":true,"href":"https:\/\/www.europesays.com\/fr\/wp-json\/wp\/v2\/media\/369900"}],"wp:attachment":[{"href":"https:\/\/www.europesays.com\/fr\/wp-json\/wp\/v2\/media?parent=369899"}],"wp:term":[{"taxonomy":"category","embeddable":true,"href":"https:\/\/www.europesays.com\/fr\/wp-json\/wp\/v2\/categories?post=369899"},{"taxonomy":"post_tag","embeddable":true,"href":"https:\/\/www.europesays.com\/fr\/wp-json\/wp\/v2\/tags?post=369899"}],"curies":[{"name":"wp","href":"https:\/\/api.w.org\/{rel}","templated":true}]}}