{"id":36990,"date":"2025-04-19T17:18:07","date_gmt":"2025-04-19T17:18:07","guid":{"rendered":"https:\/\/www.europesays.com\/fr\/36990\/"},"modified":"2025-04-19T17:18:07","modified_gmt":"2025-04-19T17:18:07","slug":"y-a-t-il-deja-eu-un-match-dans-le-tennis-comme-jelena-ostapenko-contre-iga-swiatek-open-6eme-sens","status":"publish","type":"post","link":"https:\/\/www.europesays.com\/fr\/36990\/","title":{"rendered":"Y a-t-il d\u00e9j\u00e0 eu un match dans le tennis comme Jelena Ostapenko contre Iga Swiatek? &#8211; Open 6\u00e8me Sens"},"content":{"rendered":"<p>\u00c9tait-ce le moment o\u00f9 Iga attendait, quand elle a finalement secou\u00e9 Ostapenko de son dos?<\/p>\n<p>Encore une fois, pas exactement.<\/p>\n<p>Au lieu de cela, la mar\u00e9e du match a bascul\u00e9 dans la direction d\u2019Ostapenko. Apr\u00e8s une autre double faute dans son premier match de service, elle a serr\u00e9 les dents, a perc\u00e9 et a maintenu le service. Dans le prochain match, les vannes ont rouvert. Ostapenko a arrach\u00e9 trois vainqueurs de revers cons\u00e9cutifs pour se casser. Peut-\u00eatre plus impressionnant, cependant, \u00e9tait la fa\u00e7on dont elle a cl\u00f4tur\u00e9 le match, en broyant des titres difficiles dans les jeux Deuce, et en utilisant son premier service \u00e0 verrouiller les points d\u2019embrayage et \u00e0 emp\u00eacher Swiatek de retrouver tout espoir.<\/p>\n<p>\u00ab\u00a0Dans le troisi\u00e8me set, j\u2019ai dit:\u00a0\u00bb OK, le deuxi\u00e8me set est termin\u00e9, je me battrai jusqu\u2019\u00e0 la fin et nous verrons ce qui se passe. \u00ab\u00a0\u00a0\u00bb<\/p>\n<p>Ostapenko a m\u00eame admis avoir renvoy\u00e9 son agression pour une fois.<\/p>\n","protected":false},"excerpt":{"rendered":"\u00c9tait-ce le moment o\u00f9 Iga attendait, quand elle a finalement secou\u00e9 Ostapenko de son dos? Encore une fois,&hellip;\n","protected":false},"author":2,"featured_media":36991,"comment_status":"","ping_status":"","sticky":false,"template":"","format":"standard","meta":{"footnotes":""},"categories":[1586],"tags":[11,11797,1993,1444,1446,1442,1777,674,1779,1011,27,11798,11799,955,12,3503,25,11800,1467,1778,364],"class_list":{"0":"post-36990","1":"post","2":"type-post","3":"status-publish","4":"format-standard","5":"has-post-thumbnail","7":"category-europe","8":"tag-actualites","9":"tag-atil","10":"tag-comme","11":"tag-contre","12":"tag-dans","13":"tag-deja","14":"tag-eu","15":"tag-europe","16":"tag-european-union","17":"tag-fr","18":"tag-france","19":"tag-iga","20":"tag-jelena","21":"tag-match","22":"tag-news","23":"tag-ostapenko","24":"tag-republique-francaise","25":"tag-swiatek","26":"tag-tennis","27":"tag-ue","28":"tag-union-europeenne"},"share_on_mastodon":{"url":"https:\/\/pubeurope.com\/@fr\/114365772852257639","error":""},"_links":{"self":[{"href":"https:\/\/www.europesays.com\/fr\/wp-json\/wp\/v2\/posts\/36990","targetHints":{"allow":["GET"]}}],"collection":[{"href":"https:\/\/www.europesays.com\/fr\/wp-json\/wp\/v2\/posts"}],"about":[{"href":"https:\/\/www.europesays.com\/fr\/wp-json\/wp\/v2\/types\/post"}],"author":[{"embeddable":true,"href":"https:\/\/www.europesays.com\/fr\/wp-json\/wp\/v2\/users\/2"}],"replies":[{"embeddable":true,"href":"https:\/\/www.europesays.com\/fr\/wp-json\/wp\/v2\/comments?post=36990"}],"version-history":[{"count":0,"href":"https:\/\/www.europesays.com\/fr\/wp-json\/wp\/v2\/posts\/36990\/revisions"}],"wp:featuredmedia":[{"embeddable":true,"href":"https:\/\/www.europesays.com\/fr\/wp-json\/wp\/v2\/media\/36991"}],"wp:attachment":[{"href":"https:\/\/www.europesays.com\/fr\/wp-json\/wp\/v2\/media?parent=36990"}],"wp:term":[{"taxonomy":"category","embeddable":true,"href":"https:\/\/www.europesays.com\/fr\/wp-json\/wp\/v2\/categories?post=36990"},{"taxonomy":"post_tag","embeddable":true,"href":"https:\/\/www.europesays.com\/fr\/wp-json\/wp\/v2\/tags?post=36990"}],"curies":[{"name":"wp","href":"https:\/\/api.w.org\/{rel}","templated":true}]}}