{"id":369911,"date":"2025-09-06T05:43:12","date_gmt":"2025-09-06T05:43:12","guid":{"rendered":"https:\/\/www.europesays.com\/fr\/369911\/"},"modified":"2025-09-06T05:43:12","modified_gmt":"2025-09-06T05:43:12","slug":"leclerc-a-lance-son-drive","status":"publish","type":"post","link":"https:\/\/www.europesays.com\/fr\/369911\/","title":{"rendered":"Leclerc a lanc\u00e9 son drive"},"content":{"rendered":"<p class=\"insetTitle\">Ouverture aussi d\u2019une agence de voyages<\/p>\n<p>Depuis ce mercredi 3\u00a0septembre, l\u2019hypermarch\u00e9 accueille aussi l\u2019agence de voyages de l\u2019enseigne, Leclerc Voyages, \u00e0 l\u2019int\u00e9rieur de sa galerie marchande. \u00ab\u00a0L\u00e0 aussi, il y avait une demande de la client\u00e8le\u00a0\u00bb, note le directeur Paul Filipe.<\/p>\n<p>\u00ab\u00a0Les r\u00e9servations peuvent se faire en ligne, mais certains pr\u00e9f\u00e8rent toujours venir finaliser ou composer leur voyage en agence\u00a0\u00bb, pr\u00e9cise Sophie Torralvo, responsable de cette nouvelle agence. Travaillant depuis vingt ans pour Leclerc Voyages (Firminy puis Brives-Charensac en Haute-Loire), elle sera accompagn\u00e9e de trois autres salari\u00e9s (dont une alternante).<\/p>\n<p>Fort d\u2019un r\u00e9seau de plus de 200 agences sur le territoire fran\u00e7ais, l\u2019enseigne propose des voyages en France, \u00e0 l\u2019\u00e9tranger, du sur-mesure, et de la billetterie a\u00e9rienne et maritime.<\/p>\n","protected":false},"excerpt":{"rendered":"Ouverture aussi d\u2019une agence de voyages Depuis ce mercredi 3\u00a0septembre, l\u2019hypermarch\u00e9 accueille aussi l\u2019agence de voyages de l\u2019enseigne,&hellip;\n","protected":false},"author":2,"featured_media":369912,"comment_status":"","ping_status":"","sticky":false,"template":"","format":"standard","meta":{"footnotes":""},"categories":[9653],"tags":[1111,11,2430,4406,33,7539,1777,674,1011,27,12,25,9669,9670,4001],"class_list":{"0":"post-369911","1":"post","2":"type-post","3":"status-publish","4":"format-standard","5":"has-post-thumbnail","7":"category-saint-etienne","8":"tag-actu","9":"tag-actualites","10":"tag-auvergne-rhone-alpes","11":"tag-commerce-et-services","12":"tag-economie","13":"tag-edition-loire-sud","14":"tag-eu","15":"tag-europe","16":"tag-fr","17":"tag-france","18":"tag-news","19":"tag-republique-francaise","20":"tag-saint-chamond","21":"tag-saint-chamond-ville","22":"tag-saint-etienne"},"share_on_mastodon":{"url":"https:\/\/pubeurope.com\/@fr\/115155763467160555","error":""},"_links":{"self":[{"href":"https:\/\/www.europesays.com\/fr\/wp-json\/wp\/v2\/posts\/369911","targetHints":{"allow":["GET"]}}],"collection":[{"href":"https:\/\/www.europesays.com\/fr\/wp-json\/wp\/v2\/posts"}],"about":[{"href":"https:\/\/www.europesays.com\/fr\/wp-json\/wp\/v2\/types\/post"}],"author":[{"embeddable":true,"href":"https:\/\/www.europesays.com\/fr\/wp-json\/wp\/v2\/users\/2"}],"replies":[{"embeddable":true,"href":"https:\/\/www.europesays.com\/fr\/wp-json\/wp\/v2\/comments?post=369911"}],"version-history":[{"count":0,"href":"https:\/\/www.europesays.com\/fr\/wp-json\/wp\/v2\/posts\/369911\/revisions"}],"wp:featuredmedia":[{"embeddable":true,"href":"https:\/\/www.europesays.com\/fr\/wp-json\/wp\/v2\/media\/369912"}],"wp:attachment":[{"href":"https:\/\/www.europesays.com\/fr\/wp-json\/wp\/v2\/media?parent=369911"}],"wp:term":[{"taxonomy":"category","embeddable":true,"href":"https:\/\/www.europesays.com\/fr\/wp-json\/wp\/v2\/categories?post=369911"},{"taxonomy":"post_tag","embeddable":true,"href":"https:\/\/www.europesays.com\/fr\/wp-json\/wp\/v2\/tags?post=369911"}],"curies":[{"name":"wp","href":"https:\/\/api.w.org\/{rel}","templated":true}]}}