{"id":369913,"date":"2025-09-06T05:44:28","date_gmt":"2025-09-06T05:44:28","guid":{"rendered":"https:\/\/www.europesays.com\/fr\/369913\/"},"modified":"2025-09-06T05:44:28","modified_gmt":"2025-09-06T05:44:28","slug":"mercato-ligue-2-bouchouari-quitte-lasse-direction-la-turquie","status":"publish","type":"post","link":"https:\/\/www.europesays.com\/fr\/369913\/","title":{"rendered":"Mercato &#8211; Ligue 2 : Bouchouari quitte l&rsquo;ASSE, direction la Turquie"},"content":{"rendered":"<p>Apr\u00e8s trois saisons avec le maillot vert, Benjamin Bouchouari quitte l&rsquo;AS Saint-\u00c9tienne. Le milieu de terrain marocain rejoint ce vendredi la Turquie et Trabzonspor.<\/p>\n<p>Alors que le mercato fran\u00e7ais est termin\u00e9 depuis ce lundi, celui-ci reste ouvert dans d&rsquo;autres pays. C&rsquo;est le cas pour la Turquie dont Benjamin Bouchouari (23 ans) va d\u00e9couvrir le championnat. Le milieu de terrain quitte ce vendredi l&rsquo;AS Saint-\u00c9tienne pour s&rsquo;engager avec Trabzonspor, actuel deuxi\u00e8me de S\u00fcper Lig.<\/p>\n<p>Arriv\u00e9 \u00e0 Saint-\u00c9tienne \u00e0 l&rsquo;\u00e9t\u00e9 2022, Benjamin Bouchouari aura disput\u00e9 96 matchs avec l&rsquo;ASSE, inscrivant deux buts. Milieu cr\u00e9atif, l&rsquo;international espoirs marocain n&rsquo;aura pas r\u00e9ussi \u00e0 mat\u00e9rialiser son talent en terme d&rsquo;impact et de statistiques, laissant un go\u00fbt d&rsquo;inachev\u00e9 chez de nombreux supporters.<\/p>\n<p>Touch\u00e9 au dos, Bouchouari n&rsquo;a pas disput\u00e9 la moindre minute cette saison en Ligue 2. Le montant de son transfert est estim\u00e9 \u00e0 quatre millions d&rsquo;euros.<\/p>\n","protected":false},"excerpt":{"rendered":"Apr\u00e8s trois saisons avec le maillot vert, Benjamin Bouchouari quitte l&rsquo;AS Saint-\u00c9tienne. Le milieu de terrain marocain rejoint&hellip;\n","protected":false},"author":2,"featured_media":369914,"comment_status":"","ping_status":"","sticky":false,"template":"","format":"standard","meta":{"footnotes":""},"categories":[9653],"tags":[1111,11,2430,1777,674,1011,27,12,25,4001],"class_list":{"0":"post-369913","1":"post","2":"type-post","3":"status-publish","4":"format-standard","5":"has-post-thumbnail","7":"category-saint-etienne","8":"tag-actu","9":"tag-actualites","10":"tag-auvergne-rhone-alpes","11":"tag-eu","12":"tag-europe","13":"tag-fr","14":"tag-france","15":"tag-news","16":"tag-republique-francaise","17":"tag-saint-etienne"},"share_on_mastodon":{"url":"https:\/\/pubeurope.com\/@fr\/115155767279657782","error":""},"_links":{"self":[{"href":"https:\/\/www.europesays.com\/fr\/wp-json\/wp\/v2\/posts\/369913","targetHints":{"allow":["GET"]}}],"collection":[{"href":"https:\/\/www.europesays.com\/fr\/wp-json\/wp\/v2\/posts"}],"about":[{"href":"https:\/\/www.europesays.com\/fr\/wp-json\/wp\/v2\/types\/post"}],"author":[{"embeddable":true,"href":"https:\/\/www.europesays.com\/fr\/wp-json\/wp\/v2\/users\/2"}],"replies":[{"embeddable":true,"href":"https:\/\/www.europesays.com\/fr\/wp-json\/wp\/v2\/comments?post=369913"}],"version-history":[{"count":0,"href":"https:\/\/www.europesays.com\/fr\/wp-json\/wp\/v2\/posts\/369913\/revisions"}],"wp:featuredmedia":[{"embeddable":true,"href":"https:\/\/www.europesays.com\/fr\/wp-json\/wp\/v2\/media\/369914"}],"wp:attachment":[{"href":"https:\/\/www.europesays.com\/fr\/wp-json\/wp\/v2\/media?parent=369913"}],"wp:term":[{"taxonomy":"category","embeddable":true,"href":"https:\/\/www.europesays.com\/fr\/wp-json\/wp\/v2\/categories?post=369913"},{"taxonomy":"post_tag","embeddable":true,"href":"https:\/\/www.europesays.com\/fr\/wp-json\/wp\/v2\/tags?post=369913"}],"curies":[{"name":"wp","href":"https:\/\/api.w.org\/{rel}","templated":true}]}}