{"id":369915,"date":"2025-09-06T05:46:06","date_gmt":"2025-09-06T05:46:06","guid":{"rendered":"https:\/\/www.europesays.com\/fr\/369915\/"},"modified":"2025-09-06T05:46:06","modified_gmt":"2025-09-06T05:46:06","slug":"quel-est-le-montant-moyen-de-la-taxe-fonciere-pres-de-chez-vous","status":"publish","type":"post","link":"https:\/\/www.europesays.com\/fr\/369915\/","title":{"rendered":"quel est le montant moyen de la taxe fonci\u00e8re pr\u00e8s de chez vous ?"},"content":{"rendered":"<p>L\u2019an dernier, <strong>la taxe fonci\u00e8re a permis de collecter 53,6 Md\u20ac aupr\u00e8s des propri\u00e9taires<\/strong>, en hausse de 5,4 % par rapport \u00e0 2023. Selon la Direction G\u00e9n\u00e9rale des Finances Publiques (DGFIP), la taxe fonci\u00e8re sur le foncier b\u00e2ti a atteint en moyenne <strong>1 072 \u20ac pour une maison en 2024 contre 851 \u20ac pour un appartement<\/strong>. Une fois collect\u00e9, cet imp\u00f4t permet de financer le budget des collectivit\u00e9s locales, principalement les communes.\u00a0<\/p>\n<p>Si l\u2019on rapporte cette somme \u00e0 la surface d\u2019une habitation, <a href=\"https:\/\/www.estrepublicain.fr\/economie\/2025\/09\/02\/taxe-fonciere-2025-decouvrez-les-communes-ou-elle-a-le-plus-augmente-en-lorraine\" target=\"_blank\" rel=\"noopener\">les propri\u00e9taires fran\u00e7ais se sont acquitt\u00e9s en moyenne d\u2019une taxe de 12,5 \u20ac\/m\u00b2<\/a> en 2024. Un montant en hausse dans la quasi-totalit\u00e9 des intercommunalit\u00e9s de France par rapport \u00e0 2023. Mais quels sont les montants moyens pay\u00e9s en Lorraine ?<\/p>\n<p><strong>Moins de 3,5 \u20ac\/m\u00b2 dans 3 intercommunalit\u00e9s lorraines<\/strong><\/p>\n<p>Parmi les 67 intercommunalit\u00e9s que compte la Lorraine, seuls les propri\u00e9taires du <strong>Grand Nancy<\/strong> ont vers\u00e9 un montant moyen au m\u00b2, sup\u00e9rieure \u00e0 la moyenne nationale (15,15 \u20ac\/m\u00b2). On observe \u00e9galement des montants \u00e9lev\u00e9s dans les territoires proches de la fronti\u00e8re luxembourgeoise : <strong>CA Portes de France-Thionville<\/strong> (12,4 \u20ac\/m\u00b2) et <strong>CC Pays Haut Val d&rsquo;Alzette<\/strong> (12,4 \u20ac\/m\u00b2). Metz arrive pour sa part \u00e0 la 4e place de ce classement lorrain (12,08 \u20ac\/m\u00b2).<\/p>\n<p>A l\u2019inverse, <a href=\"https:\/\/www.estrepublicain.fr\/economie\/2025\/08\/25\/calendrier-montant-on-vous-explique-tout-sur-la-taxe-fonciere-2025\" target=\"_blank\" rel=\"noopener\">certaines communaut\u00e9s de communes se d\u00e9marquent au plan national.<\/a> En Moselle et Meurthe-et-Moselle, trois intercommunalit\u00e9s affichent ainsi les montants les plus bas de France au m\u00b2. On retrouve ainsi en haut du podium, la <strong>communaut\u00e9 de communes de<\/strong> <strong>Vezouze en Pi\u00e9mont<\/strong> en Meurthe-et-Moselle (3,44 \u20ac\/m\u00b2), suivie de la<strong> CC du Pays du Sanon<\/strong>, \u00e9galement en Meurthe-et-Moselle (3,46 \u20ac\/m\u00b2) et la <strong>CC du Saulnois<\/strong> en Moselle (3,47 \u20ac\/m\u00b2).<\/p>\n<p>Un montant moyen en baisse dans deux intercommunalit\u00e9s vosgiennes<\/p>\n<p>Si <a href=\"https:\/\/www.estrepublicain.fr\/magazine-immobilier\/2025\/06\/30\/comment-faire-baisser-votre-taxe-fonciere-en-2025\" target=\"_blank\" rel=\"noopener\">les sommes moyennes pay\u00e9es par les propri\u00e9taires sont en hausse<\/a> dans la quasi-totalit\u00e9 des territoires, certaines agglom\u00e9rations ou communaut\u00e9s de communes ont vu ce montant baisser entre 2023 et 2024. En Lorraine, ce cas de figure s&rsquo;applique \u00e0 la <strong>CA de Saint-Di\u00e9-des-Vosges<\/strong> (-7,99 %) et \u00e0 la <strong>CC des Hautes Vosges<\/strong> (-6,49 %).<\/p>\n<p>La DGFIP enregistre a contrario, les plus fortes augmentations dans la <strong>CC Coeur du Pays Haut<\/strong> (+13,72%), la <strong>CA de Longwy<\/strong> (+12,72%) et le <strong>Grand Nancy<\/strong> (+12,16%).<\/p>\n","protected":false},"excerpt":{"rendered":"L\u2019an dernier, la taxe fonci\u00e8re a permis de collecter 53,6 Md\u20ac aupr\u00e8s des propri\u00e9taires, en hausse de 5,4&hellip;\n","protected":false},"author":2,"featured_media":369916,"comment_status":"","ping_status":"","sticky":false,"template":"","format":"standard","meta":{"footnotes":""},"categories":[9635],"tags":[1111,11,12163,33,3602,1707,1704,1706,1705,10174,1777,674,1011,27,775,230,3457,1702,12,3456,25,273],"class_list":{"0":"post-369915","1":"post","2":"type-post","3":"status-publish","4":"format-standard","5":"has-post-thumbnail","7":"category-nancy","8":"tag-actu","9":"tag-actualites","10":"tag-data","11":"tag-economie","12":"tag-edition-bar-le-duc","13":"tag-edition-luneville","14":"tag-edition-nancy-et-agglomeration","15":"tag-edition-pont-a-mousson","16":"tag-edition-toul","17":"tag-edition-verdun","18":"tag-eu","19":"tag-europe","20":"tag-fr","21":"tag-france","22":"tag-grand-est","23":"tag-infographie","24":"tag-meurthe-et-moselle","25":"tag-nancy","26":"tag-news","27":"tag-region-lorraine","28":"tag-republique-francaise","29":"tag-selection-de-la-redaction"},"share_on_mastodon":{"url":"https:\/\/pubeurope.com\/@fr\/115155775295942221","error":""},"_links":{"self":[{"href":"https:\/\/www.europesays.com\/fr\/wp-json\/wp\/v2\/posts\/369915","targetHints":{"allow":["GET"]}}],"collection":[{"href":"https:\/\/www.europesays.com\/fr\/wp-json\/wp\/v2\/posts"}],"about":[{"href":"https:\/\/www.europesays.com\/fr\/wp-json\/wp\/v2\/types\/post"}],"author":[{"embeddable":true,"href":"https:\/\/www.europesays.com\/fr\/wp-json\/wp\/v2\/users\/2"}],"replies":[{"embeddable":true,"href":"https:\/\/www.europesays.com\/fr\/wp-json\/wp\/v2\/comments?post=369915"}],"version-history":[{"count":0,"href":"https:\/\/www.europesays.com\/fr\/wp-json\/wp\/v2\/posts\/369915\/revisions"}],"wp:featuredmedia":[{"embeddable":true,"href":"https:\/\/www.europesays.com\/fr\/wp-json\/wp\/v2\/media\/369916"}],"wp:attachment":[{"href":"https:\/\/www.europesays.com\/fr\/wp-json\/wp\/v2\/media?parent=369915"}],"wp:term":[{"taxonomy":"category","embeddable":true,"href":"https:\/\/www.europesays.com\/fr\/wp-json\/wp\/v2\/categories?post=369915"},{"taxonomy":"post_tag","embeddable":true,"href":"https:\/\/www.europesays.com\/fr\/wp-json\/wp\/v2\/tags?post=369915"}],"curies":[{"name":"wp","href":"https:\/\/api.w.org\/{rel}","templated":true}]}}