{"id":369919,"date":"2025-09-06T05:48:16","date_gmt":"2025-09-06T05:48:16","guid":{"rendered":"https:\/\/www.europesays.com\/fr\/369919\/"},"modified":"2025-09-06T05:48:16","modified_gmt":"2025-09-06T05:48:16","slug":"bozouls-forum-des-associations-au-complexe-cardabelle","status":"publish","type":"post","link":"https:\/\/www.europesays.com\/fr\/369919\/","title":{"rendered":"Bozouls. Forum des associations au complexe Cardabelle"},"content":{"rendered":"<p>Le forum des associations de Bozouls se d\u00e9roulera ce samedi 6 septembre, de 14 h \u00e0 18 h, au complexe Cardabelle, rue \u00c9lie-Pl\u00e9gat. Ce rendez-vous de rentr\u00e9e donnera l\u2019occasion de d\u00e9couvrir la diversit\u00e9 des activit\u00e9s propos\u00e9es et d\u2019\u00e9changer directement avec les associations et clubs mobilis\u00e9s.<\/p>\n<p>Install\u00e9s dans la salle des f\u00eates et le gymnase d\u2019entra\u00eenement, les b\u00e9n\u00e9voles proposeront tout au long de l\u2019apr\u00e8s-midi d\u00e9monstrations, initiations et temps de rencontre. Selon la m\u00e9t\u00e9o, les terrains ext\u00e9rieurs pourront \u00e9galement accueillir certaines animations.<\/p>\n<p>Les b\u00e9n\u00e9voles se sont r\u00e9unis mardi dernier pour finaliser l\u2019organisation de cette journ\u00e9e. Le forum des associations de Bozouls, ouvert \u00e0 tous, permettra \u00e0 chacun de s\u2019informer ou d\u2019envisager une inscription pour la saison \u00e0 venir.<\/p>\n<p>\u00c0 17 h, une remise de r\u00e9compenses sera organis\u00e9e pour mettre \u00e0 l\u2019honneur celles et ceux qui se sont illustr\u00e9s au cours de l\u2019ann\u00e9e, que ce soit par leurs r\u00e9sultats sportifs ou par leur engagement associatif. La journ\u00e9e se conclura par un vin d\u2019honneur.<\/p>\n<p>Bozouls dispose d\u2019une vie associative particuli\u00e8rement riche, avec plus de soixante associations et clubs qui animeront tout au long de l\u2019ann\u00e9e les domaines du sport, de la culture, des loisirs et de la solidarit\u00e9.<\/p>\n","protected":false},"excerpt":{"rendered":"Le forum des associations de Bozouls se d\u00e9roulera ce samedi 6 septembre, de 14 h \u00e0 18 h,&hellip;\n","protected":false},"author":2,"featured_media":369920,"comment_status":"","ping_status":"","sticky":false,"template":"","format":"standard","meta":{"footnotes":""},"categories":[9619],"tags":[1111,11,1777,674,1011,27,12,882,25,2310],"class_list":{"0":"post-369919","1":"post","2":"type-post","3":"status-publish","4":"format-standard","5":"has-post-thumbnail","7":"category-toulon","8":"tag-actu","9":"tag-actualites","10":"tag-eu","11":"tag-europe","12":"tag-fr","13":"tag-france","14":"tag-news","15":"tag-provence-alpes-cote-dazur","16":"tag-republique-francaise","17":"tag-toulon"},"share_on_mastodon":{"url":"https:\/\/pubeurope.com\/@fr\/115155783115128315","error":""},"_links":{"self":[{"href":"https:\/\/www.europesays.com\/fr\/wp-json\/wp\/v2\/posts\/369919","targetHints":{"allow":["GET"]}}],"collection":[{"href":"https:\/\/www.europesays.com\/fr\/wp-json\/wp\/v2\/posts"}],"about":[{"href":"https:\/\/www.europesays.com\/fr\/wp-json\/wp\/v2\/types\/post"}],"author":[{"embeddable":true,"href":"https:\/\/www.europesays.com\/fr\/wp-json\/wp\/v2\/users\/2"}],"replies":[{"embeddable":true,"href":"https:\/\/www.europesays.com\/fr\/wp-json\/wp\/v2\/comments?post=369919"}],"version-history":[{"count":0,"href":"https:\/\/www.europesays.com\/fr\/wp-json\/wp\/v2\/posts\/369919\/revisions"}],"wp:featuredmedia":[{"embeddable":true,"href":"https:\/\/www.europesays.com\/fr\/wp-json\/wp\/v2\/media\/369920"}],"wp:attachment":[{"href":"https:\/\/www.europesays.com\/fr\/wp-json\/wp\/v2\/media?parent=369919"}],"wp:term":[{"taxonomy":"category","embeddable":true,"href":"https:\/\/www.europesays.com\/fr\/wp-json\/wp\/v2\/categories?post=369919"},{"taxonomy":"post_tag","embeddable":true,"href":"https:\/\/www.europesays.com\/fr\/wp-json\/wp\/v2\/tags?post=369919"}],"curies":[{"name":"wp","href":"https:\/\/api.w.org\/{rel}","templated":true}]}}