{"id":369921,"date":"2025-09-06T05:49:21","date_gmt":"2025-09-06T05:49:21","guid":{"rendered":"https:\/\/www.europesays.com\/fr\/369921\/"},"modified":"2025-09-06T05:49:21","modified_gmt":"2025-09-06T05:49:21","slug":"la-composition-de-montpellier-pour-affronter-toulon","status":"publish","type":"post","link":"https:\/\/www.europesays.com\/fr\/369921\/","title":{"rendered":"La composition de Montpellier pour affronter Toulon !"},"content":{"rendered":"<p>Ce samedi \u00e0 19h00, le Rugby Club Toulonnais affrontera le MHR dans le cadre de la premi\u00e8re journ\u00e9e du Top 14 2025\/2026 !<\/p>\n<p>Ce vendredi, le manager de Montpellier, Joan Caudullo a d\u00e9voil\u00e9 la composition d\u2019\u00e9quipe pour cette rencontre face au RCT.<\/p>\n<p>Plusieurs recrues vont honorer leur premi\u00e8re sous le maillot bleu de Montpellier, notamment Tom Banks \u00e0 l\u2019arri\u00e8re, Ali Price \u00e0 la m\u00eal\u00e9e ou encore l\u2019ancien Racingmen Donovan Taofifenua.<\/p>\n<p><strong>Voici la composition de Montpellier pour d\u00e9fier le RCT :<br \/><\/strong><\/p>\n<p>15. Banks<br \/>14. Moustin<br \/>13. Cadot<br \/>12. Anyanwu<br \/>11. Taofifenua<br \/>10. Reus<br \/>9. Price<br \/>8. Nouchi (cap.)<br \/>7. B\u00e9cogn\u00e9e<br \/>6. Camara<br \/>5. Chalureau<br \/>4. Verhaeghe<br \/>3. Haouas<br \/>2. C. Tolofua<br \/>1. Forletta<\/p>\n<p><strong>Les rempla\u00e7ants <\/strong>:<\/p>\n<p>16. Uelese<br \/>17. Abuladze<br \/>18. Duguid<br \/>19. B. Vunipola<br \/>20. Coly<br \/>21. Miotti<br \/>22. A. Vincent<br \/>23. Japaridze<\/p>\n","protected":false},"excerpt":{"rendered":"Ce samedi \u00e0 19h00, le Rugby Club Toulonnais affrontera le MHR dans le cadre de la premi\u00e8re journ\u00e9e&hellip;\n","protected":false},"author":2,"featured_media":325828,"comment_status":"","ping_status":"","sticky":false,"template":"","format":"standard","meta":{"footnotes":""},"categories":[9619],"tags":[1111,11,1777,674,1011,27,12,882,25,2310],"class_list":{"0":"post-369921","1":"post","2":"type-post","3":"status-publish","4":"format-standard","5":"has-post-thumbnail","7":"category-toulon","8":"tag-actu","9":"tag-actualites","10":"tag-eu","11":"tag-europe","12":"tag-fr","13":"tag-france","14":"tag-news","15":"tag-provence-alpes-cote-dazur","16":"tag-republique-francaise","17":"tag-toulon"},"share_on_mastodon":{"url":"https:\/\/pubeurope.com\/@fr\/115155787124114900","error":""},"_links":{"self":[{"href":"https:\/\/www.europesays.com\/fr\/wp-json\/wp\/v2\/posts\/369921","targetHints":{"allow":["GET"]}}],"collection":[{"href":"https:\/\/www.europesays.com\/fr\/wp-json\/wp\/v2\/posts"}],"about":[{"href":"https:\/\/www.europesays.com\/fr\/wp-json\/wp\/v2\/types\/post"}],"author":[{"embeddable":true,"href":"https:\/\/www.europesays.com\/fr\/wp-json\/wp\/v2\/users\/2"}],"replies":[{"embeddable":true,"href":"https:\/\/www.europesays.com\/fr\/wp-json\/wp\/v2\/comments?post=369921"}],"version-history":[{"count":0,"href":"https:\/\/www.europesays.com\/fr\/wp-json\/wp\/v2\/posts\/369921\/revisions"}],"wp:featuredmedia":[{"embeddable":true,"href":"https:\/\/www.europesays.com\/fr\/wp-json\/wp\/v2\/media\/325828"}],"wp:attachment":[{"href":"https:\/\/www.europesays.com\/fr\/wp-json\/wp\/v2\/media?parent=369921"}],"wp:term":[{"taxonomy":"category","embeddable":true,"href":"https:\/\/www.europesays.com\/fr\/wp-json\/wp\/v2\/categories?post=369921"},{"taxonomy":"post_tag","embeddable":true,"href":"https:\/\/www.europesays.com\/fr\/wp-json\/wp\/v2\/tags?post=369921"}],"curies":[{"name":"wp","href":"https:\/\/api.w.org\/{rel}","templated":true}]}}