{"id":369922,"date":"2025-09-06T05:50:11","date_gmt":"2025-09-06T05:50:11","guid":{"rendered":"https:\/\/www.europesays.com\/fr\/369922\/"},"modified":"2025-09-06T05:50:11","modified_gmt":"2025-09-06T05:50:11","slug":"partir-a-la-decouverte-de-sa-nouvelle-passion-dimanche","status":"publish","type":"post","link":"https:\/\/www.europesays.com\/fr\/369922\/","title":{"rendered":"Partir \u00e0 la d\u00e9couverte de sa nouvelle passion dimanche"},"content":{"rendered":"<p>Le 28e Forum des associations de Castelnau-le-Lez aura lieu ce dimanche 7 septembre, de 9 h \u00e0 14 h, au Kiasma, sur les parvis attenants et dans la cour de l\u2019\u00e9cole Mario-Roustan.<\/p>\n<p>Moment-cl\u00e9 de la vie associative locale, ce Forum permet aux associations de pr\u00e9senter leurs activit\u00e9s aux Castelnauviennes et Castelnauviens int\u00e9ress\u00e9s. Culture, sport, loisirs, vie sociale et tant d\u2019autres \u00e0 d\u00e9couvrir : cette 28e \u00e9dition regroupera environ 95 associations. Cet \u00e9v\u00e9nement constitue l\u2019occasion id\u00e9ale, pour les habitants, d\u2019organiser tous leurs loisirs de l\u2019ann\u00e9e, en une demi-journ\u00e9e de rencontres et d\u2019inscriptions.<\/p>\n<p>En venant au forum, il ne faut pas oublier de repartir avec la brochure Castelnau Passion 2025-2026 ! Ce guide recense les associations castelnauviennes et les activit\u00e9s qu\u2019elles proposent. Il permet de les contacter et de les d\u00e9couvrir tout au long de l\u2019ann\u00e9e. Il a \u00e9t\u00e9 r\u00e9alis\u00e9 par la direction de la communication de la Ville. Il pr\u00e9sente cette ann\u00e9e plus de 200 activit\u00e9s et 96 associations en 84 pages. L\u2019\u00e9dition 2025-2026 du Castelnau Passion ouvre grand les portes de ce monde associatif riche et diversifi\u00e9 qui participe au dynamisme de la commune.<\/p>\n<p>Il est \u00e9galement accessible en ligne sur le site Internet <a href=\"http:\/\/www.castelnau-le-lez.fr\" target=\"_blank\" rel=\"nofollow noopener\">www.castelnau-le-lez.fr<\/a><\/p>\n<p>Correspondante Midi Libre : 06 62 55 20 77<\/p>\n","protected":false},"excerpt":{"rendered":"Le 28e Forum des associations de Castelnau-le-Lez aura lieu ce dimanche 7 septembre, de 9 h \u00e0 14&hellip;\n","protected":false},"author":2,"featured_media":369923,"comment_status":"","ping_status":"","sticky":false,"template":"","format":"standard","meta":{"footnotes":""},"categories":[9599],"tags":[1111,11,1777,674,1011,27,2208,12,2680,25],"class_list":{"0":"post-369922","1":"post","2":"type-post","3":"status-publish","4":"format-standard","5":"has-post-thumbnail","7":"category-montpellier","8":"tag-actu","9":"tag-actualites","10":"tag-eu","11":"tag-europe","12":"tag-fr","13":"tag-france","14":"tag-montpellier","15":"tag-news","16":"tag-occitanie","17":"tag-republique-francaise"},"share_on_mastodon":{"url":"https:\/\/pubeurope.com\/@fr\/115155790982082445","error":""},"_links":{"self":[{"href":"https:\/\/www.europesays.com\/fr\/wp-json\/wp\/v2\/posts\/369922","targetHints":{"allow":["GET"]}}],"collection":[{"href":"https:\/\/www.europesays.com\/fr\/wp-json\/wp\/v2\/posts"}],"about":[{"href":"https:\/\/www.europesays.com\/fr\/wp-json\/wp\/v2\/types\/post"}],"author":[{"embeddable":true,"href":"https:\/\/www.europesays.com\/fr\/wp-json\/wp\/v2\/users\/2"}],"replies":[{"embeddable":true,"href":"https:\/\/www.europesays.com\/fr\/wp-json\/wp\/v2\/comments?post=369922"}],"version-history":[{"count":0,"href":"https:\/\/www.europesays.com\/fr\/wp-json\/wp\/v2\/posts\/369922\/revisions"}],"wp:featuredmedia":[{"embeddable":true,"href":"https:\/\/www.europesays.com\/fr\/wp-json\/wp\/v2\/media\/369923"}],"wp:attachment":[{"href":"https:\/\/www.europesays.com\/fr\/wp-json\/wp\/v2\/media?parent=369922"}],"wp:term":[{"taxonomy":"category","embeddable":true,"href":"https:\/\/www.europesays.com\/fr\/wp-json\/wp\/v2\/categories?post=369922"},{"taxonomy":"post_tag","embeddable":true,"href":"https:\/\/www.europesays.com\/fr\/wp-json\/wp\/v2\/tags?post=369922"}],"curies":[{"name":"wp","href":"https:\/\/api.w.org\/{rel}","templated":true}]}}