{"id":369928,"date":"2025-09-06T05:55:09","date_gmt":"2025-09-06T05:55:09","guid":{"rendered":"https:\/\/www.europesays.com\/fr\/369928\/"},"modified":"2025-09-06T05:55:09","modified_gmt":"2025-09-06T05:55:09","slug":"pres-de-grenoble-cette-serie-americaine-a-succes-pourrait-etre-tournee-dans-les-alpes","status":"publish","type":"post","link":"https:\/\/www.europesays.com\/fr\/369928\/","title":{"rendered":"Pr\u00e8s de Grenoble. Cette s\u00e9rie am\u00e9ricaine \u00e0 succ\u00e8s pourrait \u00eatre tourn\u00e9e dans les Alpes"},"content":{"rendered":"<p>            Par<br \/>\n        <strong><br \/>\n            <a href=\"https:\/\/actu.fr\/auteur\/lisa-rodrigues\" title=\"Consulter tous les articles de Lisa Rodrigues\" rel=\"nofollow noopener\" target=\"_blank\">Lisa Rodrigues<\/a><br \/>\n        <\/strong><\/p>\n<p>        Publi\u00e9 le<\/p>\n<p>            6 sept. 2025 \u00e0 7h02        <\/p>\n<p>Du drama et des secrets dans un d\u00e9cor de palace : <strong>la s\u00e9rie \u00ab\u00a0The White Lotus\u00a0\u00bb<\/strong> produite par HBO va entamer prochainement le tournage de sa quatri\u00e8me saison. Selon le m\u00e9dia am\u00e9ricain sp\u00e9cialis\u00e9 <a href=\"https:\/\/deadline.com\/2025\/09\/the-white-lotus-season-4-location-france-hbo-1236507930\/\" rel=\"nofollow noopener\" target=\"_blank\">Deadline<\/a>, les cr\u00e9ateurs du show \u00e0 succ\u00e8s comptent se rendre en France pour le d\u00e9cor de la suite de la s\u00e9rie.<\/p>\n<p class=\" wall-content\">Plusieurs h\u00f4tels de luxe sont \u00e9voqu\u00e9s comme pouvant accueillir les \u00e9quipes du tournage. L\u2019un d\u2019entre eux est situ\u00e9 dans les Alpes, \u00e0 un peu plus d\u2019une heure et demie de <a href=\"https:\/\/actu.fr\/auvergne-rhone-alpes\/grenoble_38185\" rel=\"nofollow noopener\" target=\"_blank\">Grenoble<\/a>.<\/p>\n<p>Une r\u00e9gion habitu\u00e9e aux tournages<\/p>\n<p class=\" wall-content\">Toujours selon Deadline, les pr\u00e9c\u00e9dentes saisons de \u00ab\u00a0The White Lotus\u00a0\u00bb ont toutes \u00e9t\u00e9 tourn\u00e9es au moins en partie dans des \u00e9tablissements Four Seasons. Or, il se trouve que la station de Meg\u00e8ve, en Haute-Savoie, dispose d\u2019un palace de cette cha\u00eene h\u00f4teli\u00e8re de luxe\u2026\u00a0<\/p>\n<p class=\" wall-content\">Ce ne serait pas la premi\u00e8re fois que les massifs alpins accueillent des tournages. En Is\u00e8re, la s\u00e9rie fran\u00e7aise \u00ab\u00a0<a href=\"https:\/\/actu.fr\/auvergne-rhone-alpes\/grenoble_38185\/netflix-cette-serie-inspiree-d-un-drame-pres-de-grenoble-est-top-1-des-tendances_60941952.html\" rel=\"nofollow noopener\" target=\"_blank\">Anthracite<\/a>\u00a0\u00bb diffus\u00e9e sur la plateforme Netflix a pos\u00e9 ses valises \u00e0 une petite heure de Grenoble en 2023.\u00a0<\/p>\n<p>D\u2019autres h\u00f4tels \u00e9voqu\u00e9s<\/p>\n<p class=\" wall-content\">Pour le moment, ni les producteurs ni HBO n\u2019ont annonc\u00e9 officiellement la localisation exacte du tournage de la prochaine saison de \u00ab\u00a0The White Lotus\u00a0\u00bb. <strong>Deux autres h\u00f4tels fran\u00e7ais<\/strong> sont avanc\u00e9s pour accueillir les \u00e9quipes : le Grand-H\u00f4tel du Cap-Ferrat pr\u00e8s de <a href=\"https:\/\/actu.fr\/nice\/\" rel=\"nofollow noopener\" target=\"_blank\">Nice<\/a> ou le Georges V au c\u0153ur de <a href=\"https:\/\/actu.fr\/ile-de-france\/paris_75\" rel=\"nofollow noopener\" target=\"_blank\">Paris<\/a>.<\/p>\n<p class=\" wall-content\">\u00c0 noter que, jusqu\u2019\u00e0 pr\u00e9sent, les pr\u00e9c\u00e9dentes saisons se d\u00e9roulaient toutes dans un h\u00f4tel en bord de mer : d\u2019abord \u00e0 Hawa\u00ef, puis en Italie et enfin en Tha\u00eflande lors de la derni\u00e8re saison.<\/p>\n<p class=\" wall-content\">Personnalisez votre actualit\u00e9 en ajoutant vos villes et m\u00e9dias en favori avec <a href=\"https:\/\/moncompte.actu.fr\" title=\"D\u00e9couvez Mon Actu\" rel=\"nofollow noopener\" data-trk=\"{&quot;cta&quot;:{&quot;action&quot;:&quot;https:\\\/\\\/moncompte.actu.fr&quot;,&quot;category&quot;:&quot;mon compte&quot;,&quot;from&quot;:&quot;article footer&quot;,&quot;name&quot;:&quot;Mon actu&quot;,&quot;type&quot;:&quot;cta&quot;}}\" target=\"_blank\">Mon Actu<\/a>.<\/p>\n","protected":false},"excerpt":{"rendered":"Par Lisa Rodrigues Publi\u00e9 le 6 sept. 2025 \u00e0 7h02 Du drama et des secrets dans un d\u00e9cor&hellip;\n","protected":false},"author":2,"featured_media":369929,"comment_status":"","ping_status":"","sticky":false,"template":"","format":"standard","meta":{"footnotes":""},"categories":[9566],"tags":[1111,11,2430,1777,674,1011,27,2731,1757,1652,12,25,1314,252],"class_list":{"0":"post-369928","1":"post","2":"type-post","3":"status-publish","4":"format-standard","5":"has-post-thumbnail","7":"category-grenoble","8":"tag-actu","9":"tag-actualites","10":"tag-auvergne-rhone-alpes","11":"tag-eu","12":"tag-europe","13":"tag-fr","14":"tag-france","15":"tag-grenoble","16":"tag-insolite","17":"tag-loisirs-culture","18":"tag-news","19":"tag-republique-francaise","20":"tag-series","21":"tag-television"},"share_on_mastodon":{"url":"https:\/\/pubeurope.com\/@fr\/115155810621809299","error":""},"_links":{"self":[{"href":"https:\/\/www.europesays.com\/fr\/wp-json\/wp\/v2\/posts\/369928","targetHints":{"allow":["GET"]}}],"collection":[{"href":"https:\/\/www.europesays.com\/fr\/wp-json\/wp\/v2\/posts"}],"about":[{"href":"https:\/\/www.europesays.com\/fr\/wp-json\/wp\/v2\/types\/post"}],"author":[{"embeddable":true,"href":"https:\/\/www.europesays.com\/fr\/wp-json\/wp\/v2\/users\/2"}],"replies":[{"embeddable":true,"href":"https:\/\/www.europesays.com\/fr\/wp-json\/wp\/v2\/comments?post=369928"}],"version-history":[{"count":0,"href":"https:\/\/www.europesays.com\/fr\/wp-json\/wp\/v2\/posts\/369928\/revisions"}],"wp:featuredmedia":[{"embeddable":true,"href":"https:\/\/www.europesays.com\/fr\/wp-json\/wp\/v2\/media\/369929"}],"wp:attachment":[{"href":"https:\/\/www.europesays.com\/fr\/wp-json\/wp\/v2\/media?parent=369928"}],"wp:term":[{"taxonomy":"category","embeddable":true,"href":"https:\/\/www.europesays.com\/fr\/wp-json\/wp\/v2\/categories?post=369928"},{"taxonomy":"post_tag","embeddable":true,"href":"https:\/\/www.europesays.com\/fr\/wp-json\/wp\/v2\/tags?post=369928"}],"curies":[{"name":"wp","href":"https:\/\/api.w.org\/{rel}","templated":true}]}}