{"id":369930,"date":"2025-09-06T05:56:11","date_gmt":"2025-09-06T05:56:11","guid":{"rendered":"https:\/\/www.europesays.com\/fr\/369930\/"},"modified":"2025-09-06T05:56:11","modified_gmt":"2025-09-06T05:56:11","slug":"ils-divisent-les-prix-pas-trois-la-braderie-solidaire-de-rentree-du-secours-populaire-attire-du-monde-a-grenoble","status":"publish","type":"post","link":"https:\/\/www.europesays.com\/fr\/369930\/","title":{"rendered":"\u00ab\u00a0Ils divisent les prix pas trois\u00a0\u00bb : la braderie solidaire de rentr\u00e9e du Secours populaire attire du monde \u00e0 Grenoble"},"content":{"rendered":"<p>Le Secours populaire organise sa grande braderie solidaire de rentr\u00e9e vendredi 5 et 6 septembre. V\u00eatements, linge de maison, fournitures scolaires&#8230; les familles les plus pr\u00e9caires trouvent ici des produits neufs trois \u00e0 quatre fois moins chers que dans le commerce.<\/p>\n<p>Le rendez-vous \u00e9tait tr\u00e8s attendu par de nombreuses familles\u00a0: <strong>le Secours populaire organise sa grande braderie solidaire de rentr\u00e9e<\/strong> ce vendredi 5 et ce samedi 6 septembre \u00e0 Grenoble. V\u00eatements, linge de maison, fournitures scolaires&#8230; l&rsquo;association propose des articles trois fois moins chers qu&rsquo;en magasin aux familles les plus pr\u00e9caires, pour lesquelles la rentr\u00e9e p\u00e8se particuli\u00e8rement lourd sur le budget.<\/p>\n<p>M\u00e9lissa a quatre enfants, elle ne voulait pas manquer ce rendez-vous. \u00ab\u00a0\u00c7a nous fait acheter des affaires de la rentr\u00e9e \u00e0 moindre co\u00fbt.\u00a0\u00bb Elle a trouv\u00e9 des vestes d&rsquo;hiver, des chaussettes, \u00ab\u00a0et le sac de la rentr\u00e9e\u00a0! Je n&rsquo;avais pas encore pris le sac car justement, j&rsquo;avais vu les annonces pour la braderie donc j&rsquo;avais attendu.\u00a0\u00bb<\/p>\n<p>Un prix symbolique \u00ab\u00a0pour le respect et la dignit\u00e9 des gens\u00a0\u00bb<\/p>\n<p>Avec un panier bien rempli, elle s&rsquo;en sort pour moins de 150 euros. \u00ab\u00a0En magasin, \u00e7a pouvait monter \u00e0 400 euros je crois.\u00a0\u00bb Cette ann\u00e9e, le Secours populaire tient \u00e0 <strong>proposer des affaires de marques<\/strong>, \u00e0 prix tr\u00e8s r\u00e9duits gr\u00e2ce \u00e0 des partenariats. Achraf n&rsquo;aurait pas pu acheter ces v\u00eatements au tarif classique. \u00ab\u00a0Il y a beaucoup de choses, \u00e7a vaut le coup\u00a0! Il y a beaucoup de marques, j&rsquo;ai trouv\u00e9 un pantalon, un sac&#8230; j&rsquo;ai trouv\u00e9 beaucoup de trucs pour moi et ma famille, les enfants des fr\u00e8res et de mes s\u0153urs. Il y a presque tout ce qu&rsquo;il faut pour les enfants.\u00a0\u00bb<\/p>\n<p>M\u00eame si les prix sont imbattables pour permettre au maximum de personnes d&rsquo;en profiter, c&rsquo;est important que les clients passent en caisse explique Nabil Chetouf, secr\u00e9taire g\u00e9n\u00e9ral du Secours populaire fran\u00e7ais de l&rsquo;Is\u00e8re. \u00ab\u00a0\u00c7a peut \u00eatre 5, 10, 20 euros, \u00e7a d\u00e9pend des produits. On ne fait pas de la charit\u00e9 au Secours populaire, on demande une participation symbolique pour le respect et la dignit\u00e9 des gens\u00a0: la personne dit j&rsquo;ai achet\u00e9, vous ne m&rsquo;avez pas donn\u00e9.\u00a0\u00bb<\/p>\n<p>La grande braderie de rentr\u00e9e ouvre de nouveau ses portes ce samedi d\u00e8s 9h au 27 rue des Trembles \u00e0 Grenoble. Elle ferme \u00e0 12h avant de rouvrir \u00e0 13h30, pour que <strong>les 40 b\u00e9n\u00e9voles mobilis\u00e9s<\/strong> aient le temps de renouveler les stocks.<\/p>\n<p><img loading=\"lazy\" decoding=\"async\" class=\"VisualPreview svelte-1rldrkz\" src=\"data:image\/jpeg;base64,\/9j\/2wBDACgcHiMeGSgjISMtKygwPGRBPDc3PHtYXUlkkYCZlo+AjIqgtObDoKrarYqMyP\/L2u71\/\/\/\/m8H\/\/\/\/6\/+b9\/\/j\/2wBDASstLTw1PHZBQXb4pYyl+Pj4+Pj4+Pj4+Pj4+Pj4+Pj4+Pj4+Pj4+Pj4+Pj4+Pj4+Pj4+Pj4+Pj4+Pj4+Pj4+Pj\/wAARCAAfACoDASIAAhEBAxEB\/8QAFgABAQEAAAAAAAAAAAAAAAAAAgED\/8QAGBABAQEBAQAAAAAAAAAAAAAAAAERAhL\/xAAWAQEBAQAAAAAAAAAAAAAAAAACAAH\/xAAWEQEBAQAAAAAAAAAAAAAAAAAAARH\/2gAMAwEAAhEDEQA\/AHQpWjaJQaNJKiHExdTWsaXpNC1NYoejaloXpRUr0PoL0Poh1\/\/Z\" alt=\"Pour cette braderie, le Secours populaire a propos\u00e9 des v\u00eatements de marques, neufs, aux familles les plus pr\u00e9caires.\" width=\"600\" height=\"450\"\/>  Pour cette braderie, le Secours populaire a propos\u00e9 des v\u00eatements de marques, neufs, aux familles les plus pr\u00e9caires. \u00a9 Radio France &#8211; No\u00e9mie Philippot<\/p>\n","protected":false},"excerpt":{"rendered":"Le Secours populaire organise sa grande braderie solidaire de rentr\u00e9e vendredi 5 et 6 septembre. V\u00eatements, linge de&hellip;\n","protected":false},"author":2,"featured_media":369931,"comment_status":"","ping_status":"","sticky":false,"template":"","format":"standard","meta":{"footnotes":""},"categories":[9566],"tags":[1111,11,2430,1777,674,1011,27,2731,12,25],"class_list":{"0":"post-369930","1":"post","2":"type-post","3":"status-publish","4":"format-standard","5":"has-post-thumbnail","7":"category-grenoble","8":"tag-actu","9":"tag-actualites","10":"tag-auvergne-rhone-alpes","11":"tag-eu","12":"tag-europe","13":"tag-fr","14":"tag-france","15":"tag-grenoble","16":"tag-news","17":"tag-republique-francaise"},"share_on_mastodon":{"url":"https:\/\/pubeurope.com\/@fr\/115155814637556218","error":""},"_links":{"self":[{"href":"https:\/\/www.europesays.com\/fr\/wp-json\/wp\/v2\/posts\/369930","targetHints":{"allow":["GET"]}}],"collection":[{"href":"https:\/\/www.europesays.com\/fr\/wp-json\/wp\/v2\/posts"}],"about":[{"href":"https:\/\/www.europesays.com\/fr\/wp-json\/wp\/v2\/types\/post"}],"author":[{"embeddable":true,"href":"https:\/\/www.europesays.com\/fr\/wp-json\/wp\/v2\/users\/2"}],"replies":[{"embeddable":true,"href":"https:\/\/www.europesays.com\/fr\/wp-json\/wp\/v2\/comments?post=369930"}],"version-history":[{"count":0,"href":"https:\/\/www.europesays.com\/fr\/wp-json\/wp\/v2\/posts\/369930\/revisions"}],"wp:featuredmedia":[{"embeddable":true,"href":"https:\/\/www.europesays.com\/fr\/wp-json\/wp\/v2\/media\/369931"}],"wp:attachment":[{"href":"https:\/\/www.europesays.com\/fr\/wp-json\/wp\/v2\/media?parent=369930"}],"wp:term":[{"taxonomy":"category","embeddable":true,"href":"https:\/\/www.europesays.com\/fr\/wp-json\/wp\/v2\/categories?post=369930"},{"taxonomy":"post_tag","embeddable":true,"href":"https:\/\/www.europesays.com\/fr\/wp-json\/wp\/v2\/tags?post=369930"}],"curies":[{"name":"wp","href":"https:\/\/api.w.org\/{rel}","templated":true}]}}