{"id":369932,"date":"2025-09-06T05:57:13","date_gmt":"2025-09-06T05:57:13","guid":{"rendered":"https:\/\/www.europesays.com\/fr\/369932\/"},"modified":"2025-09-06T05:57:13","modified_gmt":"2025-09-06T05:57:13","slug":"petit-a-petit-largent-public-disparait-vent-de-crise-sur-la-culture-a-rennes","status":"publish","type":"post","link":"https:\/\/www.europesays.com\/fr\/369932\/","title":{"rendered":"\u00ab\u00a0Petit \u00e0 petit, l\u2019argent public dispara\u00eet\u00a0\u00bb\u00a0: vent de crise sur la culture \u00e0 Rennes"},"content":{"rendered":"<p>\u00ab C\u2019est avec grand regret que nous avons pris la d\u00e9cision d\u2019annuler la troisi\u00e8me \u00e9dition de notre festival XL\u2019Air. \u00bb L\u2019annonce a \u00e9t\u00e9 publi\u00e9e sur les r\u00e9seaux sociaux le 26 avril. C\u2019est loin d\u2019\u00eatre la seule du genre, ces derniers mois, sur la r\u00e9gion rennaise. \u00ab Apr\u00e8s dix ans d\u2019activit\u00e9, notre association est en danger \u00bb, \u00e9crivait en mai Texture, dont les soir\u00e9es sont pris\u00e9es des fans d\u2019\u00e9lectro. Le festival Quartiers d\u2019\u00e9t\u00e9, lui, a carr\u00e9ment baiss\u00e9 le rideau pour de bon cet \u00e9t\u00e9. Des signaux qui t\u00e9moignent d\u2019une r\u00e9alit\u00e9 : \u00e0 Rennes, comme ailleurs, le monde de la culture est en crise.<\/p>\n<p><a class=\"tlg-kiosque tlg-kiosque-rennes gtm-kiosque-rennes\" href=\"https:\/\/www.lemensuel.com\/rennes\" target=\"_blank\" rel=\"nofollow noopener\"><img decoding=\"async\" src=\"https:\/\/www.europesays.com\/fr\/wp-content\/uploads\/2025\/09\/MDR_une_complete.png\" alt=\"Couverture Mensuel Rennes\"\/><\/p>\n<p>Le Mensuel de Rennes<\/p>\n<p>Magazine curieux et (im)pertinent !<\/p>\n<p>D\u00e9couvrez<\/a><\/p>\n<p>Inflation, baisse de la fr\u00e9quentation, d\u00e9ficits\u2026 Les probl\u00e8mes s\u2019accumulaient d\u00e9j\u00e0 depuis plusieurs ann\u00e9es, suite \u00e0 la crise sanitaire. La situation s\u2019est aggrav\u00e9e le 4 mars, lorsque le D\u00e9partement d\u2019Ille-et-Vilaine a annonc\u00e9 \u00e0 ses quelque 200 structures b\u00e9n\u00e9ficiaires une baisse de plus de la moiti\u00e9 de leurs subventions. \u00ab On a parl\u00e9 avec des \u00e9lus qui nous ont dit que ce n\u2019\u00e9tait m\u00eame pas la peine de demander des aides \u00bb, d\u00e9plore, sous couvert d\u2019anonymat, le responsable d\u2019un \u00e9v\u00e9nement ayant tent\u00e9 de s\u2019implanter \u00e0 Rennes, sans succ\u00e8s.<\/p>\n<p>S\u2019en sortir<\/p>\n<p>Pour survivre \u00e0 la disette, les associations tentent, tant bien que mal, de s\u2019adapter. Chez Court M\u00e9trange, rendez-vous pris\u00e9 des cin\u00e9philes rennais, l\u2019heure est \u00e0 la d\u00e9brouille pour la 21e \u00e9dition pr\u00e9vue en octobre. Cette ann\u00e9e, le petit festival a d\u00fb couper ses d\u00e9penses de 9 000 \u20ac, apr\u00e8s une baisse de 2 000 \u20ac en 2024. Aujourd\u2019hui, les aides per\u00e7ues permettent \u00ab \u00e0 peine de payer les charges annuelles \u00bb, regrette Beno\u00eet Chr\u00e9tien, responsable et dernier salari\u00e9, apr\u00e8s la suppression d\u2019un poste. Pour tenter de s\u2019en sortir, la dur\u00e9e du festival a \u00e9t\u00e9 r\u00e9duite de onze \u00e0 cinq jours. De quoi renforcer la fragilit\u00e9 de l\u2019\u00e9v\u00e9nement, d\u00e9j\u00e0 plomb\u00e9 par un d\u00e9ficit de 20 000 \u20ac, accumul\u00e9 depuis quatre ans.<\/p>\n<p>\u00ab On nous a dit de nous accrocher\u2026 La mairie nous pr\u00eate gratuitement du mat\u00e9riel. Mais ni la Ville ni la R\u00e9gion ne peuvent compenser la perte. \u00bb Une situation qui force l\u2019organisateur \u00e0 s\u2019appuyer sur la vente des billets. \u00ab 2025, c\u2019est l\u2019\u00e9dition de la derni\u00e8re chance\u2026 \u00bb<\/p>\n<p>Au conseil d\u00e9partemental, on rejette la responsabilit\u00e9 sur les \u00e9conomies impos\u00e9es par l\u2019\u00c9tat, accus\u00e9es d\u2019aggraver une \u00ab \u00e9quation d\u00e9j\u00e0 pas facile \u00e0 g\u00e9rer \u00bb. La collectivit\u00e9 a \u00e9t\u00e9 somm\u00e9e de sabrer dans son budget alors que ses recettes ont fondu de 75 millions depuis une dizaine d\u2019ann\u00e9es.<\/p>\n<p>Les d\u00e9penses sociales augmentent<\/p>\n<p>En parall\u00e8le, ses d\u00e9penses sociales, et en premier lieu le RSA, vers\u00e9 par les D\u00e9partements, ne cessent de cro\u00eetre. R\u00e9sultat : en 2025, les \u00e9lus bretilliens ont d\u00fb op\u00e9rer un coup de rabot \u00e0 32 millions d\u2019euros. Le poste de la culture a diminu\u00e9 de moiti\u00e9, passant de six \u00e0 trois millions. \u00ab C\u2019\u00e9tait une d\u00e9cision difficile mais on a pris soin de l\u2019expliquer \u00e0 tous nos partenaires \u00bb, se d\u00e9fend Denez Marchand, vice-pr\u00e9sident \u00e0 la culture. Depuis d\u00e9cembre, il encha\u00eene les r\u00e9unions et visioconf\u00e9rences. \u00ab Je crois pouvoir dire que la mesure a \u00e9t\u00e9 comprise, m\u00eame si cela a \u00e9t\u00e9 douloureux. \u00bb<\/p>\n<p>Du c\u00f4t\u00e9 des intermittents, le son de cloche est diff\u00e9rent. \u00ab Ce qui nous heurte, c\u2019est le choix de baisser les subventions de moiti\u00e9 pour tout le monde alors que les cons\u00e9quences sont plus lourdes pour les petites structures \u00bb, s\u2019offusque Rodrigue Bernard, ing\u00e9nieur du son et membre de la Coordination des intermittents et pr\u00e9caires (CIP) de Bretagne. Denez Marchand le conc\u00e8de : \u00ab On a d\u00fb travailler dans l\u2019urgence. \u00bb<\/p>\n<p>Difficile, justifie-t-il, de \u00ab faire dans la dentelle quand on doit examiner pr\u00e8s de 200 acteurs dans un temps tr\u00e8s court ! \u00bb Mettre davantage \u00e0 contribution les gros acteurs, poursuit-il, aurait pu conduire \u00e0 encore plus de suppressions de postes. Et donc \u00e0 plus de personnes finissant au RSA. Avec, in fine, des charges suppl\u00e9mentaires pour le D\u00e9partement. Un serpent qui se mord la queue.<\/p>\n<p>Culture en lutte<\/p>\n<p>Des suppressions de postes : c\u2019est bien ce qui se profile, redoutent les intermittents. Au TNB par exemple, qui essuie une perte de 190 000 \u20ac, la consigne est claire : \u00ab R\u00e9duire sans renoncer \u00bb, selon son directeur Arthur Nauzyciel. Cette saison, les spectacles resteront plus longtemps \u00e0 l\u2019affiche mais seront moins nombreux. Un cr\u00e8ve-c\u0153ur pour Rodrigue Bernard : \u00ab Il y aura moins de d\u00e9montages et de remontages, donc moins d\u2019embauche\u2026 \u00bb<\/p>\n<p>Alors que l\u2019argent public se rar\u00e9fie, certains cherchent des solutions aupr\u00e8s de fonds priv\u00e9s. Loin des angoisses qui secouent ses homologues, Nad\u00e8ge Courrouss\u00e9, directrice de production du festival du Roi Arthur, annonce ne pas souffrir des coupes budg\u00e9taires. Depuis ses d\u00e9buts, le plus gros festival d\u2019Ille-et-Vilaine s\u2019appuie sur plus de 350 m\u00e9c\u00e8nes qui assurent 18 % de son budget. En comparaison, la contribution du D\u00e9partement ne repr\u00e9sente que 1,7 %..<\/p>\n<p>L\u2019argent priv\u00e9, planche de salut pour les structures ? Pas pour tout le monde selon, Beno\u00eet Chr\u00e9tien, de Court M\u00e9trange. \u00ab J\u2019ai fait des demandes, mais \u00e7a n\u2019a jamais fonctionn\u00e9. Tout le monde donne d\u00e9j\u00e0. \u00bb Pour protester contre les coupes budg\u00e9taires, le collectif Culture en lutte 35 a vu le jour au printemps. \u00ab Il y a un ras-le-bol g\u00e9n\u00e9ral dans le milieu culturel rennais \u00bb, affirme Sophie Vela, l\u2019une des membres actives du groupe. \u00c0 ses yeux, le constat est clair : \u00ab Petit \u00e0 petit, l\u2019argent public dispara\u00eet de la culture, \u00e0 Rennes, comme ailleurs. \u00bb Se dirige-t-on vers un crash annonc\u00e9 ? La graphiste veut garder espoir : \u00ab Rennes est une ville assez engag\u00e9e pour que tout ne s\u2019effondre pas tout de suite. \u00bb<\/p>\n","protected":false},"excerpt":{"rendered":"\u00ab C\u2019est avec grand regret que nous avons pris la d\u00e9cision d\u2019annuler la troisi\u00e8me \u00e9dition de notre festival&hellip;\n","protected":false},"author":2,"featured_media":369933,"comment_status":"","ping_status":"","sticky":false,"template":"","format":"standard","meta":{"footnotes":""},"categories":[2821],"tags":[1111,11,829,1777,674,1011,27,848,12,584,25],"class_list":{"0":"post-369932","1":"post","2":"type-post","3":"status-publish","4":"format-standard","5":"has-post-thumbnail","7":"category-rennes","8":"tag-actu","9":"tag-actualites","10":"tag-bretagne","11":"tag-eu","12":"tag-europe","13":"tag-fr","14":"tag-france","15":"tag-ille-et-vilaine","16":"tag-news","17":"tag-rennes","18":"tag-republique-francaise"},"share_on_mastodon":{"url":"https:\/\/pubeurope.com\/@fr\/115155818997240649","error":""},"_links":{"self":[{"href":"https:\/\/www.europesays.com\/fr\/wp-json\/wp\/v2\/posts\/369932","targetHints":{"allow":["GET"]}}],"collection":[{"href":"https:\/\/www.europesays.com\/fr\/wp-json\/wp\/v2\/posts"}],"about":[{"href":"https:\/\/www.europesays.com\/fr\/wp-json\/wp\/v2\/types\/post"}],"author":[{"embeddable":true,"href":"https:\/\/www.europesays.com\/fr\/wp-json\/wp\/v2\/users\/2"}],"replies":[{"embeddable":true,"href":"https:\/\/www.europesays.com\/fr\/wp-json\/wp\/v2\/comments?post=369932"}],"version-history":[{"count":0,"href":"https:\/\/www.europesays.com\/fr\/wp-json\/wp\/v2\/posts\/369932\/revisions"}],"wp:featuredmedia":[{"embeddable":true,"href":"https:\/\/www.europesays.com\/fr\/wp-json\/wp\/v2\/media\/369933"}],"wp:attachment":[{"href":"https:\/\/www.europesays.com\/fr\/wp-json\/wp\/v2\/media?parent=369932"}],"wp:term":[{"taxonomy":"category","embeddable":true,"href":"https:\/\/www.europesays.com\/fr\/wp-json\/wp\/v2\/categories?post=369932"},{"taxonomy":"post_tag","embeddable":true,"href":"https:\/\/www.europesays.com\/fr\/wp-json\/wp\/v2\/tags?post=369932"}],"curies":[{"name":"wp","href":"https:\/\/api.w.org\/{rel}","templated":true}]}}