{"id":369938,"date":"2025-09-06T06:00:18","date_gmt":"2025-09-06T06:00:18","guid":{"rendered":"https:\/\/www.europesays.com\/fr\/369938\/"},"modified":"2025-09-06T06:00:18","modified_gmt":"2025-09-06T06:00:18","slug":"levez-la-tete-on-a-cinq-oiseaux-a-vous-faire-decouvrir","status":"publish","type":"post","link":"https:\/\/www.europesays.com\/fr\/369938\/","title":{"rendered":"levez la t\u00eate, on a cinq oiseaux \u00e0 vous faire d\u00e9couvrir"},"content":{"rendered":"<p class=\"Theme-Layer-BodyText-Dropcap Theme-TextSize-default\" data-pm-slice=\"1 1 []\">Notre s\u00e9rie baptis\u00e9e \u00ab\u00a0Dans le ciel de Strasbourg\u00a0\u00bb, parue dans les colonnes des Derni\u00e8res Nouvelles d&rsquo;Alsace cet \u00e9t\u00e9, se propose de lever le voile sur les oiseaux qui partagent nos toits, nos rivi\u00e8res, nos friches. L\u2019occasion de lever la t\u00eate, pour red\u00e9couvrir ce qui vole et ce qui vit, mais aussi de parler de notre impact sur leur quotidien et sur la survie de ces esp\u00e8ces, comme beaucoup d&rsquo;autres menac\u00e9es dans un contexte de changement climatique et de pression toujours forte des hommes sur les milieux naturels.<\/p>\n","protected":false},"excerpt":{"rendered":"Notre s\u00e9rie baptis\u00e9e \u00ab\u00a0Dans le ciel de Strasbourg\u00a0\u00bb, parue dans les colonnes des Derni\u00e8res Nouvelles d&rsquo;Alsace cet \u00e9t\u00e9,&hellip;\n","protected":false},"author":2,"featured_media":369939,"comment_status":"","ping_status":"","sticky":false,"template":"","format":"standard","meta":{"footnotes":""},"categories":[2820],"tags":[1111,11,2389,1867,2649,2880,436,1777,674,107,1011,27,775,3035,20881,12,25,7769,7770,104,640,3265,3089,2879],"class_list":{"0":"post-369938","1":"post","2":"type-post","3":"status-publish","4":"format-standard","5":"has-post-thumbnail","7":"category-strasbourg","8":"tag-actu","9":"tag-actualites","10":"tag-alsace","11":"tag-animaux","12":"tag-bas-rhin","13":"tag-edition-strasbourg","14":"tag-environnement","15":"tag-eu","16":"tag-europe","17":"tag-fil-info","18":"tag-fr","19":"tag-france","20":"tag-grand-est","21":"tag-la-matinale-strasbourg","22":"tag-long-format","23":"tag-news","24":"tag-republique-francaise","25":"tag-secteur-de-brumath","26":"tag-secteur-de-truchtersheim","27":"tag-societe","28":"tag-strasbourg","29":"tag-strasbourg-nord","30":"tag-strasbourg-sud","31":"tag-strasbourg-ville"},"share_on_mastodon":{"url":"https:\/\/pubeurope.com\/@fr\/115155830459179572","error":""},"_links":{"self":[{"href":"https:\/\/www.europesays.com\/fr\/wp-json\/wp\/v2\/posts\/369938","targetHints":{"allow":["GET"]}}],"collection":[{"href":"https:\/\/www.europesays.com\/fr\/wp-json\/wp\/v2\/posts"}],"about":[{"href":"https:\/\/www.europesays.com\/fr\/wp-json\/wp\/v2\/types\/post"}],"author":[{"embeddable":true,"href":"https:\/\/www.europesays.com\/fr\/wp-json\/wp\/v2\/users\/2"}],"replies":[{"embeddable":true,"href":"https:\/\/www.europesays.com\/fr\/wp-json\/wp\/v2\/comments?post=369938"}],"version-history":[{"count":0,"href":"https:\/\/www.europesays.com\/fr\/wp-json\/wp\/v2\/posts\/369938\/revisions"}],"wp:featuredmedia":[{"embeddable":true,"href":"https:\/\/www.europesays.com\/fr\/wp-json\/wp\/v2\/media\/369939"}],"wp:attachment":[{"href":"https:\/\/www.europesays.com\/fr\/wp-json\/wp\/v2\/media?parent=369938"}],"wp:term":[{"taxonomy":"category","embeddable":true,"href":"https:\/\/www.europesays.com\/fr\/wp-json\/wp\/v2\/categories?post=369938"},{"taxonomy":"post_tag","embeddable":true,"href":"https:\/\/www.europesays.com\/fr\/wp-json\/wp\/v2\/tags?post=369938"}],"curies":[{"name":"wp","href":"https:\/\/api.w.org\/{rel}","templated":true}]}}